{"id":7341,"date":"2022-03-07T10:33:16","date_gmt":"2022-03-07T10:33:16","guid":{"rendered":"https:\/\/www.vertigomotors.com\/?p=7341"},"modified":"2022-04-19T13:01:17","modified_gmt":"2022-04-19T13:01:17","slug":"vertigo-day-2022-20-de-marzo-en-noassar","status":"publish","type":"post","link":"https:\/\/www.vertigomotors.com\/es\/vertigo-day-2022-20-de-marzo-en-noassar\/","title":{"rendered":"VERTIGO DAY 2022, 20 DE MARZO EN NOASSAR"},"content":{"rendered":"\n\n[et_pb_section admin_label=\u00bbsection\u00bb]\n\t\t\t[et_pb_row admin_label=\u00bbrow\u00bb]\n\t\t\t\t[et_pb_column type=\u00bb4_4&#8243;][et_pb_text admin_label=\u00bbText\u00bb]<!-- divi:paragraph -->\n<p>Vertigo celebrar\u00e1 una nueva edici\u00f3n de su popular Vertigo Day el pr\u00f3ximo 20 de marzo de 2022 en Noassar Park, Camprodon. La jornada constar\u00e1 de un trial exclusivo para pilotos y clientes&nbsp;Vertigo, que podr\u00e1n disfrutar de una ma\u00f1ana fant\u00e1stica recorriendo y superando zonas aptas para todos los niveles en el para\u00edso que constituye el \u00e1rea de Noassar, la que fuera sede del Mundial de TrialGP en 2017 y 2018 y que&nbsp;actualmente ejerce de epicentro de los 2 Dies de Camprodon.<\/p>\n<!-- \/divi:paragraph -->\n<!-- divi:paragraph -->\n<p>Antes de dar comienzo al trial habr\u00e1 \u00abbutifarrada\u00bb para todos los asistentes, que adem\u00e1s recibir\u00e1n una bolsa con obsequios de los colaboradores de la marca. Los pilotos Factory\u00a0Jaime Busto, Yohito Takeda, Pau Mart\u00ednez, Hugo Dufrese, Mattia Spreafico, Emile Mattheeuws o Leo Guiraud  tambi\u00e9n formar\u00e1n parte de esta gran\u00a0fiesta de la familia Vertigo.\u00a0El evento es gratuito y requiere inscripci\u00f3n previa obligatoria para poder participar.<\/p>\n<!-- \/divi:paragraph -->\n<!-- divi:paragraph -->\n<p>Todos los interesados deben&nbsp;formalizar su registro mandando un correo electr\u00f3nico a la siguiente direcci\u00f3n:&nbsp;<a href=\"mailto:carreras@vertigomotors.com\" target=\"_blank\" rel=\"noreferrer noopener\"><strong>carreras@vertigomotors.com<\/strong><\/a><\/p>\n<!-- \/divi:paragraph -->[\/et_pb_text][\/et_pb_column]\n\t\t\t[\/et_pb_row]\n\t\t[\/et_pb_section]\n\n","protected":false},"excerpt":{"rendered":"<p>Vertigo celebrar\u00e1 una nueva edici\u00f3n de su popular Vertigo Day el pr\u00f3ximo 20 de marzo de 2022 en Noassar Park, Camprodon. La jornada constar\u00e1 de un trial exclusivo para pilotos y clientes&nbsp;Vertigo, que podr\u00e1n disfrutar de una ma\u00f1ana fant\u00e1stica recorriendo y superando zonas aptas para todos los niveles en el para\u00edso que constituye el \u00e1rea [&hellip;]<\/p>\n","protected":false},"author":1,"featured_media":8964,"comment_status":"open","ping_status":"open","sticky":false,"template":"","format":"standard","meta":{"_et_pb_use_builder":"on","_et_pb_old_content":"<!-- wp:paragraph -->\n<p>Vertigo celebrar\u00e1 una nueva edici\u00f3n de su popular Vertigo Day el pr\u00f3ximo 20 de marzo de 2022 en Noassar Park, Camprodon. La jornada constar\u00e1 de un trial exclusivo para pilotos y clientes&nbsp;Vertigo, que podr\u00e1n disfrutar de una ma\u00f1ana fant\u00e1stica recorriendo y superando zonas aptas para todos los niveles en el para\u00edso que constituye el \u00e1rea de Noassar, la que fuera sede del Mundial de TrialGP en 2017 y 2018 y que&nbsp;actualmente ejerce de epicentro de los 2 Dies de Camprodon.<\/p>\n<!-- \/wp:paragraph -->\n<!-- wp:paragraph -->\n<p>Antes de dar comienzo al trial habr\u00e1 \"butifarrada\" para todos los asistentes, que adem\u00e1s recibir\u00e1n una bolsa con obsequios de los colaboradores de la marca. Los pilotos Factory\u00a0Jaime Busto, Yohito Takeda, Pau Mart\u00ednez, Hugo Dufrese, Mattia Spreafico, Emile Mattheeuws o Leo Guiraud  tambi\u00e9n formar\u00e1n parte de esta gran\u00a0fiesta de la familia Vertigo.\u00a0El evento es gratuito y requiere inscripci\u00f3n previa obligatoria para poder participar.<\/p>\n<!-- \/wp:paragraph -->\n<!-- wp:paragraph -->\n<p>Todos los interesados deben&nbsp;formalizar su registro mandando un correo electr\u00f3nico a la siguiente direcci\u00f3n:&nbsp;<a href=\"mailto:carreras@vertigomotors.com\" target=\"_blank\" rel=\"noreferrer noopener\"><strong>carreras@vertigomotors.com<\/strong><\/a><\/p>\n<!-- \/wp:paragraph -->","_et_gb_content_width":"","inline_featured_image":false,"footnotes":""},"categories":[105],"tags":[],"class_list":["post-7341","post","type-post","status-publish","format-standard","has-post-thumbnail","hentry","category-corporativo"],"yoast_head":"<!-- This site is optimized with the Yoast SEO plugin v27.5 - https:\/\/yoast.com\/product\/yoast-seo-wordpress\/ -->\n<title>VERTIGO DAY 2022, 20 DE MARZO EN NOASSAR | Vertigo Motors<\/title>\n<meta name=\"robots\" content=\"index, follow, max-snippet:-1, max-image-preview:large, max-video-preview:-1\" \/>\n<link rel=\"canonical\" href=\"https:\/\/www.vertigomotors.com\/es\/vertigo-day-2022-20-de-marzo-en-noassar\/\" \/>\n<meta property=\"og:locale\" content=\"es_ES\" \/>\n<meta property=\"og:type\" content=\"article\" \/>\n<meta property=\"og:title\" content=\"VERTIGO DAY 2022, 20 DE MARZO EN NOASSAR | Vertigo Motors\" \/>\n<meta property=\"og:description\" content=\"Vertigo celebrar\u00e1 una nueva edici\u00f3n de su popular Vertigo Day el pr\u00f3ximo 20 de marzo de 2022 en Noassar Park, Camprodon. La jornada constar\u00e1 de un trial exclusivo para pilotos y clientes&nbsp;Vertigo, que podr\u00e1n disfrutar de una ma\u00f1ana fant\u00e1stica recorriendo y superando zonas aptas para todos los niveles en el para\u00edso que constituye el \u00e1rea [&hellip;]\" \/>\n<meta property=\"og:url\" content=\"https:\/\/www.vertigomotors.com\/es\/vertigo-day-2022-20-de-marzo-en-noassar\/\" \/>\n<meta property=\"og:site_name\" content=\"Vertigo Motors\" \/>\n<meta property=\"article:published_time\" content=\"2022-03-07T10:33:16+00:00\" \/>\n<meta property=\"article:modified_time\" content=\"2022-04-19T13:01:17+00:00\" \/>\n<meta property=\"og:image\" content=\"https:\/\/www.vertigomotors.com\/wp-content\/uploads\/2022\/03\/vertigoday.jpg\" \/>\n\t<meta property=\"og:image:width\" content=\"1200\" \/>\n\t<meta property=\"og:image:height\" content=\"800\" \/>\n\t<meta property=\"og:image:type\" content=\"image\/jpeg\" \/>\n<meta name=\"author\" content=\"c473e4912d\" \/>\n<meta name=\"twitter:card\" content=\"summary_large_image\" \/>\n<meta name=\"twitter:label1\" content=\"Escrito por\" \/>\n\t<meta name=\"twitter:data1\" content=\"c473e4912d\" \/>\n\t<meta name=\"twitter:label2\" content=\"Tiempo de lectura\" \/>\n\t<meta name=\"twitter:data2\" content=\"1 minuto\" \/>\n<script type=\"application\/ld+json\" class=\"yoast-schema-graph\">{\"@context\":\"https:\\\/\\\/schema.org\",\"@graph\":[{\"@type\":\"Article\",\"@id\":\"https:\\\/\\\/www.vertigomotors.com\\\/es\\\/vertigo-day-2022-20-de-marzo-en-noassar\\\/#article\",\"isPartOf\":{\"@id\":\"https:\\\/\\\/www.vertigomotors.com\\\/es\\\/vertigo-day-2022-20-de-marzo-en-noassar\\\/\"},\"author\":{\"name\":\"c473e4912d\",\"@id\":\"https:\\\/\\\/www.vertigomotors.com\\\/es\\\/#\\\/schema\\\/person\\\/b719de825398bef0a97e1636813c1f7f\"},\"headline\":\"VERTIGO DAY 2022, 20 DE MARZO EN NOASSAR\",\"datePublished\":\"2022-03-07T10:33:16+00:00\",\"dateModified\":\"2022-04-19T13:01:17+00:00\",\"mainEntityOfPage\":{\"@id\":\"https:\\\/\\\/www.vertigomotors.com\\\/es\\\/vertigo-day-2022-20-de-marzo-en-noassar\\\/\"},\"wordCount\":219,\"commentCount\":0,\"image\":{\"@id\":\"https:\\\/\\\/www.vertigomotors.com\\\/es\\\/vertigo-day-2022-20-de-marzo-en-noassar\\\/#primaryimage\"},\"thumbnailUrl\":\"https:\\\/\\\/www.vertigomotors.com\\\/wp-content\\\/uploads\\\/2022\\\/03\\\/vertigoday.jpg\",\"articleSection\":[\"Corporativo\"],\"inLanguage\":\"es\",\"potentialAction\":[{\"@type\":\"CommentAction\",\"name\":\"Comment\",\"target\":[\"https:\\\/\\\/www.vertigomotors.com\\\/es\\\/vertigo-day-2022-20-de-marzo-en-noassar\\\/#respond\"]}]},{\"@type\":\"WebPage\",\"@id\":\"https:\\\/\\\/www.vertigomotors.com\\\/es\\\/vertigo-day-2022-20-de-marzo-en-noassar\\\/\",\"url\":\"https:\\\/\\\/www.vertigomotors.com\\\/es\\\/vertigo-day-2022-20-de-marzo-en-noassar\\\/\",\"name\":\"VERTIGO DAY 2022, 20 DE MARZO EN NOASSAR | Vertigo Motors\",\"isPartOf\":{\"@id\":\"https:\\\/\\\/www.vertigomotors.com\\\/es\\\/#website\"},\"primaryImageOfPage\":{\"@id\":\"https:\\\/\\\/www.vertigomotors.com\\\/es\\\/vertigo-day-2022-20-de-marzo-en-noassar\\\/#primaryimage\"},\"image\":{\"@id\":\"https:\\\/\\\/www.vertigomotors.com\\\/es\\\/vertigo-day-2022-20-de-marzo-en-noassar\\\/#primaryimage\"},\"thumbnailUrl\":\"https:\\\/\\\/www.vertigomotors.com\\\/wp-content\\\/uploads\\\/2022\\\/03\\\/vertigoday.jpg\",\"datePublished\":\"2022-03-07T10:33:16+00:00\",\"dateModified\":\"2022-04-19T13:01:17+00:00\",\"author\":{\"@id\":\"https:\\\/\\\/www.vertigomotors.com\\\/es\\\/#\\\/schema\\\/person\\\/b719de825398bef0a97e1636813c1f7f\"},\"breadcrumb\":{\"@id\":\"https:\\\/\\\/www.vertigomotors.com\\\/es\\\/vertigo-day-2022-20-de-marzo-en-noassar\\\/#breadcrumb\"},\"inLanguage\":\"es\",\"potentialAction\":[{\"@type\":\"ReadAction\",\"target\":[\"https:\\\/\\\/www.vertigomotors.com\\\/es\\\/vertigo-day-2022-20-de-marzo-en-noassar\\\/\"]}]},{\"@type\":\"ImageObject\",\"inLanguage\":\"es\",\"@id\":\"https:\\\/\\\/www.vertigomotors.com\\\/es\\\/vertigo-day-2022-20-de-marzo-en-noassar\\\/#primaryimage\",\"url\":\"https:\\\/\\\/www.vertigomotors.com\\\/wp-content\\\/uploads\\\/2022\\\/03\\\/vertigoday.jpg\",\"contentUrl\":\"https:\\\/\\\/www.vertigomotors.com\\\/wp-content\\\/uploads\\\/2022\\\/03\\\/vertigoday.jpg\",\"width\":1200,\"height\":800},{\"@type\":\"BreadcrumbList\",\"@id\":\"https:\\\/\\\/www.vertigomotors.com\\\/es\\\/vertigo-day-2022-20-de-marzo-en-noassar\\\/#breadcrumb\",\"itemListElement\":[{\"@type\":\"ListItem\",\"position\":1,\"name\":\"Inicio\",\"item\":\"https:\\\/\\\/www.vertigomotors.com\\\/es\\\/\"},{\"@type\":\"ListItem\",\"position\":2,\"name\":\"VERTIGO DAY 2022, 20 DE MARZO EN NOASSAR\"}]},{\"@type\":\"WebSite\",\"@id\":\"https:\\\/\\\/www.vertigomotors.com\\\/es\\\/#website\",\"url\":\"https:\\\/\\\/www.vertigomotors.com\\\/es\\\/\",\"name\":\"Vertigo Motors\",\"description\":\"Vertigo Motors\",\"potentialAction\":[{\"@type\":\"SearchAction\",\"target\":{\"@type\":\"EntryPoint\",\"urlTemplate\":\"https:\\\/\\\/www.vertigomotors.com\\\/es\\\/?s={search_term_string}\"},\"query-input\":{\"@type\":\"PropertyValueSpecification\",\"valueRequired\":true,\"valueName\":\"search_term_string\"}}],\"inLanguage\":\"es\"},{\"@type\":\"Person\",\"@id\":\"https:\\\/\\\/www.vertigomotors.com\\\/es\\\/#\\\/schema\\\/person\\\/b719de825398bef0a97e1636813c1f7f\",\"name\":\"c473e4912d\",\"image\":{\"@type\":\"ImageObject\",\"inLanguage\":\"es\",\"@id\":\"https:\\\/\\\/secure.gravatar.com\\\/avatar\\\/5831aec57a392b620b66f2513e656e857a96f1a327a784c56c0b7eefc4468245?s=96&d=mm&r=g\",\"url\":\"https:\\\/\\\/secure.gravatar.com\\\/avatar\\\/5831aec57a392b620b66f2513e656e857a96f1a327a784c56c0b7eefc4468245?s=96&d=mm&r=g\",\"contentUrl\":\"https:\\\/\\\/secure.gravatar.com\\\/avatar\\\/5831aec57a392b620b66f2513e656e857a96f1a327a784c56c0b7eefc4468245?s=96&d=mm&r=g\",\"caption\":\"c473e4912d\"},\"sameAs\":[\"https:\\\/\\\/www.vertigomotors.com\"],\"url\":\"https:\\\/\\\/www.vertigomotors.com\\\/es\\\/author\\\/c473e4912d\\\/\"}]}<\/script>\n<!-- \/ Yoast SEO plugin. -->","yoast_head_json":{"title":"VERTIGO DAY 2022, 20 DE MARZO EN NOASSAR | Vertigo Motors","robots":{"index":"index","follow":"follow","max-snippet":"max-snippet:-1","max-image-preview":"max-image-preview:large","max-video-preview":"max-video-preview:-1"},"canonical":"https:\/\/www.vertigomotors.com\/es\/vertigo-day-2022-20-de-marzo-en-noassar\/","og_locale":"es_ES","og_type":"article","og_title":"VERTIGO DAY 2022, 20 DE MARZO EN NOASSAR | Vertigo Motors","og_description":"Vertigo celebrar\u00e1 una nueva edici\u00f3n de su popular Vertigo Day el pr\u00f3ximo 20 de marzo de 2022 en Noassar Park, Camprodon. La jornada constar\u00e1 de un trial exclusivo para pilotos y clientes&nbsp;Vertigo, que podr\u00e1n disfrutar de una ma\u00f1ana fant\u00e1stica recorriendo y superando zonas aptas para todos los niveles en el para\u00edso que constituye el \u00e1rea [&hellip;]","og_url":"https:\/\/www.vertigomotors.com\/es\/vertigo-day-2022-20-de-marzo-en-noassar\/","og_site_name":"Vertigo Motors","article_published_time":"2022-03-07T10:33:16+00:00","article_modified_time":"2022-04-19T13:01:17+00:00","og_image":[{"width":1200,"height":800,"url":"https:\/\/www.vertigomotors.com\/wp-content\/uploads\/2022\/03\/vertigoday.jpg","type":"image\/jpeg"}],"author":"c473e4912d","twitter_card":"summary_large_image","twitter_misc":{"Escrito por":"c473e4912d","Tiempo de lectura":"1 minuto"},"schema":{"@context":"https:\/\/schema.org","@graph":[{"@type":"Article","@id":"https:\/\/www.vertigomotors.com\/es\/vertigo-day-2022-20-de-marzo-en-noassar\/#article","isPartOf":{"@id":"https:\/\/www.vertigomotors.com\/es\/vertigo-day-2022-20-de-marzo-en-noassar\/"},"author":{"name":"c473e4912d","@id":"https:\/\/www.vertigomotors.com\/es\/#\/schema\/person\/b719de825398bef0a97e1636813c1f7f"},"headline":"VERTIGO DAY 2022, 20 DE MARZO EN NOASSAR","datePublished":"2022-03-07T10:33:16+00:00","dateModified":"2022-04-19T13:01:17+00:00","mainEntityOfPage":{"@id":"https:\/\/www.vertigomotors.com\/es\/vertigo-day-2022-20-de-marzo-en-noassar\/"},"wordCount":219,"commentCount":0,"image":{"@id":"https:\/\/www.vertigomotors.com\/es\/vertigo-day-2022-20-de-marzo-en-noassar\/#primaryimage"},"thumbnailUrl":"https:\/\/www.vertigomotors.com\/wp-content\/uploads\/2022\/03\/vertigoday.jpg","articleSection":["Corporativo"],"inLanguage":"es","potentialAction":[{"@type":"CommentAction","name":"Comment","target":["https:\/\/www.vertigomotors.com\/es\/vertigo-day-2022-20-de-marzo-en-noassar\/#respond"]}]},{"@type":"WebPage","@id":"https:\/\/www.vertigomotors.com\/es\/vertigo-day-2022-20-de-marzo-en-noassar\/","url":"https:\/\/www.vertigomotors.com\/es\/vertigo-day-2022-20-de-marzo-en-noassar\/","name":"VERTIGO DAY 2022, 20 DE MARZO EN NOASSAR | Vertigo Motors","isPartOf":{"@id":"https:\/\/www.vertigomotors.com\/es\/#website"},"primaryImageOfPage":{"@id":"https:\/\/www.vertigomotors.com\/es\/vertigo-day-2022-20-de-marzo-en-noassar\/#primaryimage"},"image":{"@id":"https:\/\/www.vertigomotors.com\/es\/vertigo-day-2022-20-de-marzo-en-noassar\/#primaryimage"},"thumbnailUrl":"https:\/\/www.vertigomotors.com\/wp-content\/uploads\/2022\/03\/vertigoday.jpg","datePublished":"2022-03-07T10:33:16+00:00","dateModified":"2022-04-19T13:01:17+00:00","author":{"@id":"https:\/\/www.vertigomotors.com\/es\/#\/schema\/person\/b719de825398bef0a97e1636813c1f7f"},"breadcrumb":{"@id":"https:\/\/www.vertigomotors.com\/es\/vertigo-day-2022-20-de-marzo-en-noassar\/#breadcrumb"},"inLanguage":"es","potentialAction":[{"@type":"ReadAction","target":["https:\/\/www.vertigomotors.com\/es\/vertigo-day-2022-20-de-marzo-en-noassar\/"]}]},{"@type":"ImageObject","inLanguage":"es","@id":"https:\/\/www.vertigomotors.com\/es\/vertigo-day-2022-20-de-marzo-en-noassar\/#primaryimage","url":"https:\/\/www.vertigomotors.com\/wp-content\/uploads\/2022\/03\/vertigoday.jpg","contentUrl":"https:\/\/www.vertigomotors.com\/wp-content\/uploads\/2022\/03\/vertigoday.jpg","width":1200,"height":800},{"@type":"BreadcrumbList","@id":"https:\/\/www.vertigomotors.com\/es\/vertigo-day-2022-20-de-marzo-en-noassar\/#breadcrumb","itemListElement":[{"@type":"ListItem","position":1,"name":"Inicio","item":"https:\/\/www.vertigomotors.com\/es\/"},{"@type":"ListItem","position":2,"name":"VERTIGO DAY 2022, 20 DE MARZO EN NOASSAR"}]},{"@type":"WebSite","@id":"https:\/\/www.vertigomotors.com\/es\/#website","url":"https:\/\/www.vertigomotors.com\/es\/","name":"Vertigo Motors","description":"Vertigo Motors","potentialAction":[{"@type":"SearchAction","target":{"@type":"EntryPoint","urlTemplate":"https:\/\/www.vertigomotors.com\/es\/?s={search_term_string}"},"query-input":{"@type":"PropertyValueSpecification","valueRequired":true,"valueName":"search_term_string"}}],"inLanguage":"es"},{"@type":"Person","@id":"https:\/\/www.vertigomotors.com\/es\/#\/schema\/person\/b719de825398bef0a97e1636813c1f7f","name":"c473e4912d","image":{"@type":"ImageObject","inLanguage":"es","@id":"https:\/\/secure.gravatar.com\/avatar\/5831aec57a392b620b66f2513e656e857a96f1a327a784c56c0b7eefc4468245?s=96&d=mm&r=g","url":"https:\/\/secure.gravatar.com\/avatar\/5831aec57a392b620b66f2513e656e857a96f1a327a784c56c0b7eefc4468245?s=96&d=mm&r=g","contentUrl":"https:\/\/secure.gravatar.com\/avatar\/5831aec57a392b620b66f2513e656e857a96f1a327a784c56c0b7eefc4468245?s=96&d=mm&r=g","caption":"c473e4912d"},"sameAs":["https:\/\/www.vertigomotors.com"],"url":"https:\/\/www.vertigomotors.com\/es\/author\/c473e4912d\/"}]}},"_links":{"self":[{"href":"https:\/\/www.vertigomotors.com\/es\/wp-json\/wp\/v2\/posts\/7341","targetHints":{"allow":["GET"]}}],"collection":[{"href":"https:\/\/www.vertigomotors.com\/es\/wp-json\/wp\/v2\/posts"}],"about":[{"href":"https:\/\/www.vertigomotors.com\/es\/wp-json\/wp\/v2\/types\/post"}],"author":[{"embeddable":true,"href":"https:\/\/www.vertigomotors.com\/es\/wp-json\/wp\/v2\/users\/1"}],"replies":[{"embeddable":true,"href":"https:\/\/www.vertigomotors.com\/es\/wp-json\/wp\/v2\/comments?post=7341"}],"version-history":[{"count":3,"href":"https:\/\/www.vertigomotors.com\/es\/wp-json\/wp\/v2\/posts\/7341\/revisions"}],"predecessor-version":[{"id":8967,"href":"https:\/\/www.vertigomotors.com\/es\/wp-json\/wp\/v2\/posts\/7341\/revisions\/8967"}],"wp:featuredmedia":[{"embeddable":true,"href":"https:\/\/www.vertigomotors.com\/es\/wp-json\/wp\/v2\/media\/8964"}],"wp:attachment":[{"href":"https:\/\/www.vertigomotors.com\/es\/wp-json\/wp\/v2\/media?parent=7341"}],"wp:term":[{"taxonomy":"category","embeddable":true,"href":"https:\/\/www.vertigomotors.com\/es\/wp-json\/wp\/v2\/categories?post=7341"},{"taxonomy":"post_tag","embeddable":true,"href":"https:\/\/www.vertigomotors.com\/es\/wp-json\/wp\/v2\/tags?post=7341"}],"curies":[{"name":"wp","href":"https:\/\/api.w.org\/{rel}","templated":true}]}}