{"id":7160,"date":"2021-12-01T17:15:30","date_gmt":"2021-12-01T17:15:30","guid":{"rendered":"https:\/\/www.vertigomotors.com\/?p=7160"},"modified":"2022-04-19T13:03:05","modified_gmt":"2022-04-19T13:03:05","slug":"vertigo-le-desea-mucha-suerte-a-berta-abellan-en-su-nueva-etapa-deportiva","status":"publish","type":"post","link":"https:\/\/www.vertigomotors.com\/es\/vertigo-le-desea-mucha-suerte-a-berta-abellan-en-su-nueva-etapa-deportiva\/","title":{"rendered":"VERTIGO LE DESEA MUCHA SUERTE A BERTA ABELL\u00c1N EN SU NUEVA ETAPA DEPORTIVA"},"content":{"rendered":"\n<p>Vertigo quiere expresar su agradecimiento&nbsp;a Berta Abell\u00e1n por su&nbsp;compromiso, excepcional trabajo y magn\u00edficos resultados durante las cuatro&nbsp;temporadas que ha formado parte del equipo. De cara a 2022, ambas partes toman caminos diferentes y todo el equipo le desea muchos \u00e9xitos en su nueva etapa deportiva.<\/p>\n\n\n\n<p>Desde su incorporaci\u00f3n en la temporada 2018, Abell\u00e1n ha experimentado una evoluci\u00f3n fant\u00e1stica que le ha llevado a establecerse como una de las pilotos m\u00e1s importantes del mundo terminando siempre entre las 3 primeras del Mundial de TrialGP Women, con dos Subcampeonatos y dos terceras posiciones,&nbsp;2 victorias&nbsp;en el&nbsp;Trial de las Naciones y un t\u00edtulo de Campeona de Europa absoluta. En el \u00e1mbito Nacional, su gran dominio se ha traducido en la consecuci\u00f3n de tres Campeonatos de Espa\u00f1a absolutos. Vertigo y Berta Abell\u00e1n celebraron su \u00faltimo gran \u00e9xito hace escasamente una semana en el Palau Sant Jordi, donde la catalana acab\u00f3 segunda en el primer trial indoor femenino de la historia con la nueva Nitro 2022.&nbsp;<\/p>\n\n\n\n<p>Vertigo seguir\u00e1 apostando por el trial femenino, y en este sentido la marca&nbsp;espera anunciar en los pr\u00f3ximos d\u00edas novedades relativas a la confecci\u00f3n de su equipo para la temporada 2022.<\/p>\n\n\n\n<figure class=\"wp-block-gallery columns-2 is-cropped wp-block-gallery-1 is-layout-flex wp-block-gallery-is-layout-flex\"><ul class=\"blocks-gallery-grid\"><li class=\"blocks-gallery-item\"><figure><a href=\"http:\/\/www.vertigomotors.com\/wp-content\/uploads\/2021\/12\/berta_221217048-1.jpg\"><img decoding=\"async\" src=\"http:\/\/www.vertigomotors.com\/wp-content\/uploads\/2021\/12\/berta_221217048-1-1024x683.jpg\" alt=\"\" data-id=\"7161\" data-full-url=\"http:\/\/www.vertigomotors.com\/wp-content\/uploads\/2021\/12\/berta_221217048-1.jpg\" data-link=\"https:\/\/www.vertigomotors.com\/?attachment_id=7161\" class=\"wp-image-7161\"\/><\/a><\/figure><\/li><li class=\"blocks-gallery-item\"><figure><a href=\"http:\/\/www.vertigomotors.com\/wp-content\/uploads\/2021\/12\/berta_18010050039-1.jpg\"><img decoding=\"async\" src=\"http:\/\/www.vertigomotors.com\/wp-content\/uploads\/2021\/12\/berta_18010050039-1-1024x683.jpg\" alt=\"\" data-id=\"7162\" data-full-url=\"http:\/\/www.vertigomotors.com\/wp-content\/uploads\/2021\/12\/berta_18010050039-1.jpg\" data-link=\"https:\/\/www.vertigomotors.com\/?attachment_id=7162\" class=\"wp-image-7162\"\/><\/a><\/figure><\/li><\/ul><\/figure>\n\n\n\n<figure class=\"wp-block-gallery columns-2 is-cropped wp-block-gallery-2 is-layout-flex wp-block-gallery-is-layout-flex\"><ul class=\"blocks-gallery-grid\"><li class=\"blocks-gallery-item\"><figure><a href=\"http:\/\/www.vertigomotors.com\/wp-content\/uploads\/2021\/12\/berta_U8A3400-1.jpg\"><img decoding=\"async\" src=\"http:\/\/www.vertigomotors.com\/wp-content\/uploads\/2021\/12\/berta_U8A3400-1-1024x683.jpg\" alt=\"\" data-id=\"7164\" data-full-url=\"http:\/\/www.vertigomotors.com\/wp-content\/uploads\/2021\/12\/berta_U8A3400-1.jpg\" data-link=\"https:\/\/www.vertigomotors.com\/?attachment_id=7164\" class=\"wp-image-7164\"\/><\/a><\/figure><\/li><li class=\"blocks-gallery-item\"><figure><a href=\"http:\/\/www.vertigomotors.com\/wp-content\/uploads\/2021\/12\/4deab1b2-a927-e1b5-67f0-4f7a7c37aba6-1.jpg\"><img decoding=\"async\" src=\"http:\/\/www.vertigomotors.com\/wp-content\/uploads\/2021\/12\/4deab1b2-a927-e1b5-67f0-4f7a7c37aba6-1-1024x683.jpg\" alt=\"\" data-id=\"7163\" data-full-url=\"http:\/\/www.vertigomotors.com\/wp-content\/uploads\/2021\/12\/4deab1b2-a927-e1b5-67f0-4f7a7c37aba6-1.jpg\" data-link=\"https:\/\/www.vertigomotors.com\/?attachment_id=7163\" class=\"wp-image-7163\"\/><\/a><\/figure><\/li><\/ul><\/figure>\n","protected":false},"excerpt":{"rendered":"<p>Vertigo quiere expresar su agradecimiento&nbsp;a Berta Abell\u00e1n por su&nbsp;compromiso, excepcional trabajo y magn\u00edficos resultados durante las cuatro&nbsp;temporadas que ha formado parte del equipo. De cara a 2022, ambas partes toman caminos diferentes y todo el equipo le desea muchos \u00e9xitos en su nueva etapa deportiva. Desde su incorporaci\u00f3n en la temporada 2018, Abell\u00e1n ha experimentado [&hellip;]<\/p>\n","protected":false},"author":1,"featured_media":8742,"comment_status":"open","ping_status":"open","sticky":false,"template":"","format":"standard","meta":{"_et_pb_use_builder":"","_et_pb_old_content":"","_et_gb_content_width":"","inline_featured_image":false,"footnotes":""},"categories":[32],"tags":[],"class_list":["post-7160","post","type-post","status-publish","format-standard","has-post-thumbnail","hentry","category-competicion"],"yoast_head":"<!-- This site is optimized with the Yoast SEO plugin v27.5 - https:\/\/yoast.com\/product\/yoast-seo-wordpress\/ -->\n<title>VERTIGO LE DESEA MUCHA SUERTE A BERTA ABELL\u00c1N EN SU NUEVA ETAPA DEPORTIVA | Vertigo Motors<\/title>\n<meta name=\"robots\" content=\"index, follow, max-snippet:-1, max-image-preview:large, max-video-preview:-1\" \/>\n<link rel=\"canonical\" href=\"https:\/\/www.vertigomotors.com\/es\/vertigo-le-desea-mucha-suerte-a-berta-abellan-en-su-nueva-etapa-deportiva\/\" \/>\n<meta property=\"og:locale\" content=\"es_ES\" \/>\n<meta property=\"og:type\" content=\"article\" \/>\n<meta property=\"og:title\" content=\"VERTIGO LE DESEA MUCHA SUERTE A BERTA ABELL\u00c1N EN SU NUEVA ETAPA DEPORTIVA | Vertigo Motors\" \/>\n<meta property=\"og:description\" content=\"Vertigo quiere expresar su agradecimiento&nbsp;a Berta Abell\u00e1n por su&nbsp;compromiso, excepcional trabajo y magn\u00edficos resultados durante las cuatro&nbsp;temporadas que ha formado parte del equipo. De cara a 2022, ambas partes toman caminos diferentes y todo el equipo le desea muchos \u00e9xitos en su nueva etapa deportiva. Desde su incorporaci\u00f3n en la temporada 2018, Abell\u00e1n ha experimentado [&hellip;]\" \/>\n<meta property=\"og:url\" content=\"https:\/\/www.vertigomotors.com\/es\/vertigo-le-desea-mucha-suerte-a-berta-abellan-en-su-nueva-etapa-deportiva\/\" \/>\n<meta property=\"og:site_name\" content=\"Vertigo Motors\" \/>\n<meta property=\"article:published_time\" content=\"2021-12-01T17:15:30+00:00\" \/>\n<meta property=\"article:modified_time\" content=\"2022-04-19T13:03:05+00:00\" \/>\n<meta property=\"og:image\" content=\"https:\/\/www.vertigomotors.com\/wp-content\/uploads\/2021\/12\/aa1a4f88-38ba-ec67-55a8-bb598540ede1.jpg\" \/>\n\t<meta property=\"og:image:width\" content=\"1500\" \/>\n\t<meta property=\"og:image:height\" content=\"1000\" \/>\n\t<meta property=\"og:image:type\" content=\"image\/jpeg\" \/>\n<meta name=\"author\" content=\"c473e4912d\" \/>\n<meta name=\"twitter:card\" content=\"summary_large_image\" \/>\n<meta name=\"twitter:label1\" content=\"Escrito por\" \/>\n\t<meta name=\"twitter:data1\" content=\"c473e4912d\" \/>\n\t<meta name=\"twitter:label2\" content=\"Tiempo de lectura\" \/>\n\t<meta name=\"twitter:data2\" content=\"2 minutos\" \/>\n<script type=\"application\/ld+json\" class=\"yoast-schema-graph\">{\"@context\":\"https:\\\/\\\/schema.org\",\"@graph\":[{\"@type\":\"Article\",\"@id\":\"https:\\\/\\\/www.vertigomotors.com\\\/es\\\/vertigo-le-desea-mucha-suerte-a-berta-abellan-en-su-nueva-etapa-deportiva\\\/#article\",\"isPartOf\":{\"@id\":\"https:\\\/\\\/www.vertigomotors.com\\\/es\\\/vertigo-le-desea-mucha-suerte-a-berta-abellan-en-su-nueva-etapa-deportiva\\\/\"},\"author\":{\"name\":\"c473e4912d\",\"@id\":\"https:\\\/\\\/www.vertigomotors.com\\\/es\\\/#\\\/schema\\\/person\\\/b719de825398bef0a97e1636813c1f7f\"},\"headline\":\"VERTIGO LE DESEA MUCHA SUERTE A BERTA ABELL\u00c1N EN SU NUEVA ETAPA DEPORTIVA\",\"datePublished\":\"2021-12-01T17:15:30+00:00\",\"dateModified\":\"2022-04-19T13:03:05+00:00\",\"mainEntityOfPage\":{\"@id\":\"https:\\\/\\\/www.vertigomotors.com\\\/es\\\/vertigo-le-desea-mucha-suerte-a-berta-abellan-en-su-nueva-etapa-deportiva\\\/\"},\"wordCount\":227,\"commentCount\":0,\"image\":{\"@id\":\"https:\\\/\\\/www.vertigomotors.com\\\/es\\\/vertigo-le-desea-mucha-suerte-a-berta-abellan-en-su-nueva-etapa-deportiva\\\/#primaryimage\"},\"thumbnailUrl\":\"https:\\\/\\\/www.vertigomotors.com\\\/wp-content\\\/uploads\\\/2021\\\/12\\\/aa1a4f88-38ba-ec67-55a8-bb598540ede1.jpg\",\"articleSection\":[\"Competici\u00f3n\"],\"inLanguage\":\"es\",\"potentialAction\":[{\"@type\":\"CommentAction\",\"name\":\"Comment\",\"target\":[\"https:\\\/\\\/www.vertigomotors.com\\\/es\\\/vertigo-le-desea-mucha-suerte-a-berta-abellan-en-su-nueva-etapa-deportiva\\\/#respond\"]}]},{\"@type\":\"WebPage\",\"@id\":\"https:\\\/\\\/www.vertigomotors.com\\\/es\\\/vertigo-le-desea-mucha-suerte-a-berta-abellan-en-su-nueva-etapa-deportiva\\\/\",\"url\":\"https:\\\/\\\/www.vertigomotors.com\\\/es\\\/vertigo-le-desea-mucha-suerte-a-berta-abellan-en-su-nueva-etapa-deportiva\\\/\",\"name\":\"VERTIGO LE DESEA MUCHA SUERTE A BERTA ABELL\u00c1N EN SU NUEVA ETAPA DEPORTIVA | Vertigo Motors\",\"isPartOf\":{\"@id\":\"https:\\\/\\\/www.vertigomotors.com\\\/es\\\/#website\"},\"primaryImageOfPage\":{\"@id\":\"https:\\\/\\\/www.vertigomotors.com\\\/es\\\/vertigo-le-desea-mucha-suerte-a-berta-abellan-en-su-nueva-etapa-deportiva\\\/#primaryimage\"},\"image\":{\"@id\":\"https:\\\/\\\/www.vertigomotors.com\\\/es\\\/vertigo-le-desea-mucha-suerte-a-berta-abellan-en-su-nueva-etapa-deportiva\\\/#primaryimage\"},\"thumbnailUrl\":\"https:\\\/\\\/www.vertigomotors.com\\\/wp-content\\\/uploads\\\/2021\\\/12\\\/aa1a4f88-38ba-ec67-55a8-bb598540ede1.jpg\",\"datePublished\":\"2021-12-01T17:15:30+00:00\",\"dateModified\":\"2022-04-19T13:03:05+00:00\",\"author\":{\"@id\":\"https:\\\/\\\/www.vertigomotors.com\\\/es\\\/#\\\/schema\\\/person\\\/b719de825398bef0a97e1636813c1f7f\"},\"breadcrumb\":{\"@id\":\"https:\\\/\\\/www.vertigomotors.com\\\/es\\\/vertigo-le-desea-mucha-suerte-a-berta-abellan-en-su-nueva-etapa-deportiva\\\/#breadcrumb\"},\"inLanguage\":\"es\",\"potentialAction\":[{\"@type\":\"ReadAction\",\"target\":[\"https:\\\/\\\/www.vertigomotors.com\\\/es\\\/vertigo-le-desea-mucha-suerte-a-berta-abellan-en-su-nueva-etapa-deportiva\\\/\"]}]},{\"@type\":\"ImageObject\",\"inLanguage\":\"es\",\"@id\":\"https:\\\/\\\/www.vertigomotors.com\\\/es\\\/vertigo-le-desea-mucha-suerte-a-berta-abellan-en-su-nueva-etapa-deportiva\\\/#primaryimage\",\"url\":\"https:\\\/\\\/www.vertigomotors.com\\\/wp-content\\\/uploads\\\/2021\\\/12\\\/aa1a4f88-38ba-ec67-55a8-bb598540ede1.jpg\",\"contentUrl\":\"https:\\\/\\\/www.vertigomotors.com\\\/wp-content\\\/uploads\\\/2021\\\/12\\\/aa1a4f88-38ba-ec67-55a8-bb598540ede1.jpg\",\"width\":1500,\"height\":1000},{\"@type\":\"BreadcrumbList\",\"@id\":\"https:\\\/\\\/www.vertigomotors.com\\\/es\\\/vertigo-le-desea-mucha-suerte-a-berta-abellan-en-su-nueva-etapa-deportiva\\\/#breadcrumb\",\"itemListElement\":[{\"@type\":\"ListItem\",\"position\":1,\"name\":\"Inicio\",\"item\":\"https:\\\/\\\/www.vertigomotors.com\\\/es\\\/\"},{\"@type\":\"ListItem\",\"position\":2,\"name\":\"VERTIGO LE DESEA MUCHA SUERTE A BERTA ABELL\u00c1N EN SU NUEVA ETAPA DEPORTIVA\"}]},{\"@type\":\"WebSite\",\"@id\":\"https:\\\/\\\/www.vertigomotors.com\\\/es\\\/#website\",\"url\":\"https:\\\/\\\/www.vertigomotors.com\\\/es\\\/\",\"name\":\"Vertigo Motors\",\"description\":\"Vertigo Motors\",\"potentialAction\":[{\"@type\":\"SearchAction\",\"target\":{\"@type\":\"EntryPoint\",\"urlTemplate\":\"https:\\\/\\\/www.vertigomotors.com\\\/es\\\/?s={search_term_string}\"},\"query-input\":{\"@type\":\"PropertyValueSpecification\",\"valueRequired\":true,\"valueName\":\"search_term_string\"}}],\"inLanguage\":\"es\"},{\"@type\":\"Person\",\"@id\":\"https:\\\/\\\/www.vertigomotors.com\\\/es\\\/#\\\/schema\\\/person\\\/b719de825398bef0a97e1636813c1f7f\",\"name\":\"c473e4912d\",\"image\":{\"@type\":\"ImageObject\",\"inLanguage\":\"es\",\"@id\":\"https:\\\/\\\/secure.gravatar.com\\\/avatar\\\/5831aec57a392b620b66f2513e656e857a96f1a327a784c56c0b7eefc4468245?s=96&d=mm&r=g\",\"url\":\"https:\\\/\\\/secure.gravatar.com\\\/avatar\\\/5831aec57a392b620b66f2513e656e857a96f1a327a784c56c0b7eefc4468245?s=96&d=mm&r=g\",\"contentUrl\":\"https:\\\/\\\/secure.gravatar.com\\\/avatar\\\/5831aec57a392b620b66f2513e656e857a96f1a327a784c56c0b7eefc4468245?s=96&d=mm&r=g\",\"caption\":\"c473e4912d\"},\"sameAs\":[\"https:\\\/\\\/www.vertigomotors.com\"],\"url\":\"https:\\\/\\\/www.vertigomotors.com\\\/es\\\/author\\\/c473e4912d\\\/\"}]}<\/script>\n<!-- \/ Yoast SEO plugin. -->","yoast_head_json":{"title":"VERTIGO LE DESEA MUCHA SUERTE A BERTA ABELL\u00c1N EN SU NUEVA ETAPA DEPORTIVA | Vertigo Motors","robots":{"index":"index","follow":"follow","max-snippet":"max-snippet:-1","max-image-preview":"max-image-preview:large","max-video-preview":"max-video-preview:-1"},"canonical":"https:\/\/www.vertigomotors.com\/es\/vertigo-le-desea-mucha-suerte-a-berta-abellan-en-su-nueva-etapa-deportiva\/","og_locale":"es_ES","og_type":"article","og_title":"VERTIGO LE DESEA MUCHA SUERTE A BERTA ABELL\u00c1N EN SU NUEVA ETAPA DEPORTIVA | Vertigo Motors","og_description":"Vertigo quiere expresar su agradecimiento&nbsp;a Berta Abell\u00e1n por su&nbsp;compromiso, excepcional trabajo y magn\u00edficos resultados durante las cuatro&nbsp;temporadas que ha formado parte del equipo. De cara a 2022, ambas partes toman caminos diferentes y todo el equipo le desea muchos \u00e9xitos en su nueva etapa deportiva. Desde su incorporaci\u00f3n en la temporada 2018, Abell\u00e1n ha experimentado [&hellip;]","og_url":"https:\/\/www.vertigomotors.com\/es\/vertigo-le-desea-mucha-suerte-a-berta-abellan-en-su-nueva-etapa-deportiva\/","og_site_name":"Vertigo Motors","article_published_time":"2021-12-01T17:15:30+00:00","article_modified_time":"2022-04-19T13:03:05+00:00","og_image":[{"width":1500,"height":1000,"url":"https:\/\/www.vertigomotors.com\/wp-content\/uploads\/2021\/12\/aa1a4f88-38ba-ec67-55a8-bb598540ede1.jpg","type":"image\/jpeg"}],"author":"c473e4912d","twitter_card":"summary_large_image","twitter_misc":{"Escrito por":"c473e4912d","Tiempo de lectura":"2 minutos"},"schema":{"@context":"https:\/\/schema.org","@graph":[{"@type":"Article","@id":"https:\/\/www.vertigomotors.com\/es\/vertigo-le-desea-mucha-suerte-a-berta-abellan-en-su-nueva-etapa-deportiva\/#article","isPartOf":{"@id":"https:\/\/www.vertigomotors.com\/es\/vertigo-le-desea-mucha-suerte-a-berta-abellan-en-su-nueva-etapa-deportiva\/"},"author":{"name":"c473e4912d","@id":"https:\/\/www.vertigomotors.com\/es\/#\/schema\/person\/b719de825398bef0a97e1636813c1f7f"},"headline":"VERTIGO LE DESEA MUCHA SUERTE A BERTA ABELL\u00c1N EN SU NUEVA ETAPA DEPORTIVA","datePublished":"2021-12-01T17:15:30+00:00","dateModified":"2022-04-19T13:03:05+00:00","mainEntityOfPage":{"@id":"https:\/\/www.vertigomotors.com\/es\/vertigo-le-desea-mucha-suerte-a-berta-abellan-en-su-nueva-etapa-deportiva\/"},"wordCount":227,"commentCount":0,"image":{"@id":"https:\/\/www.vertigomotors.com\/es\/vertigo-le-desea-mucha-suerte-a-berta-abellan-en-su-nueva-etapa-deportiva\/#primaryimage"},"thumbnailUrl":"https:\/\/www.vertigomotors.com\/wp-content\/uploads\/2021\/12\/aa1a4f88-38ba-ec67-55a8-bb598540ede1.jpg","articleSection":["Competici\u00f3n"],"inLanguage":"es","potentialAction":[{"@type":"CommentAction","name":"Comment","target":["https:\/\/www.vertigomotors.com\/es\/vertigo-le-desea-mucha-suerte-a-berta-abellan-en-su-nueva-etapa-deportiva\/#respond"]}]},{"@type":"WebPage","@id":"https:\/\/www.vertigomotors.com\/es\/vertigo-le-desea-mucha-suerte-a-berta-abellan-en-su-nueva-etapa-deportiva\/","url":"https:\/\/www.vertigomotors.com\/es\/vertigo-le-desea-mucha-suerte-a-berta-abellan-en-su-nueva-etapa-deportiva\/","name":"VERTIGO LE DESEA MUCHA SUERTE A BERTA ABELL\u00c1N EN SU NUEVA ETAPA DEPORTIVA | Vertigo Motors","isPartOf":{"@id":"https:\/\/www.vertigomotors.com\/es\/#website"},"primaryImageOfPage":{"@id":"https:\/\/www.vertigomotors.com\/es\/vertigo-le-desea-mucha-suerte-a-berta-abellan-en-su-nueva-etapa-deportiva\/#primaryimage"},"image":{"@id":"https:\/\/www.vertigomotors.com\/es\/vertigo-le-desea-mucha-suerte-a-berta-abellan-en-su-nueva-etapa-deportiva\/#primaryimage"},"thumbnailUrl":"https:\/\/www.vertigomotors.com\/wp-content\/uploads\/2021\/12\/aa1a4f88-38ba-ec67-55a8-bb598540ede1.jpg","datePublished":"2021-12-01T17:15:30+00:00","dateModified":"2022-04-19T13:03:05+00:00","author":{"@id":"https:\/\/www.vertigomotors.com\/es\/#\/schema\/person\/b719de825398bef0a97e1636813c1f7f"},"breadcrumb":{"@id":"https:\/\/www.vertigomotors.com\/es\/vertigo-le-desea-mucha-suerte-a-berta-abellan-en-su-nueva-etapa-deportiva\/#breadcrumb"},"inLanguage":"es","potentialAction":[{"@type":"ReadAction","target":["https:\/\/www.vertigomotors.com\/es\/vertigo-le-desea-mucha-suerte-a-berta-abellan-en-su-nueva-etapa-deportiva\/"]}]},{"@type":"ImageObject","inLanguage":"es","@id":"https:\/\/www.vertigomotors.com\/es\/vertigo-le-desea-mucha-suerte-a-berta-abellan-en-su-nueva-etapa-deportiva\/#primaryimage","url":"https:\/\/www.vertigomotors.com\/wp-content\/uploads\/2021\/12\/aa1a4f88-38ba-ec67-55a8-bb598540ede1.jpg","contentUrl":"https:\/\/www.vertigomotors.com\/wp-content\/uploads\/2021\/12\/aa1a4f88-38ba-ec67-55a8-bb598540ede1.jpg","width":1500,"height":1000},{"@type":"BreadcrumbList","@id":"https:\/\/www.vertigomotors.com\/es\/vertigo-le-desea-mucha-suerte-a-berta-abellan-en-su-nueva-etapa-deportiva\/#breadcrumb","itemListElement":[{"@type":"ListItem","position":1,"name":"Inicio","item":"https:\/\/www.vertigomotors.com\/es\/"},{"@type":"ListItem","position":2,"name":"VERTIGO LE DESEA MUCHA SUERTE A BERTA ABELL\u00c1N EN SU NUEVA ETAPA DEPORTIVA"}]},{"@type":"WebSite","@id":"https:\/\/www.vertigomotors.com\/es\/#website","url":"https:\/\/www.vertigomotors.com\/es\/","name":"Vertigo Motors","description":"Vertigo Motors","potentialAction":[{"@type":"SearchAction","target":{"@type":"EntryPoint","urlTemplate":"https:\/\/www.vertigomotors.com\/es\/?s={search_term_string}"},"query-input":{"@type":"PropertyValueSpecification","valueRequired":true,"valueName":"search_term_string"}}],"inLanguage":"es"},{"@type":"Person","@id":"https:\/\/www.vertigomotors.com\/es\/#\/schema\/person\/b719de825398bef0a97e1636813c1f7f","name":"c473e4912d","image":{"@type":"ImageObject","inLanguage":"es","@id":"https:\/\/secure.gravatar.com\/avatar\/5831aec57a392b620b66f2513e656e857a96f1a327a784c56c0b7eefc4468245?s=96&d=mm&r=g","url":"https:\/\/secure.gravatar.com\/avatar\/5831aec57a392b620b66f2513e656e857a96f1a327a784c56c0b7eefc4468245?s=96&d=mm&r=g","contentUrl":"https:\/\/secure.gravatar.com\/avatar\/5831aec57a392b620b66f2513e656e857a96f1a327a784c56c0b7eefc4468245?s=96&d=mm&r=g","caption":"c473e4912d"},"sameAs":["https:\/\/www.vertigomotors.com"],"url":"https:\/\/www.vertigomotors.com\/es\/author\/c473e4912d\/"}]}},"_links":{"self":[{"href":"https:\/\/www.vertigomotors.com\/es\/wp-json\/wp\/v2\/posts\/7160","targetHints":{"allow":["GET"]}}],"collection":[{"href":"https:\/\/www.vertigomotors.com\/es\/wp-json\/wp\/v2\/posts"}],"about":[{"href":"https:\/\/www.vertigomotors.com\/es\/wp-json\/wp\/v2\/types\/post"}],"author":[{"embeddable":true,"href":"https:\/\/www.vertigomotors.com\/es\/wp-json\/wp\/v2\/users\/1"}],"replies":[{"embeddable":true,"href":"https:\/\/www.vertigomotors.com\/es\/wp-json\/wp\/v2\/comments?post=7160"}],"version-history":[{"count":2,"href":"https:\/\/www.vertigomotors.com\/es\/wp-json\/wp\/v2\/posts\/7160\/revisions"}],"predecessor-version":[{"id":8745,"href":"https:\/\/www.vertigomotors.com\/es\/wp-json\/wp\/v2\/posts\/7160\/revisions\/8745"}],"wp:featuredmedia":[{"embeddable":true,"href":"https:\/\/www.vertigomotors.com\/es\/wp-json\/wp\/v2\/media\/8742"}],"wp:attachment":[{"href":"https:\/\/www.vertigomotors.com\/es\/wp-json\/wp\/v2\/media?parent=7160"}],"wp:term":[{"taxonomy":"category","embeddable":true,"href":"https:\/\/www.vertigomotors.com\/es\/wp-json\/wp\/v2\/categories?post=7160"},{"taxonomy":"post_tag","embeddable":true,"href":"https:\/\/www.vertigomotors.com\/es\/wp-json\/wp\/v2\/tags?post=7160"}],"curies":[{"name":"wp","href":"https:\/\/api.w.org\/{rel}","templated":true}]}}