{"id":6306,"date":"2020-10-12T08:09:55","date_gmt":"2020-10-12T08:09:55","guid":{"rendered":"https:\/\/www.vertigomotors.com\/?p=6306"},"modified":"2022-04-19T13:13:01","modified_gmt":"2022-04-19T13:13:01","slug":"vertigo-y-pau-martinez-campeones-del-mundo-de-trial125-2020","status":"publish","type":"post","link":"https:\/\/www.vertigomotors.com\/es\/vertigo-y-pau-martinez-campeones-del-mundo-de-trial125-2020\/","title":{"rendered":"VERTIGO Y PAU MART\u00cdNEZ, CAMPEONES DEL MUNDO DE TRIAL125 2020"},"content":{"rendered":"\n<p>Jornada hist\u00f3rica para Vertigo en el TrialGP de Italia, donde Pau Mart\u00ednez ha materializado hoy la consecuci\u00f3n del t\u00edtulo de Campe\u00f3n del Mundo de Trial125 con una impresionante victoria, la quinta de la temporada.<\/p>\n\n\n\n<p>A pesar de lo que estaba en juego&nbsp;Mart\u00ednez supo gestionar la presi\u00f3n de forma impecable, y ya en la primera vuelta lideraba el trial con un margen considerable de puntos con respecto al segundo clasificado. Del mismo modo que ha venido haciendo durante todo el curso, no dej\u00f3 que sus rivales se le acercaran en las dos vueltas restantes, en las que mejor\u00f3 sus puntuaciones para acabar el d\u00eda 4 puntos por delante de Canales y celebrar de este modo&nbsp;la consecuci\u00f3n del t\u00edtulo en lo m\u00e1s alto del podio.<\/p>\n\n\n\n<p>Con la 4\u00aa posici\u00f3n de Guiraud, el \u00fanico que a\u00fan manten\u00eda opciones de discutirle el campeonato, Mart\u00ednez pudo certificar matem\u00e1ticamente el primer t\u00edtulo Mundial para Vertigo&nbsp;a falta de una jornada por disputarse. Jaime Busto redonde\u00f3 el d\u00eda para el equipo con un sensacional 3r puesto en TrialGP.<\/p>\n\n\n\n<figure class=\"wp-block-image size-large\"><img decoding=\"async\" src=\"http:\/\/www.vertigomotors.com\/wp-content\/uploads\/2020\/10\/334c2f81-35e8-4e24-ad3b-61108001c5d4-1-1024x681.jpg\" alt=\"\" class=\"wp-image-6307\"\/><\/figure>\n","protected":false},"excerpt":{"rendered":"<p>Jornada hist\u00f3rica para Vertigo en el TrialGP de Italia, donde Pau Mart\u00ednez ha materializado hoy la consecuci\u00f3n del t\u00edtulo de Campe\u00f3n del Mundo de Trial125 con una impresionante victoria, la quinta de la temporada. A pesar de lo que estaba en juego&nbsp;Mart\u00ednez supo gestionar la presi\u00f3n de forma impecable, y ya en la primera vuelta [&hellip;]<\/p>\n","protected":false},"author":1,"featured_media":8876,"comment_status":"open","ping_status":"open","sticky":false,"template":"","format":"standard","meta":{"_et_pb_use_builder":"","_et_pb_old_content":"","_et_gb_content_width":"","inline_featured_image":false,"footnotes":""},"categories":[32],"tags":[],"class_list":["post-6306","post","type-post","status-publish","format-standard","has-post-thumbnail","hentry","category-competicion"],"yoast_head":"<!-- This site is optimized with the Yoast SEO plugin v27.5 - https:\/\/yoast.com\/product\/yoast-seo-wordpress\/ -->\n<title>VERTIGO Y PAU MART\u00cdNEZ, CAMPEONES DEL MUNDO DE TRIAL125 2020 | Vertigo Motors<\/title>\n<meta name=\"robots\" content=\"index, follow, max-snippet:-1, max-image-preview:large, max-video-preview:-1\" \/>\n<link rel=\"canonical\" href=\"https:\/\/www.vertigomotors.com\/es\/vertigo-y-pau-martinez-campeones-del-mundo-de-trial125-2020\/\" \/>\n<meta property=\"og:locale\" content=\"es_ES\" \/>\n<meta property=\"og:type\" content=\"article\" \/>\n<meta property=\"og:title\" content=\"VERTIGO Y PAU MART\u00cdNEZ, CAMPEONES DEL MUNDO DE TRIAL125 2020 | Vertigo Motors\" \/>\n<meta property=\"og:description\" content=\"Jornada hist\u00f3rica para Vertigo en el TrialGP de Italia, donde Pau Mart\u00ednez ha materializado hoy la consecuci\u00f3n del t\u00edtulo de Campe\u00f3n del Mundo de Trial125 con una impresionante victoria, la quinta de la temporada. A pesar de lo que estaba en juego&nbsp;Mart\u00ednez supo gestionar la presi\u00f3n de forma impecable, y ya en la primera vuelta [&hellip;]\" \/>\n<meta property=\"og:url\" content=\"https:\/\/www.vertigomotors.com\/es\/vertigo-y-pau-martinez-campeones-del-mundo-de-trial125-2020\/\" \/>\n<meta property=\"og:site_name\" content=\"Vertigo Motors\" \/>\n<meta property=\"article:published_time\" content=\"2020-10-12T08:09:55+00:00\" \/>\n<meta property=\"article:modified_time\" content=\"2022-04-19T13:13:01+00:00\" \/>\n<meta property=\"og:image\" content=\"https:\/\/www.vertigomotors.com\/wp-content\/uploads\/2020\/10\/7f524746-e49b-4a17-8291-b913d9710400-1.jpg\" \/>\n\t<meta property=\"og:image:width\" content=\"1200\" \/>\n\t<meta property=\"og:image:height\" content=\"798\" \/>\n\t<meta property=\"og:image:type\" content=\"image\/jpeg\" \/>\n<meta name=\"author\" content=\"c473e4912d\" \/>\n<meta name=\"twitter:card\" content=\"summary_large_image\" \/>\n<meta name=\"twitter:label1\" content=\"Escrito por\" \/>\n\t<meta name=\"twitter:data1\" content=\"c473e4912d\" \/>\n\t<meta name=\"twitter:label2\" content=\"Tiempo de lectura\" \/>\n\t<meta name=\"twitter:data2\" content=\"1 minuto\" \/>\n<script type=\"application\/ld+json\" class=\"yoast-schema-graph\">{\"@context\":\"https:\\\/\\\/schema.org\",\"@graph\":[{\"@type\":\"Article\",\"@id\":\"https:\\\/\\\/www.vertigomotors.com\\\/es\\\/vertigo-y-pau-martinez-campeones-del-mundo-de-trial125-2020\\\/#article\",\"isPartOf\":{\"@id\":\"https:\\\/\\\/www.vertigomotors.com\\\/es\\\/vertigo-y-pau-martinez-campeones-del-mundo-de-trial125-2020\\\/\"},\"author\":{\"name\":\"c473e4912d\",\"@id\":\"https:\\\/\\\/www.vertigomotors.com\\\/es\\\/#\\\/schema\\\/person\\\/b719de825398bef0a97e1636813c1f7f\"},\"headline\":\"VERTIGO Y PAU MART\u00cdNEZ, CAMPEONES DEL MUNDO DE TRIAL125 2020\",\"datePublished\":\"2020-10-12T08:09:55+00:00\",\"dateModified\":\"2022-04-19T13:13:01+00:00\",\"mainEntityOfPage\":{\"@id\":\"https:\\\/\\\/www.vertigomotors.com\\\/es\\\/vertigo-y-pau-martinez-campeones-del-mundo-de-trial125-2020\\\/\"},\"wordCount\":202,\"commentCount\":0,\"image\":{\"@id\":\"https:\\\/\\\/www.vertigomotors.com\\\/es\\\/vertigo-y-pau-martinez-campeones-del-mundo-de-trial125-2020\\\/#primaryimage\"},\"thumbnailUrl\":\"https:\\\/\\\/www.vertigomotors.com\\\/wp-content\\\/uploads\\\/2020\\\/10\\\/7f524746-e49b-4a17-8291-b913d9710400-1.jpg\",\"articleSection\":[\"Competici\u00f3n\"],\"inLanguage\":\"es\",\"potentialAction\":[{\"@type\":\"CommentAction\",\"name\":\"Comment\",\"target\":[\"https:\\\/\\\/www.vertigomotors.com\\\/es\\\/vertigo-y-pau-martinez-campeones-del-mundo-de-trial125-2020\\\/#respond\"]}]},{\"@type\":\"WebPage\",\"@id\":\"https:\\\/\\\/www.vertigomotors.com\\\/es\\\/vertigo-y-pau-martinez-campeones-del-mundo-de-trial125-2020\\\/\",\"url\":\"https:\\\/\\\/www.vertigomotors.com\\\/es\\\/vertigo-y-pau-martinez-campeones-del-mundo-de-trial125-2020\\\/\",\"name\":\"VERTIGO Y PAU MART\u00cdNEZ, CAMPEONES DEL MUNDO DE TRIAL125 2020 | Vertigo Motors\",\"isPartOf\":{\"@id\":\"https:\\\/\\\/www.vertigomotors.com\\\/es\\\/#website\"},\"primaryImageOfPage\":{\"@id\":\"https:\\\/\\\/www.vertigomotors.com\\\/es\\\/vertigo-y-pau-martinez-campeones-del-mundo-de-trial125-2020\\\/#primaryimage\"},\"image\":{\"@id\":\"https:\\\/\\\/www.vertigomotors.com\\\/es\\\/vertigo-y-pau-martinez-campeones-del-mundo-de-trial125-2020\\\/#primaryimage\"},\"thumbnailUrl\":\"https:\\\/\\\/www.vertigomotors.com\\\/wp-content\\\/uploads\\\/2020\\\/10\\\/7f524746-e49b-4a17-8291-b913d9710400-1.jpg\",\"datePublished\":\"2020-10-12T08:09:55+00:00\",\"dateModified\":\"2022-04-19T13:13:01+00:00\",\"author\":{\"@id\":\"https:\\\/\\\/www.vertigomotors.com\\\/es\\\/#\\\/schema\\\/person\\\/b719de825398bef0a97e1636813c1f7f\"},\"breadcrumb\":{\"@id\":\"https:\\\/\\\/www.vertigomotors.com\\\/es\\\/vertigo-y-pau-martinez-campeones-del-mundo-de-trial125-2020\\\/#breadcrumb\"},\"inLanguage\":\"es\",\"potentialAction\":[{\"@type\":\"ReadAction\",\"target\":[\"https:\\\/\\\/www.vertigomotors.com\\\/es\\\/vertigo-y-pau-martinez-campeones-del-mundo-de-trial125-2020\\\/\"]}]},{\"@type\":\"ImageObject\",\"inLanguage\":\"es\",\"@id\":\"https:\\\/\\\/www.vertigomotors.com\\\/es\\\/vertigo-y-pau-martinez-campeones-del-mundo-de-trial125-2020\\\/#primaryimage\",\"url\":\"https:\\\/\\\/www.vertigomotors.com\\\/wp-content\\\/uploads\\\/2020\\\/10\\\/7f524746-e49b-4a17-8291-b913d9710400-1.jpg\",\"contentUrl\":\"https:\\\/\\\/www.vertigomotors.com\\\/wp-content\\\/uploads\\\/2020\\\/10\\\/7f524746-e49b-4a17-8291-b913d9710400-1.jpg\",\"width\":1200,\"height\":798},{\"@type\":\"BreadcrumbList\",\"@id\":\"https:\\\/\\\/www.vertigomotors.com\\\/es\\\/vertigo-y-pau-martinez-campeones-del-mundo-de-trial125-2020\\\/#breadcrumb\",\"itemListElement\":[{\"@type\":\"ListItem\",\"position\":1,\"name\":\"Inicio\",\"item\":\"https:\\\/\\\/www.vertigomotors.com\\\/es\\\/\"},{\"@type\":\"ListItem\",\"position\":2,\"name\":\"VERTIGO Y PAU MART\u00cdNEZ, CAMPEONES DEL MUNDO DE TRIAL125 2020\"}]},{\"@type\":\"WebSite\",\"@id\":\"https:\\\/\\\/www.vertigomotors.com\\\/es\\\/#website\",\"url\":\"https:\\\/\\\/www.vertigomotors.com\\\/es\\\/\",\"name\":\"Vertigo Motors\",\"description\":\"Vertigo Motors\",\"potentialAction\":[{\"@type\":\"SearchAction\",\"target\":{\"@type\":\"EntryPoint\",\"urlTemplate\":\"https:\\\/\\\/www.vertigomotors.com\\\/es\\\/?s={search_term_string}\"},\"query-input\":{\"@type\":\"PropertyValueSpecification\",\"valueRequired\":true,\"valueName\":\"search_term_string\"}}],\"inLanguage\":\"es\"},{\"@type\":\"Person\",\"@id\":\"https:\\\/\\\/www.vertigomotors.com\\\/es\\\/#\\\/schema\\\/person\\\/b719de825398bef0a97e1636813c1f7f\",\"name\":\"c473e4912d\",\"image\":{\"@type\":\"ImageObject\",\"inLanguage\":\"es\",\"@id\":\"https:\\\/\\\/secure.gravatar.com\\\/avatar\\\/5831aec57a392b620b66f2513e656e857a96f1a327a784c56c0b7eefc4468245?s=96&d=mm&r=g\",\"url\":\"https:\\\/\\\/secure.gravatar.com\\\/avatar\\\/5831aec57a392b620b66f2513e656e857a96f1a327a784c56c0b7eefc4468245?s=96&d=mm&r=g\",\"contentUrl\":\"https:\\\/\\\/secure.gravatar.com\\\/avatar\\\/5831aec57a392b620b66f2513e656e857a96f1a327a784c56c0b7eefc4468245?s=96&d=mm&r=g\",\"caption\":\"c473e4912d\"},\"sameAs\":[\"https:\\\/\\\/www.vertigomotors.com\"],\"url\":\"https:\\\/\\\/www.vertigomotors.com\\\/es\\\/author\\\/c473e4912d\\\/\"}]}<\/script>\n<!-- \/ Yoast SEO plugin. -->","yoast_head_json":{"title":"VERTIGO Y PAU MART\u00cdNEZ, CAMPEONES DEL MUNDO DE TRIAL125 2020 | Vertigo Motors","robots":{"index":"index","follow":"follow","max-snippet":"max-snippet:-1","max-image-preview":"max-image-preview:large","max-video-preview":"max-video-preview:-1"},"canonical":"https:\/\/www.vertigomotors.com\/es\/vertigo-y-pau-martinez-campeones-del-mundo-de-trial125-2020\/","og_locale":"es_ES","og_type":"article","og_title":"VERTIGO Y PAU MART\u00cdNEZ, CAMPEONES DEL MUNDO DE TRIAL125 2020 | Vertigo Motors","og_description":"Jornada hist\u00f3rica para Vertigo en el TrialGP de Italia, donde Pau Mart\u00ednez ha materializado hoy la consecuci\u00f3n del t\u00edtulo de Campe\u00f3n del Mundo de Trial125 con una impresionante victoria, la quinta de la temporada. A pesar de lo que estaba en juego&nbsp;Mart\u00ednez supo gestionar la presi\u00f3n de forma impecable, y ya en la primera vuelta [&hellip;]","og_url":"https:\/\/www.vertigomotors.com\/es\/vertigo-y-pau-martinez-campeones-del-mundo-de-trial125-2020\/","og_site_name":"Vertigo Motors","article_published_time":"2020-10-12T08:09:55+00:00","article_modified_time":"2022-04-19T13:13:01+00:00","og_image":[{"width":1200,"height":798,"url":"https:\/\/www.vertigomotors.com\/wp-content\/uploads\/2020\/10\/7f524746-e49b-4a17-8291-b913d9710400-1.jpg","type":"image\/jpeg"}],"author":"c473e4912d","twitter_card":"summary_large_image","twitter_misc":{"Escrito por":"c473e4912d","Tiempo de lectura":"1 minuto"},"schema":{"@context":"https:\/\/schema.org","@graph":[{"@type":"Article","@id":"https:\/\/www.vertigomotors.com\/es\/vertigo-y-pau-martinez-campeones-del-mundo-de-trial125-2020\/#article","isPartOf":{"@id":"https:\/\/www.vertigomotors.com\/es\/vertigo-y-pau-martinez-campeones-del-mundo-de-trial125-2020\/"},"author":{"name":"c473e4912d","@id":"https:\/\/www.vertigomotors.com\/es\/#\/schema\/person\/b719de825398bef0a97e1636813c1f7f"},"headline":"VERTIGO Y PAU MART\u00cdNEZ, CAMPEONES DEL MUNDO DE TRIAL125 2020","datePublished":"2020-10-12T08:09:55+00:00","dateModified":"2022-04-19T13:13:01+00:00","mainEntityOfPage":{"@id":"https:\/\/www.vertigomotors.com\/es\/vertigo-y-pau-martinez-campeones-del-mundo-de-trial125-2020\/"},"wordCount":202,"commentCount":0,"image":{"@id":"https:\/\/www.vertigomotors.com\/es\/vertigo-y-pau-martinez-campeones-del-mundo-de-trial125-2020\/#primaryimage"},"thumbnailUrl":"https:\/\/www.vertigomotors.com\/wp-content\/uploads\/2020\/10\/7f524746-e49b-4a17-8291-b913d9710400-1.jpg","articleSection":["Competici\u00f3n"],"inLanguage":"es","potentialAction":[{"@type":"CommentAction","name":"Comment","target":["https:\/\/www.vertigomotors.com\/es\/vertigo-y-pau-martinez-campeones-del-mundo-de-trial125-2020\/#respond"]}]},{"@type":"WebPage","@id":"https:\/\/www.vertigomotors.com\/es\/vertigo-y-pau-martinez-campeones-del-mundo-de-trial125-2020\/","url":"https:\/\/www.vertigomotors.com\/es\/vertigo-y-pau-martinez-campeones-del-mundo-de-trial125-2020\/","name":"VERTIGO Y PAU MART\u00cdNEZ, CAMPEONES DEL MUNDO DE TRIAL125 2020 | Vertigo Motors","isPartOf":{"@id":"https:\/\/www.vertigomotors.com\/es\/#website"},"primaryImageOfPage":{"@id":"https:\/\/www.vertigomotors.com\/es\/vertigo-y-pau-martinez-campeones-del-mundo-de-trial125-2020\/#primaryimage"},"image":{"@id":"https:\/\/www.vertigomotors.com\/es\/vertigo-y-pau-martinez-campeones-del-mundo-de-trial125-2020\/#primaryimage"},"thumbnailUrl":"https:\/\/www.vertigomotors.com\/wp-content\/uploads\/2020\/10\/7f524746-e49b-4a17-8291-b913d9710400-1.jpg","datePublished":"2020-10-12T08:09:55+00:00","dateModified":"2022-04-19T13:13:01+00:00","author":{"@id":"https:\/\/www.vertigomotors.com\/es\/#\/schema\/person\/b719de825398bef0a97e1636813c1f7f"},"breadcrumb":{"@id":"https:\/\/www.vertigomotors.com\/es\/vertigo-y-pau-martinez-campeones-del-mundo-de-trial125-2020\/#breadcrumb"},"inLanguage":"es","potentialAction":[{"@type":"ReadAction","target":["https:\/\/www.vertigomotors.com\/es\/vertigo-y-pau-martinez-campeones-del-mundo-de-trial125-2020\/"]}]},{"@type":"ImageObject","inLanguage":"es","@id":"https:\/\/www.vertigomotors.com\/es\/vertigo-y-pau-martinez-campeones-del-mundo-de-trial125-2020\/#primaryimage","url":"https:\/\/www.vertigomotors.com\/wp-content\/uploads\/2020\/10\/7f524746-e49b-4a17-8291-b913d9710400-1.jpg","contentUrl":"https:\/\/www.vertigomotors.com\/wp-content\/uploads\/2020\/10\/7f524746-e49b-4a17-8291-b913d9710400-1.jpg","width":1200,"height":798},{"@type":"BreadcrumbList","@id":"https:\/\/www.vertigomotors.com\/es\/vertigo-y-pau-martinez-campeones-del-mundo-de-trial125-2020\/#breadcrumb","itemListElement":[{"@type":"ListItem","position":1,"name":"Inicio","item":"https:\/\/www.vertigomotors.com\/es\/"},{"@type":"ListItem","position":2,"name":"VERTIGO Y PAU MART\u00cdNEZ, CAMPEONES DEL MUNDO DE TRIAL125 2020"}]},{"@type":"WebSite","@id":"https:\/\/www.vertigomotors.com\/es\/#website","url":"https:\/\/www.vertigomotors.com\/es\/","name":"Vertigo Motors","description":"Vertigo Motors","potentialAction":[{"@type":"SearchAction","target":{"@type":"EntryPoint","urlTemplate":"https:\/\/www.vertigomotors.com\/es\/?s={search_term_string}"},"query-input":{"@type":"PropertyValueSpecification","valueRequired":true,"valueName":"search_term_string"}}],"inLanguage":"es"},{"@type":"Person","@id":"https:\/\/www.vertigomotors.com\/es\/#\/schema\/person\/b719de825398bef0a97e1636813c1f7f","name":"c473e4912d","image":{"@type":"ImageObject","inLanguage":"es","@id":"https:\/\/secure.gravatar.com\/avatar\/5831aec57a392b620b66f2513e656e857a96f1a327a784c56c0b7eefc4468245?s=96&d=mm&r=g","url":"https:\/\/secure.gravatar.com\/avatar\/5831aec57a392b620b66f2513e656e857a96f1a327a784c56c0b7eefc4468245?s=96&d=mm&r=g","contentUrl":"https:\/\/secure.gravatar.com\/avatar\/5831aec57a392b620b66f2513e656e857a96f1a327a784c56c0b7eefc4468245?s=96&d=mm&r=g","caption":"c473e4912d"},"sameAs":["https:\/\/www.vertigomotors.com"],"url":"https:\/\/www.vertigomotors.com\/es\/author\/c473e4912d\/"}]}},"_links":{"self":[{"href":"https:\/\/www.vertigomotors.com\/es\/wp-json\/wp\/v2\/posts\/6306","targetHints":{"allow":["GET"]}}],"collection":[{"href":"https:\/\/www.vertigomotors.com\/es\/wp-json\/wp\/v2\/posts"}],"about":[{"href":"https:\/\/www.vertigomotors.com\/es\/wp-json\/wp\/v2\/types\/post"}],"author":[{"embeddable":true,"href":"https:\/\/www.vertigomotors.com\/es\/wp-json\/wp\/v2\/users\/1"}],"replies":[{"embeddable":true,"href":"https:\/\/www.vertigomotors.com\/es\/wp-json\/wp\/v2\/comments?post=6306"}],"version-history":[{"count":2,"href":"https:\/\/www.vertigomotors.com\/es\/wp-json\/wp\/v2\/posts\/6306\/revisions"}],"predecessor-version":[{"id":8878,"href":"https:\/\/www.vertigomotors.com\/es\/wp-json\/wp\/v2\/posts\/6306\/revisions\/8878"}],"wp:featuredmedia":[{"embeddable":true,"href":"https:\/\/www.vertigomotors.com\/es\/wp-json\/wp\/v2\/media\/8876"}],"wp:attachment":[{"href":"https:\/\/www.vertigomotors.com\/es\/wp-json\/wp\/v2\/media?parent=6306"}],"wp:term":[{"taxonomy":"category","embeddable":true,"href":"https:\/\/www.vertigomotors.com\/es\/wp-json\/wp\/v2\/categories?post=6306"},{"taxonomy":"post_tag","embeddable":true,"href":"https:\/\/www.vertigomotors.com\/es\/wp-json\/wp\/v2\/tags?post=6306"}],"curies":[{"name":"wp","href":"https:\/\/api.w.org\/{rel}","templated":true}]}}