{"id":6283,"date":"2020-09-28T09:54:57","date_gmt":"2020-09-28T09:54:57","guid":{"rendered":"https:\/\/www.vertigomotors.com\/?p=6283"},"modified":"2022-04-19T13:13:43","modified_gmt":"2022-04-19T13:13:43","slug":"amplio-protagonismo-para-vertigo-en-el-cet-de-ripoll-16-podios","status":"publish","type":"post","link":"https:\/\/www.vertigomotors.com\/es\/amplio-protagonismo-para-vertigo-en-el-cet-de-ripoll-16-podios\/","title":{"rendered":"AMPLIO PROTAGONISMO PARA VERTIGO EN EL CET DE RIPOLL, \u00a116 PODIOS!"},"content":{"rendered":"\n<p>El Campeonato de Espa\u00f1a de Trial (CET) celebr\u00f3 este fin de semana su 4\u00aa cita de la temporada en Ripoll, d\u00f3nde la competici\u00f3n estar\u00eda nuevamente dividida en dos jornadas puntuables. El equipo Vertigo obtuvo presencia en la pr\u00e1ctica totalidad de los podios, pues sus pilotos sumaron hasta un total de 16 Top 3 entre s\u00e1bado y domingo incluidas cuatro&nbsp;victorias.<\/p>\n\n\n\n<p>La primera llegar\u00eda el s\u00e1bado de la mano de Jaime Busto en TR1. A los mandos de su R2, Busto complet\u00f3 un trial sensacional, sin fisuras, con un solo fiasco en todo el d\u00eda y pudiendo mantener a raya a sus rivales con un pilotaje sobresaliente. Al final del d\u00eda su tarjeta solo registraba 10 puntos, suficientes para aventajar en 4 a Adam Raga, segundo.<\/p>\n\n\n\n<p>El domingo volver\u00eda a rendir a un nivel excepcional y alcanzar\u00eda de nuevo el podio de Ripoll para ocupar el tercer caj\u00f3n. La disputa por la victoria fue nuevamente muy ajustada. Busto, que en la primera vuelta hab\u00eda dejado 13 puntos, minimiz\u00f3 las consecuencias de un fiasco en la primera zona de la segunda vuelta con una actuaci\u00f3n impecable para acabar sumando 11.<\/p>\n\n\n\n<figure class=\"wp-block-image size-large\"><img decoding=\"async\" src=\"http:\/\/www.vertigomotors.com\/wp-content\/uploads\/2020\/09\/087e8ae0-55e3-4fe9-a495-030cfdff5d0b.jpg\" alt=\"\" class=\"wp-image-6285\"\/><\/figure>\n\n\n\n<p>En TR2 Pau Mart\u00ednez evidenci\u00f3&nbsp;que se encuentra en un excepcional estado de forma. L\u00edder indiscutible en el Mundial de Trial125, su paso por Ripoll se sald\u00f3 con dos impresionantes terceras posiciones. La del s\u00e1bado lleg\u00f3 despu\u00e9s de estar peleando por la victoria hasta la \u00faltima zona, acab\u00f3 a solamente 1 punto del segundo y a 4 del primero. El domingo las distancias con los l\u00edderes se ampliaron, pero sus dos vueltas de 16 y 10 puntos respectivamente fueron suficientes para reeditar el mismo resultado del d\u00eda anterior con un margen de 6 puntos sobre el cuarto.<\/p>\n\n\n\n<figure class=\"wp-block-image size-large\"><img decoding=\"async\" src=\"http:\/\/www.vertigomotors.com\/wp-content\/uploads\/2020\/09\/692df571-fb2c-4361-9be3-c9cb78034714.jpg\" alt=\"\" class=\"wp-image-6286\"\/><\/figure>\n\n\n\n<p>Berta Abell\u00e1n se impuso los dos d\u00edas en Femenino A, adem\u00e1s de brillar tambi\u00e9n en la clasificaci\u00f3n de TR3, en la que finaliz\u00f3 9\u00aa el s\u00e1bado y 8\u00aa el domingo. Precisamente en TR3 tambi\u00e9n estuvo en competici\u00f3n el piloto japon\u00e9s Yohito Takeda, que demostr\u00f3 su gran competitividad siendo 4\u00ba en la jornada inaugural a 1 \u00fanico punto del podio y cerrando el Top 5 del domingo.<\/p>\n\n\n\n<figure class=\"wp-block-image size-large\"><img decoding=\"async\" src=\"http:\/\/www.vertigomotors.com\/wp-content\/uploads\/2020\/09\/27544759-b313-499c-ab2c-d519221bc473.jpg\" alt=\"\" class=\"wp-image-6287\"\/><\/figure>\n\n\n\n<p>Los otros nombres destacados del fin de semana fueron&nbsp;Gaudi Vall, que en Junior sigue demostrando que es uno de los hombres fuertes de la categor\u00eda llev\u00e1ndose de Ripoll un&nbsp;excelente tercer puesto y un a\u00fan m\u00e1s meritorio segundo el domingo. Kim Pons, a quien se le escap\u00f3 el podio por escasos dos puntos el s\u00e1bado, se retract\u00f3 el domingo con una excepcional victoria en&nbsp;la categor\u00eda de Cadete 125cc. Precisamente el podio de la jornada inaugural se lo neg\u00f3 otro piloto Vertigo, en este caso un inspirado Manu Caturla.<\/p>\n\n\n\n<figure class=\"wp-block-image size-large\"><img decoding=\"async\" src=\"http:\/\/www.vertigomotors.com\/wp-content\/uploads\/2020\/09\/57453966-2923-4c64-b9dc-6411bffbedd0.jpg\" alt=\"\" class=\"wp-image-6288\"\/><\/figure>\n\n\n\n<p>Consumaron id\u00e9nticas jornadas Angel Llopis e \u00cd\u00f1igo Estefanell en Juvenil B, ambos subieron al podio los dos d\u00edas con Llopis ocupando el segundo pelda\u00f1o y Estefanell acompa\u00f1\u00e1ndole en el tercer escal\u00f3n. Carlos Casas cerr\u00f3 esta gran actuaci\u00f3n para el equipo Vertigo en Ripoll con una 2\u00aa&nbsp;posici\u00f3n y una 3\u00aa en Veteranos.<\/p>\n\n\n\n<figure class=\"wp-block-gallery columns-2 is-cropped wp-block-gallery-1 is-layout-flex wp-block-gallery-is-layout-flex\"><ul class=\"blocks-gallery-grid\"><li class=\"blocks-gallery-item\"><figure><img decoding=\"async\" src=\"http:\/\/www.vertigomotors.com\/wp-content\/uploads\/2020\/09\/6df83b9b-b49d-41ce-b950-0c24d9deb276.jpg\" alt=\"\" data-id=\"6289\" data-full-url=\"http:\/\/www.vertigomotors.com\/wp-content\/uploads\/2020\/09\/6df83b9b-b49d-41ce-b950-0c24d9deb276.jpg\" data-link=\"https:\/\/www.vertigomotors.com\/?attachment_id=6289\" class=\"wp-image-6289\"\/><\/figure><\/li><li class=\"blocks-gallery-item\"><figure><img decoding=\"async\" src=\"http:\/\/www.vertigomotors.com\/wp-content\/uploads\/2020\/09\/594f95fc-8bdf-452d-b53f-2350bbe11c04.jpg\" alt=\"\" data-id=\"6290\" data-full-url=\"http:\/\/www.vertigomotors.com\/wp-content\/uploads\/2020\/09\/594f95fc-8bdf-452d-b53f-2350bbe11c04.jpg\" data-link=\"https:\/\/www.vertigomotors.com\/?attachment_id=6290\" class=\"wp-image-6290\"\/><\/figure><\/li><\/ul><\/figure>\n\n\n\n<p>Los \u00e9xitos de Vertigo no solamente se redujeron al CET, y es que este fin de semana, los pilotos internacionales de la marca verde tambi\u00e9n consumaron meritorias actuaciones en sus respectivos campeonatos nacionales. Es el caso de Hugo Dufrese en Francia, que fue 2\u00ba el s\u00e1bado, el de Lorenzo Gandola, que en el Italiano firm\u00f3 una 4\u00aa y una 5\u00aa posici\u00f3n, o el de Timo My\u00f6hanen, que en Finlandia se proclam\u00f3 por novena vez consecutiva Campe\u00f3n Nacional.<\/p>\n","protected":false},"excerpt":{"rendered":"<p>El Campeonato de Espa\u00f1a de Trial (CET) celebr\u00f3 este fin de semana su 4\u00aa cita de la temporada en Ripoll, d\u00f3nde la competici\u00f3n estar\u00eda nuevamente dividida en dos jornadas puntuables. El equipo Vertigo obtuvo presencia en la pr\u00e1ctica totalidad de los podios, pues sus pilotos sumaron hasta un total de 16 Top 3 entre s\u00e1bado [&hellip;]<\/p>\n","protected":false},"author":1,"featured_media":8879,"comment_status":"open","ping_status":"open","sticky":false,"template":"","format":"standard","meta":{"_et_pb_use_builder":"","_et_pb_old_content":"","_et_gb_content_width":"","inline_featured_image":false,"footnotes":""},"categories":[32],"tags":[],"class_list":["post-6283","post","type-post","status-publish","format-standard","has-post-thumbnail","hentry","category-competicion"],"yoast_head":"<!-- This site is optimized with the Yoast SEO plugin v27.5 - https:\/\/yoast.com\/product\/yoast-seo-wordpress\/ -->\n<title>AMPLIO PROTAGONISMO PARA VERTIGO EN EL CET DE RIPOLL, \u00a116 PODIOS! | Vertigo Motors<\/title>\n<meta name=\"robots\" content=\"index, follow, max-snippet:-1, max-image-preview:large, max-video-preview:-1\" \/>\n<link rel=\"canonical\" href=\"https:\/\/www.vertigomotors.com\/es\/amplio-protagonismo-para-vertigo-en-el-cet-de-ripoll-16-podios\/\" \/>\n<meta property=\"og:locale\" content=\"es_ES\" \/>\n<meta property=\"og:type\" content=\"article\" \/>\n<meta property=\"og:title\" content=\"AMPLIO PROTAGONISMO PARA VERTIGO EN EL CET DE RIPOLL, \u00a116 PODIOS! | Vertigo Motors\" \/>\n<meta property=\"og:description\" content=\"El Campeonato de Espa\u00f1a de Trial (CET) celebr\u00f3 este fin de semana su 4\u00aa cita de la temporada en Ripoll, d\u00f3nde la competici\u00f3n estar\u00eda nuevamente dividida en dos jornadas puntuables. El equipo Vertigo obtuvo presencia en la pr\u00e1ctica totalidad de los podios, pues sus pilotos sumaron hasta un total de 16 Top 3 entre s\u00e1bado [&hellip;]\" \/>\n<meta property=\"og:url\" content=\"https:\/\/www.vertigomotors.com\/es\/amplio-protagonismo-para-vertigo-en-el-cet-de-ripoll-16-podios\/\" \/>\n<meta property=\"og:site_name\" content=\"Vertigo Motors\" \/>\n<meta property=\"article:published_time\" content=\"2020-09-28T09:54:57+00:00\" \/>\n<meta property=\"article:modified_time\" content=\"2022-04-19T13:13:43+00:00\" \/>\n<meta property=\"og:image\" content=\"https:\/\/www.vertigomotors.com\/wp-content\/uploads\/2020\/09\/95f24187-7d05-423c-a323-63df1bdab1bf.jpg\" \/>\n\t<meta property=\"og:image:width\" content=\"1024\" \/>\n\t<meta property=\"og:image:height\" content=\"683\" \/>\n\t<meta property=\"og:image:type\" content=\"image\/jpeg\" \/>\n<meta name=\"author\" content=\"c473e4912d\" \/>\n<meta name=\"twitter:card\" content=\"summary_large_image\" \/>\n<meta name=\"twitter:label1\" content=\"Escrito por\" \/>\n\t<meta name=\"twitter:data1\" content=\"c473e4912d\" \/>\n\t<meta name=\"twitter:label2\" content=\"Tiempo de lectura\" \/>\n\t<meta name=\"twitter:data2\" content=\"4 minutos\" \/>\n<script type=\"application\/ld+json\" class=\"yoast-schema-graph\">{\"@context\":\"https:\\\/\\\/schema.org\",\"@graph\":[{\"@type\":\"Article\",\"@id\":\"https:\\\/\\\/www.vertigomotors.com\\\/es\\\/amplio-protagonismo-para-vertigo-en-el-cet-de-ripoll-16-podios\\\/#article\",\"isPartOf\":{\"@id\":\"https:\\\/\\\/www.vertigomotors.com\\\/es\\\/amplio-protagonismo-para-vertigo-en-el-cet-de-ripoll-16-podios\\\/\"},\"author\":{\"name\":\"c473e4912d\",\"@id\":\"https:\\\/\\\/www.vertigomotors.com\\\/es\\\/#\\\/schema\\\/person\\\/b719de825398bef0a97e1636813c1f7f\"},\"headline\":\"AMPLIO PROTAGONISMO PARA VERTIGO EN EL CET DE RIPOLL, \u00a116 PODIOS!\",\"datePublished\":\"2020-09-28T09:54:57+00:00\",\"dateModified\":\"2022-04-19T13:13:43+00:00\",\"mainEntityOfPage\":{\"@id\":\"https:\\\/\\\/www.vertigomotors.com\\\/es\\\/amplio-protagonismo-para-vertigo-en-el-cet-de-ripoll-16-podios\\\/\"},\"wordCount\":612,\"commentCount\":0,\"image\":{\"@id\":\"https:\\\/\\\/www.vertigomotors.com\\\/es\\\/amplio-protagonismo-para-vertigo-en-el-cet-de-ripoll-16-podios\\\/#primaryimage\"},\"thumbnailUrl\":\"https:\\\/\\\/www.vertigomotors.com\\\/wp-content\\\/uploads\\\/2020\\\/09\\\/95f24187-7d05-423c-a323-63df1bdab1bf.jpg\",\"articleSection\":[\"Competici\u00f3n\"],\"inLanguage\":\"es\",\"potentialAction\":[{\"@type\":\"CommentAction\",\"name\":\"Comment\",\"target\":[\"https:\\\/\\\/www.vertigomotors.com\\\/es\\\/amplio-protagonismo-para-vertigo-en-el-cet-de-ripoll-16-podios\\\/#respond\"]}]},{\"@type\":\"WebPage\",\"@id\":\"https:\\\/\\\/www.vertigomotors.com\\\/es\\\/amplio-protagonismo-para-vertigo-en-el-cet-de-ripoll-16-podios\\\/\",\"url\":\"https:\\\/\\\/www.vertigomotors.com\\\/es\\\/amplio-protagonismo-para-vertigo-en-el-cet-de-ripoll-16-podios\\\/\",\"name\":\"AMPLIO PROTAGONISMO PARA VERTIGO EN EL CET DE RIPOLL, \u00a116 PODIOS! | Vertigo Motors\",\"isPartOf\":{\"@id\":\"https:\\\/\\\/www.vertigomotors.com\\\/es\\\/#website\"},\"primaryImageOfPage\":{\"@id\":\"https:\\\/\\\/www.vertigomotors.com\\\/es\\\/amplio-protagonismo-para-vertigo-en-el-cet-de-ripoll-16-podios\\\/#primaryimage\"},\"image\":{\"@id\":\"https:\\\/\\\/www.vertigomotors.com\\\/es\\\/amplio-protagonismo-para-vertigo-en-el-cet-de-ripoll-16-podios\\\/#primaryimage\"},\"thumbnailUrl\":\"https:\\\/\\\/www.vertigomotors.com\\\/wp-content\\\/uploads\\\/2020\\\/09\\\/95f24187-7d05-423c-a323-63df1bdab1bf.jpg\",\"datePublished\":\"2020-09-28T09:54:57+00:00\",\"dateModified\":\"2022-04-19T13:13:43+00:00\",\"author\":{\"@id\":\"https:\\\/\\\/www.vertigomotors.com\\\/es\\\/#\\\/schema\\\/person\\\/b719de825398bef0a97e1636813c1f7f\"},\"breadcrumb\":{\"@id\":\"https:\\\/\\\/www.vertigomotors.com\\\/es\\\/amplio-protagonismo-para-vertigo-en-el-cet-de-ripoll-16-podios\\\/#breadcrumb\"},\"inLanguage\":\"es\",\"potentialAction\":[{\"@type\":\"ReadAction\",\"target\":[\"https:\\\/\\\/www.vertigomotors.com\\\/es\\\/amplio-protagonismo-para-vertigo-en-el-cet-de-ripoll-16-podios\\\/\"]}]},{\"@type\":\"ImageObject\",\"inLanguage\":\"es\",\"@id\":\"https:\\\/\\\/www.vertigomotors.com\\\/es\\\/amplio-protagonismo-para-vertigo-en-el-cet-de-ripoll-16-podios\\\/#primaryimage\",\"url\":\"https:\\\/\\\/www.vertigomotors.com\\\/wp-content\\\/uploads\\\/2020\\\/09\\\/95f24187-7d05-423c-a323-63df1bdab1bf.jpg\",\"contentUrl\":\"https:\\\/\\\/www.vertigomotors.com\\\/wp-content\\\/uploads\\\/2020\\\/09\\\/95f24187-7d05-423c-a323-63df1bdab1bf.jpg\",\"width\":1024,\"height\":683},{\"@type\":\"BreadcrumbList\",\"@id\":\"https:\\\/\\\/www.vertigomotors.com\\\/es\\\/amplio-protagonismo-para-vertigo-en-el-cet-de-ripoll-16-podios\\\/#breadcrumb\",\"itemListElement\":[{\"@type\":\"ListItem\",\"position\":1,\"name\":\"Inicio\",\"item\":\"https:\\\/\\\/www.vertigomotors.com\\\/es\\\/\"},{\"@type\":\"ListItem\",\"position\":2,\"name\":\"AMPLIO PROTAGONISMO PARA VERTIGO EN EL CET DE RIPOLL, \u00a116 PODIOS!\"}]},{\"@type\":\"WebSite\",\"@id\":\"https:\\\/\\\/www.vertigomotors.com\\\/es\\\/#website\",\"url\":\"https:\\\/\\\/www.vertigomotors.com\\\/es\\\/\",\"name\":\"Vertigo Motors\",\"description\":\"Vertigo Motors\",\"potentialAction\":[{\"@type\":\"SearchAction\",\"target\":{\"@type\":\"EntryPoint\",\"urlTemplate\":\"https:\\\/\\\/www.vertigomotors.com\\\/es\\\/?s={search_term_string}\"},\"query-input\":{\"@type\":\"PropertyValueSpecification\",\"valueRequired\":true,\"valueName\":\"search_term_string\"}}],\"inLanguage\":\"es\"},{\"@type\":\"Person\",\"@id\":\"https:\\\/\\\/www.vertigomotors.com\\\/es\\\/#\\\/schema\\\/person\\\/b719de825398bef0a97e1636813c1f7f\",\"name\":\"c473e4912d\",\"image\":{\"@type\":\"ImageObject\",\"inLanguage\":\"es\",\"@id\":\"https:\\\/\\\/secure.gravatar.com\\\/avatar\\\/5831aec57a392b620b66f2513e656e857a96f1a327a784c56c0b7eefc4468245?s=96&d=mm&r=g\",\"url\":\"https:\\\/\\\/secure.gravatar.com\\\/avatar\\\/5831aec57a392b620b66f2513e656e857a96f1a327a784c56c0b7eefc4468245?s=96&d=mm&r=g\",\"contentUrl\":\"https:\\\/\\\/secure.gravatar.com\\\/avatar\\\/5831aec57a392b620b66f2513e656e857a96f1a327a784c56c0b7eefc4468245?s=96&d=mm&r=g\",\"caption\":\"c473e4912d\"},\"sameAs\":[\"https:\\\/\\\/www.vertigomotors.com\"],\"url\":\"https:\\\/\\\/www.vertigomotors.com\\\/es\\\/author\\\/c473e4912d\\\/\"}]}<\/script>\n<!-- \/ Yoast SEO plugin. -->","yoast_head_json":{"title":"AMPLIO PROTAGONISMO PARA VERTIGO EN EL CET DE RIPOLL, \u00a116 PODIOS! | Vertigo Motors","robots":{"index":"index","follow":"follow","max-snippet":"max-snippet:-1","max-image-preview":"max-image-preview:large","max-video-preview":"max-video-preview:-1"},"canonical":"https:\/\/www.vertigomotors.com\/es\/amplio-protagonismo-para-vertigo-en-el-cet-de-ripoll-16-podios\/","og_locale":"es_ES","og_type":"article","og_title":"AMPLIO PROTAGONISMO PARA VERTIGO EN EL CET DE RIPOLL, \u00a116 PODIOS! | Vertigo Motors","og_description":"El Campeonato de Espa\u00f1a de Trial (CET) celebr\u00f3 este fin de semana su 4\u00aa cita de la temporada en Ripoll, d\u00f3nde la competici\u00f3n estar\u00eda nuevamente dividida en dos jornadas puntuables. El equipo Vertigo obtuvo presencia en la pr\u00e1ctica totalidad de los podios, pues sus pilotos sumaron hasta un total de 16 Top 3 entre s\u00e1bado [&hellip;]","og_url":"https:\/\/www.vertigomotors.com\/es\/amplio-protagonismo-para-vertigo-en-el-cet-de-ripoll-16-podios\/","og_site_name":"Vertigo Motors","article_published_time":"2020-09-28T09:54:57+00:00","article_modified_time":"2022-04-19T13:13:43+00:00","og_image":[{"width":1024,"height":683,"url":"https:\/\/www.vertigomotors.com\/wp-content\/uploads\/2020\/09\/95f24187-7d05-423c-a323-63df1bdab1bf.jpg","type":"image\/jpeg"}],"author":"c473e4912d","twitter_card":"summary_large_image","twitter_misc":{"Escrito por":"c473e4912d","Tiempo de lectura":"4 minutos"},"schema":{"@context":"https:\/\/schema.org","@graph":[{"@type":"Article","@id":"https:\/\/www.vertigomotors.com\/es\/amplio-protagonismo-para-vertigo-en-el-cet-de-ripoll-16-podios\/#article","isPartOf":{"@id":"https:\/\/www.vertigomotors.com\/es\/amplio-protagonismo-para-vertigo-en-el-cet-de-ripoll-16-podios\/"},"author":{"name":"c473e4912d","@id":"https:\/\/www.vertigomotors.com\/es\/#\/schema\/person\/b719de825398bef0a97e1636813c1f7f"},"headline":"AMPLIO PROTAGONISMO PARA VERTIGO EN EL CET DE RIPOLL, \u00a116 PODIOS!","datePublished":"2020-09-28T09:54:57+00:00","dateModified":"2022-04-19T13:13:43+00:00","mainEntityOfPage":{"@id":"https:\/\/www.vertigomotors.com\/es\/amplio-protagonismo-para-vertigo-en-el-cet-de-ripoll-16-podios\/"},"wordCount":612,"commentCount":0,"image":{"@id":"https:\/\/www.vertigomotors.com\/es\/amplio-protagonismo-para-vertigo-en-el-cet-de-ripoll-16-podios\/#primaryimage"},"thumbnailUrl":"https:\/\/www.vertigomotors.com\/wp-content\/uploads\/2020\/09\/95f24187-7d05-423c-a323-63df1bdab1bf.jpg","articleSection":["Competici\u00f3n"],"inLanguage":"es","potentialAction":[{"@type":"CommentAction","name":"Comment","target":["https:\/\/www.vertigomotors.com\/es\/amplio-protagonismo-para-vertigo-en-el-cet-de-ripoll-16-podios\/#respond"]}]},{"@type":"WebPage","@id":"https:\/\/www.vertigomotors.com\/es\/amplio-protagonismo-para-vertigo-en-el-cet-de-ripoll-16-podios\/","url":"https:\/\/www.vertigomotors.com\/es\/amplio-protagonismo-para-vertigo-en-el-cet-de-ripoll-16-podios\/","name":"AMPLIO PROTAGONISMO PARA VERTIGO EN EL CET DE RIPOLL, \u00a116 PODIOS! | Vertigo Motors","isPartOf":{"@id":"https:\/\/www.vertigomotors.com\/es\/#website"},"primaryImageOfPage":{"@id":"https:\/\/www.vertigomotors.com\/es\/amplio-protagonismo-para-vertigo-en-el-cet-de-ripoll-16-podios\/#primaryimage"},"image":{"@id":"https:\/\/www.vertigomotors.com\/es\/amplio-protagonismo-para-vertigo-en-el-cet-de-ripoll-16-podios\/#primaryimage"},"thumbnailUrl":"https:\/\/www.vertigomotors.com\/wp-content\/uploads\/2020\/09\/95f24187-7d05-423c-a323-63df1bdab1bf.jpg","datePublished":"2020-09-28T09:54:57+00:00","dateModified":"2022-04-19T13:13:43+00:00","author":{"@id":"https:\/\/www.vertigomotors.com\/es\/#\/schema\/person\/b719de825398bef0a97e1636813c1f7f"},"breadcrumb":{"@id":"https:\/\/www.vertigomotors.com\/es\/amplio-protagonismo-para-vertigo-en-el-cet-de-ripoll-16-podios\/#breadcrumb"},"inLanguage":"es","potentialAction":[{"@type":"ReadAction","target":["https:\/\/www.vertigomotors.com\/es\/amplio-protagonismo-para-vertigo-en-el-cet-de-ripoll-16-podios\/"]}]},{"@type":"ImageObject","inLanguage":"es","@id":"https:\/\/www.vertigomotors.com\/es\/amplio-protagonismo-para-vertigo-en-el-cet-de-ripoll-16-podios\/#primaryimage","url":"https:\/\/www.vertigomotors.com\/wp-content\/uploads\/2020\/09\/95f24187-7d05-423c-a323-63df1bdab1bf.jpg","contentUrl":"https:\/\/www.vertigomotors.com\/wp-content\/uploads\/2020\/09\/95f24187-7d05-423c-a323-63df1bdab1bf.jpg","width":1024,"height":683},{"@type":"BreadcrumbList","@id":"https:\/\/www.vertigomotors.com\/es\/amplio-protagonismo-para-vertigo-en-el-cet-de-ripoll-16-podios\/#breadcrumb","itemListElement":[{"@type":"ListItem","position":1,"name":"Inicio","item":"https:\/\/www.vertigomotors.com\/es\/"},{"@type":"ListItem","position":2,"name":"AMPLIO PROTAGONISMO PARA VERTIGO EN EL CET DE RIPOLL, \u00a116 PODIOS!"}]},{"@type":"WebSite","@id":"https:\/\/www.vertigomotors.com\/es\/#website","url":"https:\/\/www.vertigomotors.com\/es\/","name":"Vertigo Motors","description":"Vertigo Motors","potentialAction":[{"@type":"SearchAction","target":{"@type":"EntryPoint","urlTemplate":"https:\/\/www.vertigomotors.com\/es\/?s={search_term_string}"},"query-input":{"@type":"PropertyValueSpecification","valueRequired":true,"valueName":"search_term_string"}}],"inLanguage":"es"},{"@type":"Person","@id":"https:\/\/www.vertigomotors.com\/es\/#\/schema\/person\/b719de825398bef0a97e1636813c1f7f","name":"c473e4912d","image":{"@type":"ImageObject","inLanguage":"es","@id":"https:\/\/secure.gravatar.com\/avatar\/5831aec57a392b620b66f2513e656e857a96f1a327a784c56c0b7eefc4468245?s=96&d=mm&r=g","url":"https:\/\/secure.gravatar.com\/avatar\/5831aec57a392b620b66f2513e656e857a96f1a327a784c56c0b7eefc4468245?s=96&d=mm&r=g","contentUrl":"https:\/\/secure.gravatar.com\/avatar\/5831aec57a392b620b66f2513e656e857a96f1a327a784c56c0b7eefc4468245?s=96&d=mm&r=g","caption":"c473e4912d"},"sameAs":["https:\/\/www.vertigomotors.com"],"url":"https:\/\/www.vertigomotors.com\/es\/author\/c473e4912d\/"}]}},"_links":{"self":[{"href":"https:\/\/www.vertigomotors.com\/es\/wp-json\/wp\/v2\/posts\/6283","targetHints":{"allow":["GET"]}}],"collection":[{"href":"https:\/\/www.vertigomotors.com\/es\/wp-json\/wp\/v2\/posts"}],"about":[{"href":"https:\/\/www.vertigomotors.com\/es\/wp-json\/wp\/v2\/types\/post"}],"author":[{"embeddable":true,"href":"https:\/\/www.vertigomotors.com\/es\/wp-json\/wp\/v2\/users\/1"}],"replies":[{"embeddable":true,"href":"https:\/\/www.vertigomotors.com\/es\/wp-json\/wp\/v2\/comments?post=6283"}],"version-history":[{"count":2,"href":"https:\/\/www.vertigomotors.com\/es\/wp-json\/wp\/v2\/posts\/6283\/revisions"}],"predecessor-version":[{"id":8881,"href":"https:\/\/www.vertigomotors.com\/es\/wp-json\/wp\/v2\/posts\/6283\/revisions\/8881"}],"wp:featuredmedia":[{"embeddable":true,"href":"https:\/\/www.vertigomotors.com\/es\/wp-json\/wp\/v2\/media\/8879"}],"wp:attachment":[{"href":"https:\/\/www.vertigomotors.com\/es\/wp-json\/wp\/v2\/media?parent=6283"}],"wp:term":[{"taxonomy":"category","embeddable":true,"href":"https:\/\/www.vertigomotors.com\/es\/wp-json\/wp\/v2\/categories?post=6283"},{"taxonomy":"post_tag","embeddable":true,"href":"https:\/\/www.vertigomotors.com\/es\/wp-json\/wp\/v2\/tags?post=6283"}],"curies":[{"name":"wp","href":"https:\/\/api.w.org\/{rel}","templated":true}]}}