{"id":6175,"date":"2020-09-21T08:19:17","date_gmt":"2020-09-21T08:19:17","guid":{"rendered":"https:\/\/www.vertigomotors.com\/?p=6175"},"modified":"2022-04-19T13:13:48","modified_gmt":"2022-04-19T13:13:48","slug":"satisfactorio-trialgp-de-andorra-para-vertigo-con-cinco-nuevos-podios","status":"publish","type":"post","link":"https:\/\/www.vertigomotors.com\/es\/satisfactorio-trialgp-de-andorra-para-vertigo-con-cinco-nuevos-podios\/","title":{"rendered":"SATISFACTORIO TRIALGP DE ANDORRA PARA VERTIGO CON CINCO NUEVOS PODIOS"},"content":{"rendered":"\n<p>El TrialGP de Andorra, que marcaba el inicio de la segunda mitad de la temporada mundialista, vio como los pilotos Vertigo volv\u00edan a destacar en todas las categor\u00edas presentes logrando en conjunto, cinco nuevos podios con los que seguir demostrando la competitividad de las R2 en pruebas de altitud como ya hicieran en Francia, ronda inaugural del Campeonato.<\/p>\n\n\n\n<p>En TrialGP Jaime Busto fue sexto los dos d\u00edas de carrera. En la primera jornada el trial estuvo marcado por la lluvia, que hab\u00eda dejado las zonas en un estado muy delicado y sin pr\u00e1cticamente grip. A medida que fue avanzando el d\u00eda las condiciones mejoraron, y as\u00ed lo hicieron las puntuaciones de Busto, que tras dejar 31 puntos en la primera, termin\u00f3 la \u00faltima vuelta con 25 a un solo punto del quinto clasificado y a cuatro del cuarto. En el segundo d\u00eda, algo m\u00e1s regular en sus vueltas, con 28, 23 y 26 puntos respectivamente, repetir\u00eda posici\u00f3n. Tras Andorra Busto sigue manteniendo una s\u00f3lida tercera posici\u00f3n en la general del Campeonato, ahora aventaja en 15 puntos al cuarto clasificado.<\/p>\n\n\n\n<p>Jack Price, que sufri\u00f3 una aparatosa ca\u00edda en el TrialGP de Espa\u00f1a de hace una semana pudo finalmente competir en Andorra. El brit\u00e1nico, que a\u00fan no estaba al 100% fue und\u00e9cimo los dos d\u00edas de carrera.<\/p>\n\n\n\n<figure class=\"wp-block-image size-large\"><img decoding=\"async\" src=\"http:\/\/www.vertigomotors.com\/wp-content\/uploads\/2020\/09\/f03751a8-4d1a-4bed-b5d8-4effc37f04b8-1024x682.jpg\" alt=\"\" class=\"wp-image-6176\"\/><\/figure>\n\n\n\n<figure class=\"wp-block-image size-large\"><img decoding=\"async\" src=\"http:\/\/www.vertigomotors.com\/wp-content\/uploads\/2020\/09\/aa3b43c5-a12f-45d3-8ab7-c9e15ce93a96-1024x681.jpg\" alt=\"\" class=\"wp-image-6177\"\/><\/figure>\n\n\n\n<p>Berta Abell\u00e1n logr\u00f3 en Andorra su tercer subcampeonato consecutivo en TrialGP Women. El s\u00e1bado fue tercera por detr\u00e1s de Sandra G\u00f3mez, con qui\u00e9n llegaba empatada a puntos a la cita andorrana, por lo que para alcanzar la segunda posici\u00f3n del Campeonato solo le val\u00eda terminar por delante de su compatriota espa\u00f1ola el domingo. Abell\u00e1n no dej\u00f3 que le afectara la presi\u00f3n y con un trial magn\u00edfico, alcanz\u00f3 el segundo pelda\u00f1o del podio para proclamarse nuevamente subcampeona del certamen dado que para la categor\u00eda de femenina esta era la \u00faltima prueba del calendario.<\/p>\n\n\n\n<figure class=\"wp-block-image size-large\"><img decoding=\"async\" src=\"http:\/\/www.vertigomotors.com\/wp-content\/uploads\/2020\/09\/b52a8566-d51b-4e46-89af-8d319c80305d-1024x681.jpg\" alt=\"\" class=\"wp-image-6178\"\/><\/figure>\n\n\n\n<p>Los pilotos de Trial125 volvieron a estar especialmente inspirados en Andorra. La R2 se ha erigido como la m\u00e1quina m\u00e1s completa de la categor\u00eda, y as\u00ed lo est\u00e1n demostrando los pilotos Vertigo en cada ronda de este Mundial. El s\u00e1bado Pau Mart\u00ednez acab\u00f3 segundo despu\u00e9s de consumar una gran remontada, Ben Dignan ser\u00eda sexto y Pau Dinar\u00e9s tambi\u00e9n lograr\u00eda entrar en el Top 10, noveno. El domingo constituir\u00eda otra excepcional jornada para Vertigo, Mart\u00ednez volver\u00eda a ser segundo, pero esta vez estar\u00eda acompa\u00f1ado por Ben Dignan, que subir\u00eda por primera vez a lo m\u00e1s alto del podio en el Mundial. El escoc\u00e9s gan\u00f3 el trial gracias a una \u00faltima vuelta espectacular en la que solamente dej\u00f3 escapar 3 puntos para acumular un total de 19, uno menos que Mart\u00ednez.<\/p>\n\n\n\n<p>Estas dos segundas posiciones le permitieron a Pau Mart\u00ednez extender su liderato en el Mundial, ahora aventaja en 23 puntos a Guiraud. Con su victoria el domingo Dignan asciende hasta un sensacional&nbsp;tercer puesto de la general.&nbsp;<\/p>\n\n\n\n<figure class=\"wp-block-image size-large\"><img decoding=\"async\" src=\"http:\/\/www.vertigomotors.com\/wp-content\/uploads\/2020\/09\/25e7f636-bd12-4e6f-9a53-88b9f2855bd1-1024x681.jpg\" alt=\"\" class=\"wp-image-6179\"\/><\/figure>\n\n\n\n<figure class=\"wp-block-gallery columns-2 is-cropped wp-block-gallery-1 is-layout-flex wp-block-gallery-is-layout-flex\"><ul class=\"blocks-gallery-grid\"><li class=\"blocks-gallery-item\"><figure><img decoding=\"async\" src=\"http:\/\/www.vertigomotors.com\/wp-content\/uploads\/2020\/09\/f6e832df-ec67-466b-b6fc-229d4832dd24-1024x681.jpg\" alt=\"\" data-id=\"6181\" data-full-url=\"http:\/\/www.vertigomotors.com\/wp-content\/uploads\/2020\/09\/f6e832df-ec67-466b-b6fc-229d4832dd24.jpg\" data-link=\"https:\/\/www.vertigomotors.com\/?attachment_id=6181\" class=\"wp-image-6181\"\/><\/figure><\/li><li class=\"blocks-gallery-item\"><figure><img decoding=\"async\" src=\"http:\/\/www.vertigomotors.com\/wp-content\/uploads\/2020\/09\/266495c3-f368-4fd4-9186-3327cb21d626-1024x681.jpg\" alt=\"\" data-id=\"6180\" data-full-url=\"http:\/\/www.vertigomotors.com\/wp-content\/uploads\/2020\/09\/266495c3-f368-4fd4-9186-3327cb21d626.jpg\" data-link=\"https:\/\/www.vertigomotors.com\/?attachment_id=6180\" class=\"wp-image-6180\"\/><\/figure><\/li><\/ul><\/figure>\n\n\n\n<p>En la categor\u00eda de Trial2 Lorenzo Gandola volv\u00eda a formalizar un excelente inicio del trial que le colocaba de lleno en la pugna por los primeros puestos. Sin embargo, una segunda vuelta con dos fiascos en zonas que anteriormente hab\u00eda pasado a cero, le hicieron perder el contacto con el tren delantero para acabar el d\u00eda en 10\u00aa posici\u00f3n. El rookie Hugo Dufrese fue 12\u00ba. El domingo el joven piloto franc\u00e9s lograr\u00eda su mejor resultado hasta la fecha en Trial2, acab\u00f3 en una excepcional s\u00e9ptima posici\u00f3n gracias a una segunda parte de carrera muy meritoria con una \u00faltima vuelta en la que estuvo especialmente acertado, dej\u00f3&nbsp;solamente 16 puntos. Lorenzo Gandola volver\u00eda a cerrar el Top 10.<\/p>\n\n\n\n\n\n<p>Ahora el Mundial de TrialGP se toma un peque\u00f1o respiro tras tres carreras consecutivas para volver a la acci\u00f3n el fin de semana del 10 y el 11 de octubre en Italia, \u00faltima ronda del certamen y donde quedar\u00e1n decididas todas las categor\u00edas.<\/p>\n","protected":false},"excerpt":{"rendered":"<p>El TrialGP de Andorra, que marcaba el inicio de la segunda mitad de la temporada mundialista, vio como los pilotos Vertigo volv\u00edan a destacar en todas las categor\u00edas presentes logrando en conjunto, cinco nuevos podios con los que seguir demostrando la competitividad de las R2 en pruebas de altitud como ya hicieran en Francia, ronda [&hellip;]<\/p>\n","protected":false},"author":1,"featured_media":8882,"comment_status":"open","ping_status":"open","sticky":false,"template":"","format":"standard","meta":{"_et_pb_use_builder":"","_et_pb_old_content":"","_et_gb_content_width":"","inline_featured_image":false,"footnotes":""},"categories":[32],"tags":[],"class_list":["post-6175","post","type-post","status-publish","format-standard","has-post-thumbnail","hentry","category-competicion"],"yoast_head":"<!-- This site is optimized with the Yoast SEO plugin v27.5 - https:\/\/yoast.com\/product\/yoast-seo-wordpress\/ -->\n<title>SATISFACTORIO TRIALGP DE ANDORRA PARA VERTIGO CON CINCO NUEVOS PODIOS | Vertigo Motors<\/title>\n<meta name=\"robots\" content=\"index, follow, max-snippet:-1, max-image-preview:large, max-video-preview:-1\" \/>\n<link rel=\"canonical\" href=\"https:\/\/www.vertigomotors.com\/es\/satisfactorio-trialgp-de-andorra-para-vertigo-con-cinco-nuevos-podios\/\" \/>\n<meta property=\"og:locale\" content=\"es_ES\" \/>\n<meta property=\"og:type\" content=\"article\" \/>\n<meta property=\"og:title\" content=\"SATISFACTORIO TRIALGP DE ANDORRA PARA VERTIGO CON CINCO NUEVOS PODIOS | Vertigo Motors\" \/>\n<meta property=\"og:description\" content=\"El TrialGP de Andorra, que marcaba el inicio de la segunda mitad de la temporada mundialista, vio como los pilotos Vertigo volv\u00edan a destacar en todas las categor\u00edas presentes logrando en conjunto, cinco nuevos podios con los que seguir demostrando la competitividad de las R2 en pruebas de altitud como ya hicieran en Francia, ronda [&hellip;]\" \/>\n<meta property=\"og:url\" content=\"https:\/\/www.vertigomotors.com\/es\/satisfactorio-trialgp-de-andorra-para-vertigo-con-cinco-nuevos-podios\/\" \/>\n<meta property=\"og:site_name\" content=\"Vertigo Motors\" \/>\n<meta property=\"article:published_time\" content=\"2020-09-21T08:19:17+00:00\" \/>\n<meta property=\"article:modified_time\" content=\"2022-04-19T13:13:48+00:00\" \/>\n<meta property=\"og:image\" content=\"https:\/\/www.vertigomotors.com\/wp-content\/uploads\/2020\/09\/5488058e-17ac-4a1d-a590-d3bb24929d5c-1-1024x681.jpg\" \/>\n\t<meta property=\"og:image:width\" content=\"1024\" \/>\n\t<meta property=\"og:image:height\" content=\"681\" \/>\n\t<meta property=\"og:image:type\" content=\"image\/jpeg\" \/>\n<meta name=\"author\" content=\"c473e4912d\" \/>\n<meta name=\"twitter:card\" content=\"summary_large_image\" \/>\n<meta name=\"twitter:label1\" content=\"Escrito por\" \/>\n\t<meta name=\"twitter:data1\" content=\"c473e4912d\" \/>\n\t<meta name=\"twitter:label2\" content=\"Tiempo de lectura\" \/>\n\t<meta name=\"twitter:data2\" content=\"4 minutos\" \/>\n<script type=\"application\/ld+json\" class=\"yoast-schema-graph\">{\"@context\":\"https:\\\/\\\/schema.org\",\"@graph\":[{\"@type\":\"Article\",\"@id\":\"https:\\\/\\\/www.vertigomotors.com\\\/es\\\/satisfactorio-trialgp-de-andorra-para-vertigo-con-cinco-nuevos-podios\\\/#article\",\"isPartOf\":{\"@id\":\"https:\\\/\\\/www.vertigomotors.com\\\/es\\\/satisfactorio-trialgp-de-andorra-para-vertigo-con-cinco-nuevos-podios\\\/\"},\"author\":{\"name\":\"c473e4912d\",\"@id\":\"https:\\\/\\\/www.vertigomotors.com\\\/es\\\/#\\\/schema\\\/person\\\/b719de825398bef0a97e1636813c1f7f\"},\"headline\":\"SATISFACTORIO TRIALGP DE ANDORRA PARA VERTIGO CON CINCO NUEVOS PODIOS\",\"datePublished\":\"2020-09-21T08:19:17+00:00\",\"dateModified\":\"2022-04-19T13:13:48+00:00\",\"mainEntityOfPage\":{\"@id\":\"https:\\\/\\\/www.vertigomotors.com\\\/es\\\/satisfactorio-trialgp-de-andorra-para-vertigo-con-cinco-nuevos-podios\\\/\"},\"wordCount\":702,\"commentCount\":0,\"image\":{\"@id\":\"https:\\\/\\\/www.vertigomotors.com\\\/es\\\/satisfactorio-trialgp-de-andorra-para-vertigo-con-cinco-nuevos-podios\\\/#primaryimage\"},\"thumbnailUrl\":\"https:\\\/\\\/www.vertigomotors.com\\\/wp-content\\\/uploads\\\/2020\\\/09\\\/5488058e-17ac-4a1d-a590-d3bb24929d5c-1.jpg\",\"articleSection\":[\"Competici\u00f3n\"],\"inLanguage\":\"es\",\"potentialAction\":[{\"@type\":\"CommentAction\",\"name\":\"Comment\",\"target\":[\"https:\\\/\\\/www.vertigomotors.com\\\/es\\\/satisfactorio-trialgp-de-andorra-para-vertigo-con-cinco-nuevos-podios\\\/#respond\"]}]},{\"@type\":\"WebPage\",\"@id\":\"https:\\\/\\\/www.vertigomotors.com\\\/es\\\/satisfactorio-trialgp-de-andorra-para-vertigo-con-cinco-nuevos-podios\\\/\",\"url\":\"https:\\\/\\\/www.vertigomotors.com\\\/es\\\/satisfactorio-trialgp-de-andorra-para-vertigo-con-cinco-nuevos-podios\\\/\",\"name\":\"SATISFACTORIO TRIALGP DE ANDORRA PARA VERTIGO CON CINCO NUEVOS PODIOS | Vertigo Motors\",\"isPartOf\":{\"@id\":\"https:\\\/\\\/www.vertigomotors.com\\\/es\\\/#website\"},\"primaryImageOfPage\":{\"@id\":\"https:\\\/\\\/www.vertigomotors.com\\\/es\\\/satisfactorio-trialgp-de-andorra-para-vertigo-con-cinco-nuevos-podios\\\/#primaryimage\"},\"image\":{\"@id\":\"https:\\\/\\\/www.vertigomotors.com\\\/es\\\/satisfactorio-trialgp-de-andorra-para-vertigo-con-cinco-nuevos-podios\\\/#primaryimage\"},\"thumbnailUrl\":\"https:\\\/\\\/www.vertigomotors.com\\\/wp-content\\\/uploads\\\/2020\\\/09\\\/5488058e-17ac-4a1d-a590-d3bb24929d5c-1.jpg\",\"datePublished\":\"2020-09-21T08:19:17+00:00\",\"dateModified\":\"2022-04-19T13:13:48+00:00\",\"author\":{\"@id\":\"https:\\\/\\\/www.vertigomotors.com\\\/es\\\/#\\\/schema\\\/person\\\/b719de825398bef0a97e1636813c1f7f\"},\"breadcrumb\":{\"@id\":\"https:\\\/\\\/www.vertigomotors.com\\\/es\\\/satisfactorio-trialgp-de-andorra-para-vertigo-con-cinco-nuevos-podios\\\/#breadcrumb\"},\"inLanguage\":\"es\",\"potentialAction\":[{\"@type\":\"ReadAction\",\"target\":[\"https:\\\/\\\/www.vertigomotors.com\\\/es\\\/satisfactorio-trialgp-de-andorra-para-vertigo-con-cinco-nuevos-podios\\\/\"]}]},{\"@type\":\"ImageObject\",\"inLanguage\":\"es\",\"@id\":\"https:\\\/\\\/www.vertigomotors.com\\\/es\\\/satisfactorio-trialgp-de-andorra-para-vertigo-con-cinco-nuevos-podios\\\/#primaryimage\",\"url\":\"https:\\\/\\\/www.vertigomotors.com\\\/wp-content\\\/uploads\\\/2020\\\/09\\\/5488058e-17ac-4a1d-a590-d3bb24929d5c-1.jpg\",\"contentUrl\":\"https:\\\/\\\/www.vertigomotors.com\\\/wp-content\\\/uploads\\\/2020\\\/09\\\/5488058e-17ac-4a1d-a590-d3bb24929d5c-1.jpg\",\"width\":2000,\"height\":1331},{\"@type\":\"BreadcrumbList\",\"@id\":\"https:\\\/\\\/www.vertigomotors.com\\\/es\\\/satisfactorio-trialgp-de-andorra-para-vertigo-con-cinco-nuevos-podios\\\/#breadcrumb\",\"itemListElement\":[{\"@type\":\"ListItem\",\"position\":1,\"name\":\"Inicio\",\"item\":\"https:\\\/\\\/www.vertigomotors.com\\\/es\\\/\"},{\"@type\":\"ListItem\",\"position\":2,\"name\":\"SATISFACTORIO TRIALGP DE ANDORRA PARA VERTIGO CON CINCO NUEVOS PODIOS\"}]},{\"@type\":\"WebSite\",\"@id\":\"https:\\\/\\\/www.vertigomotors.com\\\/es\\\/#website\",\"url\":\"https:\\\/\\\/www.vertigomotors.com\\\/es\\\/\",\"name\":\"Vertigo Motors\",\"description\":\"Vertigo Motors\",\"potentialAction\":[{\"@type\":\"SearchAction\",\"target\":{\"@type\":\"EntryPoint\",\"urlTemplate\":\"https:\\\/\\\/www.vertigomotors.com\\\/es\\\/?s={search_term_string}\"},\"query-input\":{\"@type\":\"PropertyValueSpecification\",\"valueRequired\":true,\"valueName\":\"search_term_string\"}}],\"inLanguage\":\"es\"},{\"@type\":\"Person\",\"@id\":\"https:\\\/\\\/www.vertigomotors.com\\\/es\\\/#\\\/schema\\\/person\\\/b719de825398bef0a97e1636813c1f7f\",\"name\":\"c473e4912d\",\"image\":{\"@type\":\"ImageObject\",\"inLanguage\":\"es\",\"@id\":\"https:\\\/\\\/secure.gravatar.com\\\/avatar\\\/5831aec57a392b620b66f2513e656e857a96f1a327a784c56c0b7eefc4468245?s=96&d=mm&r=g\",\"url\":\"https:\\\/\\\/secure.gravatar.com\\\/avatar\\\/5831aec57a392b620b66f2513e656e857a96f1a327a784c56c0b7eefc4468245?s=96&d=mm&r=g\",\"contentUrl\":\"https:\\\/\\\/secure.gravatar.com\\\/avatar\\\/5831aec57a392b620b66f2513e656e857a96f1a327a784c56c0b7eefc4468245?s=96&d=mm&r=g\",\"caption\":\"c473e4912d\"},\"sameAs\":[\"https:\\\/\\\/www.vertigomotors.com\"],\"url\":\"https:\\\/\\\/www.vertigomotors.com\\\/es\\\/author\\\/c473e4912d\\\/\"}]}<\/script>\n<!-- \/ Yoast SEO plugin. -->","yoast_head_json":{"title":"SATISFACTORIO TRIALGP DE ANDORRA PARA VERTIGO CON CINCO NUEVOS PODIOS | Vertigo Motors","robots":{"index":"index","follow":"follow","max-snippet":"max-snippet:-1","max-image-preview":"max-image-preview:large","max-video-preview":"max-video-preview:-1"},"canonical":"https:\/\/www.vertigomotors.com\/es\/satisfactorio-trialgp-de-andorra-para-vertigo-con-cinco-nuevos-podios\/","og_locale":"es_ES","og_type":"article","og_title":"SATISFACTORIO TRIALGP DE ANDORRA PARA VERTIGO CON CINCO NUEVOS PODIOS | Vertigo Motors","og_description":"El TrialGP de Andorra, que marcaba el inicio de la segunda mitad de la temporada mundialista, vio como los pilotos Vertigo volv\u00edan a destacar en todas las categor\u00edas presentes logrando en conjunto, cinco nuevos podios con los que seguir demostrando la competitividad de las R2 en pruebas de altitud como ya hicieran en Francia, ronda [&hellip;]","og_url":"https:\/\/www.vertigomotors.com\/es\/satisfactorio-trialgp-de-andorra-para-vertigo-con-cinco-nuevos-podios\/","og_site_name":"Vertigo Motors","article_published_time":"2020-09-21T08:19:17+00:00","article_modified_time":"2022-04-19T13:13:48+00:00","og_image":[{"width":1024,"height":681,"url":"https:\/\/www.vertigomotors.com\/wp-content\/uploads\/2020\/09\/5488058e-17ac-4a1d-a590-d3bb24929d5c-1-1024x681.jpg","type":"image\/jpeg"}],"author":"c473e4912d","twitter_card":"summary_large_image","twitter_misc":{"Escrito por":"c473e4912d","Tiempo de lectura":"4 minutos"},"schema":{"@context":"https:\/\/schema.org","@graph":[{"@type":"Article","@id":"https:\/\/www.vertigomotors.com\/es\/satisfactorio-trialgp-de-andorra-para-vertigo-con-cinco-nuevos-podios\/#article","isPartOf":{"@id":"https:\/\/www.vertigomotors.com\/es\/satisfactorio-trialgp-de-andorra-para-vertigo-con-cinco-nuevos-podios\/"},"author":{"name":"c473e4912d","@id":"https:\/\/www.vertigomotors.com\/es\/#\/schema\/person\/b719de825398bef0a97e1636813c1f7f"},"headline":"SATISFACTORIO TRIALGP DE ANDORRA PARA VERTIGO CON CINCO NUEVOS PODIOS","datePublished":"2020-09-21T08:19:17+00:00","dateModified":"2022-04-19T13:13:48+00:00","mainEntityOfPage":{"@id":"https:\/\/www.vertigomotors.com\/es\/satisfactorio-trialgp-de-andorra-para-vertigo-con-cinco-nuevos-podios\/"},"wordCount":702,"commentCount":0,"image":{"@id":"https:\/\/www.vertigomotors.com\/es\/satisfactorio-trialgp-de-andorra-para-vertigo-con-cinco-nuevos-podios\/#primaryimage"},"thumbnailUrl":"https:\/\/www.vertigomotors.com\/wp-content\/uploads\/2020\/09\/5488058e-17ac-4a1d-a590-d3bb24929d5c-1.jpg","articleSection":["Competici\u00f3n"],"inLanguage":"es","potentialAction":[{"@type":"CommentAction","name":"Comment","target":["https:\/\/www.vertigomotors.com\/es\/satisfactorio-trialgp-de-andorra-para-vertigo-con-cinco-nuevos-podios\/#respond"]}]},{"@type":"WebPage","@id":"https:\/\/www.vertigomotors.com\/es\/satisfactorio-trialgp-de-andorra-para-vertigo-con-cinco-nuevos-podios\/","url":"https:\/\/www.vertigomotors.com\/es\/satisfactorio-trialgp-de-andorra-para-vertigo-con-cinco-nuevos-podios\/","name":"SATISFACTORIO TRIALGP DE ANDORRA PARA VERTIGO CON CINCO NUEVOS PODIOS | Vertigo Motors","isPartOf":{"@id":"https:\/\/www.vertigomotors.com\/es\/#website"},"primaryImageOfPage":{"@id":"https:\/\/www.vertigomotors.com\/es\/satisfactorio-trialgp-de-andorra-para-vertigo-con-cinco-nuevos-podios\/#primaryimage"},"image":{"@id":"https:\/\/www.vertigomotors.com\/es\/satisfactorio-trialgp-de-andorra-para-vertigo-con-cinco-nuevos-podios\/#primaryimage"},"thumbnailUrl":"https:\/\/www.vertigomotors.com\/wp-content\/uploads\/2020\/09\/5488058e-17ac-4a1d-a590-d3bb24929d5c-1.jpg","datePublished":"2020-09-21T08:19:17+00:00","dateModified":"2022-04-19T13:13:48+00:00","author":{"@id":"https:\/\/www.vertigomotors.com\/es\/#\/schema\/person\/b719de825398bef0a97e1636813c1f7f"},"breadcrumb":{"@id":"https:\/\/www.vertigomotors.com\/es\/satisfactorio-trialgp-de-andorra-para-vertigo-con-cinco-nuevos-podios\/#breadcrumb"},"inLanguage":"es","potentialAction":[{"@type":"ReadAction","target":["https:\/\/www.vertigomotors.com\/es\/satisfactorio-trialgp-de-andorra-para-vertigo-con-cinco-nuevos-podios\/"]}]},{"@type":"ImageObject","inLanguage":"es","@id":"https:\/\/www.vertigomotors.com\/es\/satisfactorio-trialgp-de-andorra-para-vertigo-con-cinco-nuevos-podios\/#primaryimage","url":"https:\/\/www.vertigomotors.com\/wp-content\/uploads\/2020\/09\/5488058e-17ac-4a1d-a590-d3bb24929d5c-1.jpg","contentUrl":"https:\/\/www.vertigomotors.com\/wp-content\/uploads\/2020\/09\/5488058e-17ac-4a1d-a590-d3bb24929d5c-1.jpg","width":2000,"height":1331},{"@type":"BreadcrumbList","@id":"https:\/\/www.vertigomotors.com\/es\/satisfactorio-trialgp-de-andorra-para-vertigo-con-cinco-nuevos-podios\/#breadcrumb","itemListElement":[{"@type":"ListItem","position":1,"name":"Inicio","item":"https:\/\/www.vertigomotors.com\/es\/"},{"@type":"ListItem","position":2,"name":"SATISFACTORIO TRIALGP DE ANDORRA PARA VERTIGO CON CINCO NUEVOS PODIOS"}]},{"@type":"WebSite","@id":"https:\/\/www.vertigomotors.com\/es\/#website","url":"https:\/\/www.vertigomotors.com\/es\/","name":"Vertigo Motors","description":"Vertigo Motors","potentialAction":[{"@type":"SearchAction","target":{"@type":"EntryPoint","urlTemplate":"https:\/\/www.vertigomotors.com\/es\/?s={search_term_string}"},"query-input":{"@type":"PropertyValueSpecification","valueRequired":true,"valueName":"search_term_string"}}],"inLanguage":"es"},{"@type":"Person","@id":"https:\/\/www.vertigomotors.com\/es\/#\/schema\/person\/b719de825398bef0a97e1636813c1f7f","name":"c473e4912d","image":{"@type":"ImageObject","inLanguage":"es","@id":"https:\/\/secure.gravatar.com\/avatar\/5831aec57a392b620b66f2513e656e857a96f1a327a784c56c0b7eefc4468245?s=96&d=mm&r=g","url":"https:\/\/secure.gravatar.com\/avatar\/5831aec57a392b620b66f2513e656e857a96f1a327a784c56c0b7eefc4468245?s=96&d=mm&r=g","contentUrl":"https:\/\/secure.gravatar.com\/avatar\/5831aec57a392b620b66f2513e656e857a96f1a327a784c56c0b7eefc4468245?s=96&d=mm&r=g","caption":"c473e4912d"},"sameAs":["https:\/\/www.vertigomotors.com"],"url":"https:\/\/www.vertigomotors.com\/es\/author\/c473e4912d\/"}]}},"_links":{"self":[{"href":"https:\/\/www.vertigomotors.com\/es\/wp-json\/wp\/v2\/posts\/6175","targetHints":{"allow":["GET"]}}],"collection":[{"href":"https:\/\/www.vertigomotors.com\/es\/wp-json\/wp\/v2\/posts"}],"about":[{"href":"https:\/\/www.vertigomotors.com\/es\/wp-json\/wp\/v2\/types\/post"}],"author":[{"embeddable":true,"href":"https:\/\/www.vertigomotors.com\/es\/wp-json\/wp\/v2\/users\/1"}],"replies":[{"embeddable":true,"href":"https:\/\/www.vertigomotors.com\/es\/wp-json\/wp\/v2\/comments?post=6175"}],"version-history":[{"count":2,"href":"https:\/\/www.vertigomotors.com\/es\/wp-json\/wp\/v2\/posts\/6175\/revisions"}],"predecessor-version":[{"id":8884,"href":"https:\/\/www.vertigomotors.com\/es\/wp-json\/wp\/v2\/posts\/6175\/revisions\/8884"}],"wp:featuredmedia":[{"embeddable":true,"href":"https:\/\/www.vertigomotors.com\/es\/wp-json\/wp\/v2\/media\/8882"}],"wp:attachment":[{"href":"https:\/\/www.vertigomotors.com\/es\/wp-json\/wp\/v2\/media?parent=6175"}],"wp:term":[{"taxonomy":"category","embeddable":true,"href":"https:\/\/www.vertigomotors.com\/es\/wp-json\/wp\/v2\/categories?post=6175"},{"taxonomy":"post_tag","embeddable":true,"href":"https:\/\/www.vertigomotors.com\/es\/wp-json\/wp\/v2\/tags?post=6175"}],"curies":[{"name":"wp","href":"https:\/\/api.w.org\/{rel}","templated":true}]}}