{"id":6139,"date":"2020-09-14T10:44:25","date_gmt":"2020-09-14T10:44:25","guid":{"rendered":"https:\/\/www.vertigomotors.com\/?p=6139"},"modified":"2022-04-19T13:13:53","modified_gmt":"2022-04-19T13:13:53","slug":"protagonismo-destacado-para-vertigo-en-el-trialgp-de-espana-con-7-podios","status":"publish","type":"post","link":"https:\/\/www.vertigomotors.com\/es\/protagonismo-destacado-para-vertigo-en-el-trialgp-de-espana-con-7-podios\/","title":{"rendered":"PROTAGONISMO DESTACADO PARA VERTIGO EN EL TRIALGP DE ESPA\u00d1A CON 7 PODIOS"},"content":{"rendered":"\n<p>Los pilotos Vertigo Factory mantuvieron en Pobladura de las Regueras el excelente nivel mostrado en el TrialGP de Francia. Busto, Mart\u00ednez, Dinar\u00e9s, Dignan y Abell\u00e1n sumaron un total de 7 podios para el equipo.<\/p>\n\n\n\n<p>La localidad leonesa de Pobladura de las Regueras acogi\u00f3 este fin de semana la tercera y cuarta prueba del Mundial de TrialGP 2020. El equipo Vertigo, uno de los grandes protagonistas en la ronda inaugural, volvi\u00f3 a colocar a sus pilotos entre los mejores de cada categor\u00eda en las dos jornadas puntuables con protagonismo para Jaime Busto en TrialGP, el intratable l\u00edder de Trial125 Pau Mart\u00ednez&nbsp;y Berta Abell\u00e1n, que no defraud\u00f3 y sigue acumulando podios en TrialGP Women.<\/p>\n\n\n\n<p>En la categor\u00eda reina Jaime Busto dio continuidad al excelente nivel exhibido en Francia justo hace una semana. El s\u00e1bado el piloto vizca\u00edno volvi\u00f3 a saborear el podio despu\u00e9s de formalizar un trial muy s\u00f3lido, con tres vueltas muy regulares de 19, 15 y 15 puntos&nbsp;a los mandos de su R2 para finalizar segundo. El domingo sin embargo no pudo dar continuidad a esta excelente din\u00e1mica de resultados, acab\u00f3 6\u00ba acosando sobre todo dos fiascos en las zonas 9 y 10 en la primera vuelta que a la postre, ser\u00edan los que le impedir\u00edan subir al podio. Busto mejor\u00f3 en las dos vueltas siguientes, dejando los 28 de la primera en 19 y 21, algo que con unas puntuaciones muy ajustadas entre sus rivales no fue suficiente para alcanzar el podio. A pesar de ello Busto se consolida en el tren delantero del Mundial de TrialGP, es tercero a escasos 4 puntos del segundo clasificado a la vez que aventaja en 22 al cuarto.<\/p>\n\n\n\n<figure class=\"wp-block-image size-large\"><img decoding=\"async\" src=\"http:\/\/www.vertigomotors.com\/wp-content\/uploads\/2020\/09\/TrialGP20_R4_SUNDAY_3621_mc.jpg\" alt=\"\" class=\"wp-image-6141\"\/><\/figure>\n\n\n\n<p>Jack Price, mermado f\u00edsicamente tras sufrir una ca\u00edda en el primer d\u00eda de competici\u00f3n acab\u00f3 11\u00ba los dos d\u00edas de carrera.<\/p>\n\n\n\n<figure class=\"wp-block-image size-large\"><img decoding=\"async\" src=\"http:\/\/www.vertigomotors.com\/wp-content\/uploads\/2020\/09\/TRIALGP_2020_R2_SATURDAY_1159.jpg\" alt=\"\" class=\"wp-image-6142\"\/><\/figure>\n\n\n\n<p>Pau Mart\u00ednez exhibi\u00f3 de nuevo todo su poder\u00edo con la Vertical R2 125cc. Se hizo con otro doblete para ser a\u00fan m\u00e1s l\u00edder de la categor\u00eda de Trial125, en la que de momento cuenta con un impresionante pleno de victorias, cuatro de cuatro. El s\u00e1bado domin\u00f3 con autoridad, 18 puntos por los 24 de su compa\u00f1ero Dinar\u00e9s,&nbsp;mientras que el domingo, con las puntuaciones siendo algo menores, la pelea por la victoria fue mucho m\u00e1s re\u00f1ida decant\u00e1ndose nuevamente a favor de Mart\u00ednez, que venci\u00f3 por diferencia de ceros&nbsp;a Guiraud. Ambos hab\u00edan terminado con 7. Mart\u00ednez aventaja ahora en 20 puntos precisamente a Guiraud, su m\u00e1s inmediato perseguidor en la general del Mundial.<\/p>\n\n\n\n<figure class=\"wp-block-image size-large\"><img decoding=\"async\" src=\"http:\/\/www.vertigomotors.com\/wp-content\/uploads\/2020\/09\/TrialGP20_R4_SUNDAY_2589_mc.jpg\" alt=\"\" class=\"wp-image-6143\"\/><\/figure>\n\n\n\n<p>En Pobladura Mart\u00ednez estar\u00eda secundado por el mencionado Pau Dinar\u00e9s el s\u00e1bado, que lograba&nbsp;su primer podio en el Mundial despu\u00e9s de materializar un&nbsp;trial excepcional. El domingo ser\u00eda otro piloto Vertigo, el escoc\u00e9s Ben Dignan, qui\u00e9n acompa\u00f1ar\u00eda a Mart\u00ednez en el tercer caj\u00f3n del podio para certificar el dominio actual de la marca verde en la categor\u00eda de Trial125.<\/p>\n\n\n\n\n\n<p>En Trial2 Lorenzo Gandola y el rookie Hugo Dufrese no lo tuvieron f\u00e1cil el s\u00e1bado. Una primera vuelta con demasiados puntos les alej\u00f3 de las posiciones de cabeza, y aunque posteriormente mejoraron en la segunda y tercera vuelta, el italiano tuvo que conformarse finalmente con cerrar el Top 10 y el franc\u00e9s con una discreta 16\u00aa plaza. El domingo ambos mejorar\u00edan sus prestaciones, con Gandola llegando a liderar el trial por momentos y estando siempre en la pelea por el podio. Dos fiascos consecutivos en las zonas 4 y 5 de la tercera vuelta resultaron ser determinantes para sus aspiraciones al podio, acabando finalmente s\u00e9ptimo. Dufrese, m\u00e1s regular, pudo firmar una positiva 10\u00aa posici\u00f3n para consolidarse como el mejor rookie de la categor\u00eda.<\/p>\n\n\n\n\n\n<p>Berta Abell\u00e1n contin\u00faa acumulando podios en TrialGP Women. La vigente Subcampeona del Mundo llev\u00f3 a su R2 al tercer pelda\u00f1o del podio en los dos d\u00edas de carrera. El s\u00e1bado se qued\u00f3 a dos puntos de la segunda posici\u00f3n, 64 por los 62 de Sandra G\u00f3mez,&nbsp;el domingo, a pesar de&nbsp;mostrar una mayor regularidad no pudo finalmente atacar el segundo pelda\u00f1o. Abell\u00e1n es tambi\u00e9n tercera en la general empatada con G\u00f3mez a 64 puntos.<\/p>\n\n\n\n<figure class=\"wp-block-image size-large\"><img decoding=\"async\" src=\"http:\/\/www.vertigomotors.com\/wp-content\/uploads\/2020\/09\/TrialGP20_R4_SUNDAY_3374_mc.jpg\" alt=\"\" class=\"wp-image-6148\"\/><\/figure>\n\n\n\n<p>La pr\u00f3xima cita del Mundial de TrialGP llega esta misma semana en Andorra, donde nuevamente se vivir\u00e1n dos d\u00edas de competici\u00f3n que marcar\u00e1n el inicio de la segunda parte del Campeonato, pues con 4 rondas disputadas, quedar\u00e1n cuatro m\u00e1s con las dos de Andorra y las dos previstas en Italia.<\/p>\n\n\n\n\n\n<p>Fotos: Marc Calvo<\/p>\n","protected":false},"excerpt":{"rendered":"<p>Los pilotos Vertigo Factory mantuvieron en Pobladura de las Regueras el excelente nivel mostrado en el TrialGP de Francia. Busto, Mart\u00ednez, Dinar\u00e9s, Dignan y Abell\u00e1n sumaron un total de 7 podios para el equipo. La localidad leonesa de Pobladura de las Regueras acogi\u00f3 este fin de semana la tercera y cuarta prueba del Mundial de [&hellip;]<\/p>\n","protected":false},"author":1,"featured_media":8885,"comment_status":"open","ping_status":"open","sticky":false,"template":"","format":"standard","meta":{"_et_pb_use_builder":"","_et_pb_old_content":"","_et_gb_content_width":"","inline_featured_image":false,"footnotes":""},"categories":[32],"tags":[],"class_list":["post-6139","post","type-post","status-publish","format-standard","has-post-thumbnail","hentry","category-competicion"],"yoast_head":"<!-- This site is optimized with the Yoast SEO plugin v27.5 - https:\/\/yoast.com\/product\/yoast-seo-wordpress\/ -->\n<title>PROTAGONISMO DESTACADO PARA VERTIGO EN EL TRIALGP DE ESPA\u00d1A CON 7 PODIOS | Vertigo Motors<\/title>\n<meta name=\"robots\" content=\"index, follow, max-snippet:-1, max-image-preview:large, max-video-preview:-1\" \/>\n<link rel=\"canonical\" href=\"https:\/\/www.vertigomotors.com\/es\/protagonismo-destacado-para-vertigo-en-el-trialgp-de-espana-con-7-podios\/\" \/>\n<meta property=\"og:locale\" content=\"es_ES\" \/>\n<meta property=\"og:type\" content=\"article\" \/>\n<meta property=\"og:title\" content=\"PROTAGONISMO DESTACADO PARA VERTIGO EN EL TRIALGP DE ESPA\u00d1A CON 7 PODIOS | Vertigo Motors\" \/>\n<meta property=\"og:description\" content=\"Los pilotos Vertigo Factory mantuvieron en Pobladura de las Regueras el excelente nivel mostrado en el TrialGP de Francia. Busto, Mart\u00ednez, Dinar\u00e9s, Dignan y Abell\u00e1n sumaron un total de 7 podios para el equipo. La localidad leonesa de Pobladura de las Regueras acogi\u00f3 este fin de semana la tercera y cuarta prueba del Mundial de [&hellip;]\" \/>\n<meta property=\"og:url\" content=\"https:\/\/www.vertigomotors.com\/es\/protagonismo-destacado-para-vertigo-en-el-trialgp-de-espana-con-7-podios\/\" \/>\n<meta property=\"og:site_name\" content=\"Vertigo Motors\" \/>\n<meta property=\"article:published_time\" content=\"2020-09-14T10:44:25+00:00\" \/>\n<meta property=\"article:modified_time\" content=\"2022-04-19T13:13:53+00:00\" \/>\n<meta property=\"og:image\" content=\"https:\/\/www.vertigomotors.com\/wp-content\/uploads\/2020\/09\/TRIALGP_2020_R2_SATURDAY_2472-2.jpg\" \/>\n\t<meta property=\"og:image:width\" content=\"1024\" \/>\n\t<meta property=\"og:image:height\" content=\"683\" \/>\n\t<meta property=\"og:image:type\" content=\"image\/jpeg\" \/>\n<meta name=\"author\" content=\"c473e4912d\" \/>\n<meta name=\"twitter:card\" content=\"summary_large_image\" \/>\n<meta name=\"twitter:label1\" content=\"Escrito por\" \/>\n\t<meta name=\"twitter:data1\" content=\"c473e4912d\" \/>\n\t<meta name=\"twitter:label2\" content=\"Tiempo de lectura\" \/>\n\t<meta name=\"twitter:data2\" content=\"5 minutos\" \/>\n<script type=\"application\/ld+json\" class=\"yoast-schema-graph\">{\"@context\":\"https:\\\/\\\/schema.org\",\"@graph\":[{\"@type\":\"Article\",\"@id\":\"https:\\\/\\\/www.vertigomotors.com\\\/es\\\/protagonismo-destacado-para-vertigo-en-el-trialgp-de-espana-con-7-podios\\\/#article\",\"isPartOf\":{\"@id\":\"https:\\\/\\\/www.vertigomotors.com\\\/es\\\/protagonismo-destacado-para-vertigo-en-el-trialgp-de-espana-con-7-podios\\\/\"},\"author\":{\"name\":\"c473e4912d\",\"@id\":\"https:\\\/\\\/www.vertigomotors.com\\\/es\\\/#\\\/schema\\\/person\\\/b719de825398bef0a97e1636813c1f7f\"},\"headline\":\"PROTAGONISMO DESTACADO PARA VERTIGO EN EL TRIALGP DE ESPA\u00d1A CON 7 PODIOS\",\"datePublished\":\"2020-09-14T10:44:25+00:00\",\"dateModified\":\"2022-04-19T13:13:53+00:00\",\"mainEntityOfPage\":{\"@id\":\"https:\\\/\\\/www.vertigomotors.com\\\/es\\\/protagonismo-destacado-para-vertigo-en-el-trialgp-de-espana-con-7-podios\\\/\"},\"wordCount\":812,\"commentCount\":0,\"image\":{\"@id\":\"https:\\\/\\\/www.vertigomotors.com\\\/es\\\/protagonismo-destacado-para-vertigo-en-el-trialgp-de-espana-con-7-podios\\\/#primaryimage\"},\"thumbnailUrl\":\"https:\\\/\\\/www.vertigomotors.com\\\/wp-content\\\/uploads\\\/2020\\\/09\\\/TRIALGP_2020_R2_SATURDAY_2472-2.jpg\",\"articleSection\":[\"Competici\u00f3n\"],\"inLanguage\":\"es\",\"potentialAction\":[{\"@type\":\"CommentAction\",\"name\":\"Comment\",\"target\":[\"https:\\\/\\\/www.vertigomotors.com\\\/es\\\/protagonismo-destacado-para-vertigo-en-el-trialgp-de-espana-con-7-podios\\\/#respond\"]}]},{\"@type\":\"WebPage\",\"@id\":\"https:\\\/\\\/www.vertigomotors.com\\\/es\\\/protagonismo-destacado-para-vertigo-en-el-trialgp-de-espana-con-7-podios\\\/\",\"url\":\"https:\\\/\\\/www.vertigomotors.com\\\/es\\\/protagonismo-destacado-para-vertigo-en-el-trialgp-de-espana-con-7-podios\\\/\",\"name\":\"PROTAGONISMO DESTACADO PARA VERTIGO EN EL TRIALGP DE ESPA\u00d1A CON 7 PODIOS | Vertigo Motors\",\"isPartOf\":{\"@id\":\"https:\\\/\\\/www.vertigomotors.com\\\/es\\\/#website\"},\"primaryImageOfPage\":{\"@id\":\"https:\\\/\\\/www.vertigomotors.com\\\/es\\\/protagonismo-destacado-para-vertigo-en-el-trialgp-de-espana-con-7-podios\\\/#primaryimage\"},\"image\":{\"@id\":\"https:\\\/\\\/www.vertigomotors.com\\\/es\\\/protagonismo-destacado-para-vertigo-en-el-trialgp-de-espana-con-7-podios\\\/#primaryimage\"},\"thumbnailUrl\":\"https:\\\/\\\/www.vertigomotors.com\\\/wp-content\\\/uploads\\\/2020\\\/09\\\/TRIALGP_2020_R2_SATURDAY_2472-2.jpg\",\"datePublished\":\"2020-09-14T10:44:25+00:00\",\"dateModified\":\"2022-04-19T13:13:53+00:00\",\"author\":{\"@id\":\"https:\\\/\\\/www.vertigomotors.com\\\/es\\\/#\\\/schema\\\/person\\\/b719de825398bef0a97e1636813c1f7f\"},\"breadcrumb\":{\"@id\":\"https:\\\/\\\/www.vertigomotors.com\\\/es\\\/protagonismo-destacado-para-vertigo-en-el-trialgp-de-espana-con-7-podios\\\/#breadcrumb\"},\"inLanguage\":\"es\",\"potentialAction\":[{\"@type\":\"ReadAction\",\"target\":[\"https:\\\/\\\/www.vertigomotors.com\\\/es\\\/protagonismo-destacado-para-vertigo-en-el-trialgp-de-espana-con-7-podios\\\/\"]}]},{\"@type\":\"ImageObject\",\"inLanguage\":\"es\",\"@id\":\"https:\\\/\\\/www.vertigomotors.com\\\/es\\\/protagonismo-destacado-para-vertigo-en-el-trialgp-de-espana-con-7-podios\\\/#primaryimage\",\"url\":\"https:\\\/\\\/www.vertigomotors.com\\\/wp-content\\\/uploads\\\/2020\\\/09\\\/TRIALGP_2020_R2_SATURDAY_2472-2.jpg\",\"contentUrl\":\"https:\\\/\\\/www.vertigomotors.com\\\/wp-content\\\/uploads\\\/2020\\\/09\\\/TRIALGP_2020_R2_SATURDAY_2472-2.jpg\",\"width\":1024,\"height\":683},{\"@type\":\"BreadcrumbList\",\"@id\":\"https:\\\/\\\/www.vertigomotors.com\\\/es\\\/protagonismo-destacado-para-vertigo-en-el-trialgp-de-espana-con-7-podios\\\/#breadcrumb\",\"itemListElement\":[{\"@type\":\"ListItem\",\"position\":1,\"name\":\"Inicio\",\"item\":\"https:\\\/\\\/www.vertigomotors.com\\\/es\\\/\"},{\"@type\":\"ListItem\",\"position\":2,\"name\":\"PROTAGONISMO DESTACADO PARA VERTIGO EN EL TRIALGP DE ESPA\u00d1A CON 7 PODIOS\"}]},{\"@type\":\"WebSite\",\"@id\":\"https:\\\/\\\/www.vertigomotors.com\\\/es\\\/#website\",\"url\":\"https:\\\/\\\/www.vertigomotors.com\\\/es\\\/\",\"name\":\"Vertigo Motors\",\"description\":\"Vertigo Motors\",\"potentialAction\":[{\"@type\":\"SearchAction\",\"target\":{\"@type\":\"EntryPoint\",\"urlTemplate\":\"https:\\\/\\\/www.vertigomotors.com\\\/es\\\/?s={search_term_string}\"},\"query-input\":{\"@type\":\"PropertyValueSpecification\",\"valueRequired\":true,\"valueName\":\"search_term_string\"}}],\"inLanguage\":\"es\"},{\"@type\":\"Person\",\"@id\":\"https:\\\/\\\/www.vertigomotors.com\\\/es\\\/#\\\/schema\\\/person\\\/b719de825398bef0a97e1636813c1f7f\",\"name\":\"c473e4912d\",\"image\":{\"@type\":\"ImageObject\",\"inLanguage\":\"es\",\"@id\":\"https:\\\/\\\/secure.gravatar.com\\\/avatar\\\/5831aec57a392b620b66f2513e656e857a96f1a327a784c56c0b7eefc4468245?s=96&d=mm&r=g\",\"url\":\"https:\\\/\\\/secure.gravatar.com\\\/avatar\\\/5831aec57a392b620b66f2513e656e857a96f1a327a784c56c0b7eefc4468245?s=96&d=mm&r=g\",\"contentUrl\":\"https:\\\/\\\/secure.gravatar.com\\\/avatar\\\/5831aec57a392b620b66f2513e656e857a96f1a327a784c56c0b7eefc4468245?s=96&d=mm&r=g\",\"caption\":\"c473e4912d\"},\"sameAs\":[\"https:\\\/\\\/www.vertigomotors.com\"],\"url\":\"https:\\\/\\\/www.vertigomotors.com\\\/es\\\/author\\\/c473e4912d\\\/\"}]}<\/script>\n<!-- \/ Yoast SEO plugin. -->","yoast_head_json":{"title":"PROTAGONISMO DESTACADO PARA VERTIGO EN EL TRIALGP DE ESPA\u00d1A CON 7 PODIOS | Vertigo Motors","robots":{"index":"index","follow":"follow","max-snippet":"max-snippet:-1","max-image-preview":"max-image-preview:large","max-video-preview":"max-video-preview:-1"},"canonical":"https:\/\/www.vertigomotors.com\/es\/protagonismo-destacado-para-vertigo-en-el-trialgp-de-espana-con-7-podios\/","og_locale":"es_ES","og_type":"article","og_title":"PROTAGONISMO DESTACADO PARA VERTIGO EN EL TRIALGP DE ESPA\u00d1A CON 7 PODIOS | Vertigo Motors","og_description":"Los pilotos Vertigo Factory mantuvieron en Pobladura de las Regueras el excelente nivel mostrado en el TrialGP de Francia. Busto, Mart\u00ednez, Dinar\u00e9s, Dignan y Abell\u00e1n sumaron un total de 7 podios para el equipo. La localidad leonesa de Pobladura de las Regueras acogi\u00f3 este fin de semana la tercera y cuarta prueba del Mundial de [&hellip;]","og_url":"https:\/\/www.vertigomotors.com\/es\/protagonismo-destacado-para-vertigo-en-el-trialgp-de-espana-con-7-podios\/","og_site_name":"Vertigo Motors","article_published_time":"2020-09-14T10:44:25+00:00","article_modified_time":"2022-04-19T13:13:53+00:00","og_image":[{"width":1024,"height":683,"url":"https:\/\/www.vertigomotors.com\/wp-content\/uploads\/2020\/09\/TRIALGP_2020_R2_SATURDAY_2472-2.jpg","type":"image\/jpeg"}],"author":"c473e4912d","twitter_card":"summary_large_image","twitter_misc":{"Escrito por":"c473e4912d","Tiempo de lectura":"5 minutos"},"schema":{"@context":"https:\/\/schema.org","@graph":[{"@type":"Article","@id":"https:\/\/www.vertigomotors.com\/es\/protagonismo-destacado-para-vertigo-en-el-trialgp-de-espana-con-7-podios\/#article","isPartOf":{"@id":"https:\/\/www.vertigomotors.com\/es\/protagonismo-destacado-para-vertigo-en-el-trialgp-de-espana-con-7-podios\/"},"author":{"name":"c473e4912d","@id":"https:\/\/www.vertigomotors.com\/es\/#\/schema\/person\/b719de825398bef0a97e1636813c1f7f"},"headline":"PROTAGONISMO DESTACADO PARA VERTIGO EN EL TRIALGP DE ESPA\u00d1A CON 7 PODIOS","datePublished":"2020-09-14T10:44:25+00:00","dateModified":"2022-04-19T13:13:53+00:00","mainEntityOfPage":{"@id":"https:\/\/www.vertigomotors.com\/es\/protagonismo-destacado-para-vertigo-en-el-trialgp-de-espana-con-7-podios\/"},"wordCount":812,"commentCount":0,"image":{"@id":"https:\/\/www.vertigomotors.com\/es\/protagonismo-destacado-para-vertigo-en-el-trialgp-de-espana-con-7-podios\/#primaryimage"},"thumbnailUrl":"https:\/\/www.vertigomotors.com\/wp-content\/uploads\/2020\/09\/TRIALGP_2020_R2_SATURDAY_2472-2.jpg","articleSection":["Competici\u00f3n"],"inLanguage":"es","potentialAction":[{"@type":"CommentAction","name":"Comment","target":["https:\/\/www.vertigomotors.com\/es\/protagonismo-destacado-para-vertigo-en-el-trialgp-de-espana-con-7-podios\/#respond"]}]},{"@type":"WebPage","@id":"https:\/\/www.vertigomotors.com\/es\/protagonismo-destacado-para-vertigo-en-el-trialgp-de-espana-con-7-podios\/","url":"https:\/\/www.vertigomotors.com\/es\/protagonismo-destacado-para-vertigo-en-el-trialgp-de-espana-con-7-podios\/","name":"PROTAGONISMO DESTACADO PARA VERTIGO EN EL TRIALGP DE ESPA\u00d1A CON 7 PODIOS | Vertigo Motors","isPartOf":{"@id":"https:\/\/www.vertigomotors.com\/es\/#website"},"primaryImageOfPage":{"@id":"https:\/\/www.vertigomotors.com\/es\/protagonismo-destacado-para-vertigo-en-el-trialgp-de-espana-con-7-podios\/#primaryimage"},"image":{"@id":"https:\/\/www.vertigomotors.com\/es\/protagonismo-destacado-para-vertigo-en-el-trialgp-de-espana-con-7-podios\/#primaryimage"},"thumbnailUrl":"https:\/\/www.vertigomotors.com\/wp-content\/uploads\/2020\/09\/TRIALGP_2020_R2_SATURDAY_2472-2.jpg","datePublished":"2020-09-14T10:44:25+00:00","dateModified":"2022-04-19T13:13:53+00:00","author":{"@id":"https:\/\/www.vertigomotors.com\/es\/#\/schema\/person\/b719de825398bef0a97e1636813c1f7f"},"breadcrumb":{"@id":"https:\/\/www.vertigomotors.com\/es\/protagonismo-destacado-para-vertigo-en-el-trialgp-de-espana-con-7-podios\/#breadcrumb"},"inLanguage":"es","potentialAction":[{"@type":"ReadAction","target":["https:\/\/www.vertigomotors.com\/es\/protagonismo-destacado-para-vertigo-en-el-trialgp-de-espana-con-7-podios\/"]}]},{"@type":"ImageObject","inLanguage":"es","@id":"https:\/\/www.vertigomotors.com\/es\/protagonismo-destacado-para-vertigo-en-el-trialgp-de-espana-con-7-podios\/#primaryimage","url":"https:\/\/www.vertigomotors.com\/wp-content\/uploads\/2020\/09\/TRIALGP_2020_R2_SATURDAY_2472-2.jpg","contentUrl":"https:\/\/www.vertigomotors.com\/wp-content\/uploads\/2020\/09\/TRIALGP_2020_R2_SATURDAY_2472-2.jpg","width":1024,"height":683},{"@type":"BreadcrumbList","@id":"https:\/\/www.vertigomotors.com\/es\/protagonismo-destacado-para-vertigo-en-el-trialgp-de-espana-con-7-podios\/#breadcrumb","itemListElement":[{"@type":"ListItem","position":1,"name":"Inicio","item":"https:\/\/www.vertigomotors.com\/es\/"},{"@type":"ListItem","position":2,"name":"PROTAGONISMO DESTACADO PARA VERTIGO EN EL TRIALGP DE ESPA\u00d1A CON 7 PODIOS"}]},{"@type":"WebSite","@id":"https:\/\/www.vertigomotors.com\/es\/#website","url":"https:\/\/www.vertigomotors.com\/es\/","name":"Vertigo Motors","description":"Vertigo Motors","potentialAction":[{"@type":"SearchAction","target":{"@type":"EntryPoint","urlTemplate":"https:\/\/www.vertigomotors.com\/es\/?s={search_term_string}"},"query-input":{"@type":"PropertyValueSpecification","valueRequired":true,"valueName":"search_term_string"}}],"inLanguage":"es"},{"@type":"Person","@id":"https:\/\/www.vertigomotors.com\/es\/#\/schema\/person\/b719de825398bef0a97e1636813c1f7f","name":"c473e4912d","image":{"@type":"ImageObject","inLanguage":"es","@id":"https:\/\/secure.gravatar.com\/avatar\/5831aec57a392b620b66f2513e656e857a96f1a327a784c56c0b7eefc4468245?s=96&d=mm&r=g","url":"https:\/\/secure.gravatar.com\/avatar\/5831aec57a392b620b66f2513e656e857a96f1a327a784c56c0b7eefc4468245?s=96&d=mm&r=g","contentUrl":"https:\/\/secure.gravatar.com\/avatar\/5831aec57a392b620b66f2513e656e857a96f1a327a784c56c0b7eefc4468245?s=96&d=mm&r=g","caption":"c473e4912d"},"sameAs":["https:\/\/www.vertigomotors.com"],"url":"https:\/\/www.vertigomotors.com\/es\/author\/c473e4912d\/"}]}},"_links":{"self":[{"href":"https:\/\/www.vertigomotors.com\/es\/wp-json\/wp\/v2\/posts\/6139","targetHints":{"allow":["GET"]}}],"collection":[{"href":"https:\/\/www.vertigomotors.com\/es\/wp-json\/wp\/v2\/posts"}],"about":[{"href":"https:\/\/www.vertigomotors.com\/es\/wp-json\/wp\/v2\/types\/post"}],"author":[{"embeddable":true,"href":"https:\/\/www.vertigomotors.com\/es\/wp-json\/wp\/v2\/users\/1"}],"replies":[{"embeddable":true,"href":"https:\/\/www.vertigomotors.com\/es\/wp-json\/wp\/v2\/comments?post=6139"}],"version-history":[{"count":2,"href":"https:\/\/www.vertigomotors.com\/es\/wp-json\/wp\/v2\/posts\/6139\/revisions"}],"predecessor-version":[{"id":8888,"href":"https:\/\/www.vertigomotors.com\/es\/wp-json\/wp\/v2\/posts\/6139\/revisions\/8888"}],"wp:featuredmedia":[{"embeddable":true,"href":"https:\/\/www.vertigomotors.com\/es\/wp-json\/wp\/v2\/media\/8885"}],"wp:attachment":[{"href":"https:\/\/www.vertigomotors.com\/es\/wp-json\/wp\/v2\/media?parent=6139"}],"wp:term":[{"taxonomy":"category","embeddable":true,"href":"https:\/\/www.vertigomotors.com\/es\/wp-json\/wp\/v2\/categories?post=6139"},{"taxonomy":"post_tag","embeddable":true,"href":"https:\/\/www.vertigomotors.com\/es\/wp-json\/wp\/v2\/tags?post=6139"}],"curies":[{"name":"wp","href":"https:\/\/api.w.org\/{rel}","templated":true}]}}