{"id":6128,"date":"2020-09-07T12:42:37","date_gmt":"2020-09-07T12:42:37","guid":{"rendered":"https:\/\/www.vertigomotors.com\/?p=6128"},"modified":"2022-04-19T13:14:00","modified_gmt":"2022-04-19T13:14:00","slug":"estelar-inicio-de-mundial-de-trialgp-para-vertigo-con-seis-podios-en-francia","status":"publish","type":"post","link":"https:\/\/www.vertigomotors.com\/es\/estelar-inicio-de-mundial-de-trialgp-para-vertigo-con-seis-podios-en-francia\/","title":{"rendered":"ESTELAR INICIO DE MUNDIAL DE TRIALGP PARA VERTIGO CON SEIS PODIOS EN FRANCIA"},"content":{"rendered":"\n<p>Jaime Busto con dos excelentes segundas posiciones en TrialGP, Berta Abell\u00e1n con dos segundas posiciones m\u00e1s en TrialGP Women y Pau Mart\u00ednez con doblete en Trial125 encabezaron una extraordinaria actuaci\u00f3n coral.<\/p>\n\n\n\n<p>El Mundial de TrialGP se puso finalmente en marcha en Isola 2000, Francia, con un balance m\u00e1s que positivo para el equipo Vertigo, que gracias a la inyecci\u00f3n electr\u00f3nica de sus m\u00e1quinas pudo adaptarse muy bien a la altitud de la estaci\u00f3n francesa para ser protagonista en todas las categor\u00edas presentes los dos d\u00edas de competici\u00f3n.<\/p>\n\n\n\n<p>Jaime Busto, que ven\u00eda de ganar los 2 D\u00edas de Camprodon hace justo una semana, confirm\u00f3&nbsp;su excepcional estado de forma en Francia con dos actuaciones sobresalientes a los mandos de su R2. El joven talento de Vertigo se mostr\u00f3 muy competitivo a lo largo del fin de semana, siendo muy regular y manteni\u00e9ndose en todo momento en la lucha por el Top 3. Sus grandes actuaciones fueron recompensadas con dos segundas posiciones que le valen para ocupar esta misma plaza en la general del Campeonato a un solo punto del l\u00edder. Jack Price&nbsp;sald\u00f3 su debut con Vertigo en el Mundial&nbsp;con un 10\u00ba y un 9\u00ba.<\/p>\n\n\n\n<figure class=\"wp-block-image size-large\"><img decoding=\"async\" src=\"http:\/\/www.vertigomotors.com\/wp-content\/uploads\/2020\/09\/busto_podiodia1.jpeg\" alt=\"\" class=\"wp-image-6130\"\/><\/figure>\n\n\n\n<p>En TrialGP Women Berta Abell\u00e1n no defraud\u00f3 y arranc\u00f3 el Mundial d\u00f3nde lo dej\u00f3 el curso pasado, esto es, en el podio y con dos segundas posiciones. La vigente subcampeona del Mundo vivi\u00f3 dos d\u00edas de competici\u00f3n&nbsp;con un guion muy similar. Un inicio muy irregular dio paso a una segunda parte de carrera sobresaliente, acabando s\u00e1bado y domingo con la mejor vuelta parcial.<\/p>\n\n\n\n<p>En Trial2 Lorenzo Gandola y Hugo Dufrese rindieron a un gran nivel especialmente en la jornada inaugural, con el italiano terminando quinto a escasos dos&nbsp;puntos del podio y el franc\u00e9s justo detr\u00e1s. El domingo ser\u00eda Dufrese el mejor con una d\u00e9cima posici\u00f3n, Gandola tuvo que conformarse con el duod\u00e9cimo puesto.<\/p>\n\n\n\n<figure class=\"wp-block-image size-large\"><img decoding=\"async\" src=\"http:\/\/www.vertigomotors.com\/wp-content\/uploads\/2020\/09\/berta_podiodia1.jpeg\" alt=\"\" class=\"wp-image-6131\"\/><\/figure>\n\n\n\n<p>En la categor\u00eda de Trial125 Pau Mart\u00ednez y la R2 125cc se adjudicaron un espectacular doblete que les colocan como l\u00edderes provisionales del Mundial. El pilotaje de Mart\u00ednez no sufri\u00f3 fisura alguna durante todo el fin de semana, y primero el s\u00e1bado y luego el domingo, se acab\u00f3 adjudicando el triunfo con un importante margen&nbsp;con respecto al resto de pilotos. El primer d\u00eda 8 puntos le separaron del segundo clasificado, el domingo fueron 21. Un inicio de campa\u00f1a inmejorable para la joven promesa de Vertigo y su Vertical R2 125cc, que justo un a\u00f1o despu\u00e9s de salir al mercado ya demuestra ser una motocicleta capaz de ganar en el Mundial. Tambi\u00e9n en Trial125 destacar la actuaci\u00f3n de Pau Dinar\u00e9s, que debutaba con Vertigo y se adjudic\u00f3 una meritoria sexta plaza el s\u00e1bado. Tambi\u00e9n el piloto escoc\u00e9s Ben Dignan&nbsp;se dej\u00f3 ver dentro del Top 10, con un d\u00e9cimo el s\u00e1bado y un octavo el domingo.<\/p>\n\n\n\n<figure class=\"wp-block-image size-large\"><img decoding=\"async\" src=\"http:\/\/www.vertigomotors.com\/wp-content\/uploads\/2020\/09\/pau_podiodia1.jpeg\" alt=\"\" class=\"wp-image-6132\"\/><\/figure>\n\n\n\n<p>El Mundial de TrialGP no se detiene y esta misma semana se celebrar\u00e1 la segunda cita del certamen en Pobladura de las Regueras, L\u00e9on.<\/p>\n","protected":false},"excerpt":{"rendered":"<p>Jaime Busto con dos excelentes segundas posiciones en TrialGP, Berta Abell\u00e1n con dos segundas posiciones m\u00e1s en TrialGP Women y Pau Mart\u00ednez con doblete en Trial125 encabezaron una extraordinaria actuaci\u00f3n coral. El Mundial de TrialGP se puso finalmente en marcha en Isola 2000, Francia, con un balance m\u00e1s que positivo para el equipo Vertigo, que [&hellip;]<\/p>\n","protected":false},"author":1,"featured_media":8889,"comment_status":"open","ping_status":"open","sticky":false,"template":"","format":"standard","meta":{"_et_pb_use_builder":"","_et_pb_old_content":"","_et_gb_content_width":"","inline_featured_image":false,"footnotes":""},"categories":[32],"tags":[],"class_list":["post-6128","post","type-post","status-publish","format-standard","has-post-thumbnail","hentry","category-competicion"],"yoast_head":"<!-- This site is optimized with the Yoast SEO plugin v27.5 - https:\/\/yoast.com\/product\/yoast-seo-wordpress\/ -->\n<title>ESTELAR INICIO DE MUNDIAL DE TRIALGP PARA VERTIGO CON SEIS PODIOS EN FRANCIA | Vertigo Motors<\/title>\n<meta name=\"robots\" content=\"index, follow, max-snippet:-1, max-image-preview:large, max-video-preview:-1\" \/>\n<link rel=\"canonical\" href=\"https:\/\/www.vertigomotors.com\/es\/estelar-inicio-de-mundial-de-trialgp-para-vertigo-con-seis-podios-en-francia\/\" \/>\n<meta property=\"og:locale\" content=\"es_ES\" \/>\n<meta property=\"og:type\" content=\"article\" \/>\n<meta property=\"og:title\" content=\"ESTELAR INICIO DE MUNDIAL DE TRIALGP PARA VERTIGO CON SEIS PODIOS EN FRANCIA | Vertigo Motors\" \/>\n<meta property=\"og:description\" content=\"Jaime Busto con dos excelentes segundas posiciones en TrialGP, Berta Abell\u00e1n con dos segundas posiciones m\u00e1s en TrialGP Women y Pau Mart\u00ednez con doblete en Trial125 encabezaron una extraordinaria actuaci\u00f3n coral. El Mundial de TrialGP se puso finalmente en marcha en Isola 2000, Francia, con un balance m\u00e1s que positivo para el equipo Vertigo, que [&hellip;]\" \/>\n<meta property=\"og:url\" content=\"https:\/\/www.vertigomotors.com\/es\/estelar-inicio-de-mundial-de-trialgp-para-vertigo-con-seis-podios-en-francia\/\" \/>\n<meta property=\"og:site_name\" content=\"Vertigo Motors\" \/>\n<meta property=\"article:published_time\" content=\"2020-09-07T12:42:37+00:00\" \/>\n<meta property=\"article:modified_time\" content=\"2022-04-19T13:14:00+00:00\" \/>\n<meta property=\"og:image\" content=\"https:\/\/www.vertigomotors.com\/wp-content\/uploads\/2020\/09\/jaimebusto_.jpg\" \/>\n\t<meta property=\"og:image:width\" content=\"1200\" \/>\n\t<meta property=\"og:image:height\" content=\"800\" \/>\n\t<meta property=\"og:image:type\" content=\"image\/jpeg\" \/>\n<meta name=\"author\" content=\"c473e4912d\" \/>\n<meta name=\"twitter:card\" content=\"summary_large_image\" \/>\n<meta name=\"twitter:label1\" content=\"Escrito por\" \/>\n\t<meta name=\"twitter:data1\" content=\"c473e4912d\" \/>\n\t<meta name=\"twitter:label2\" content=\"Tiempo de lectura\" \/>\n\t<meta name=\"twitter:data2\" content=\"3 minutos\" \/>\n<script type=\"application\/ld+json\" class=\"yoast-schema-graph\">{\"@context\":\"https:\\\/\\\/schema.org\",\"@graph\":[{\"@type\":\"Article\",\"@id\":\"https:\\\/\\\/www.vertigomotors.com\\\/es\\\/estelar-inicio-de-mundial-de-trialgp-para-vertigo-con-seis-podios-en-francia\\\/#article\",\"isPartOf\":{\"@id\":\"https:\\\/\\\/www.vertigomotors.com\\\/es\\\/estelar-inicio-de-mundial-de-trialgp-para-vertigo-con-seis-podios-en-francia\\\/\"},\"author\":{\"name\":\"c473e4912d\",\"@id\":\"https:\\\/\\\/www.vertigomotors.com\\\/es\\\/#\\\/schema\\\/person\\\/b719de825398bef0a97e1636813c1f7f\"},\"headline\":\"ESTELAR INICIO DE MUNDIAL DE TRIALGP PARA VERTIGO CON SEIS PODIOS EN FRANCIA\",\"datePublished\":\"2020-09-07T12:42:37+00:00\",\"dateModified\":\"2022-04-19T13:14:00+00:00\",\"mainEntityOfPage\":{\"@id\":\"https:\\\/\\\/www.vertigomotors.com\\\/es\\\/estelar-inicio-de-mundial-de-trialgp-para-vertigo-con-seis-podios-en-francia\\\/\"},\"wordCount\":547,\"commentCount\":0,\"image\":{\"@id\":\"https:\\\/\\\/www.vertigomotors.com\\\/es\\\/estelar-inicio-de-mundial-de-trialgp-para-vertigo-con-seis-podios-en-francia\\\/#primaryimage\"},\"thumbnailUrl\":\"https:\\\/\\\/www.vertigomotors.com\\\/wp-content\\\/uploads\\\/2020\\\/09\\\/jaimebusto_.jpg\",\"articleSection\":[\"Competici\u00f3n\"],\"inLanguage\":\"es\",\"potentialAction\":[{\"@type\":\"CommentAction\",\"name\":\"Comment\",\"target\":[\"https:\\\/\\\/www.vertigomotors.com\\\/es\\\/estelar-inicio-de-mundial-de-trialgp-para-vertigo-con-seis-podios-en-francia\\\/#respond\"]}]},{\"@type\":\"WebPage\",\"@id\":\"https:\\\/\\\/www.vertigomotors.com\\\/es\\\/estelar-inicio-de-mundial-de-trialgp-para-vertigo-con-seis-podios-en-francia\\\/\",\"url\":\"https:\\\/\\\/www.vertigomotors.com\\\/es\\\/estelar-inicio-de-mundial-de-trialgp-para-vertigo-con-seis-podios-en-francia\\\/\",\"name\":\"ESTELAR INICIO DE MUNDIAL DE TRIALGP PARA VERTIGO CON SEIS PODIOS EN FRANCIA | Vertigo Motors\",\"isPartOf\":{\"@id\":\"https:\\\/\\\/www.vertigomotors.com\\\/es\\\/#website\"},\"primaryImageOfPage\":{\"@id\":\"https:\\\/\\\/www.vertigomotors.com\\\/es\\\/estelar-inicio-de-mundial-de-trialgp-para-vertigo-con-seis-podios-en-francia\\\/#primaryimage\"},\"image\":{\"@id\":\"https:\\\/\\\/www.vertigomotors.com\\\/es\\\/estelar-inicio-de-mundial-de-trialgp-para-vertigo-con-seis-podios-en-francia\\\/#primaryimage\"},\"thumbnailUrl\":\"https:\\\/\\\/www.vertigomotors.com\\\/wp-content\\\/uploads\\\/2020\\\/09\\\/jaimebusto_.jpg\",\"datePublished\":\"2020-09-07T12:42:37+00:00\",\"dateModified\":\"2022-04-19T13:14:00+00:00\",\"author\":{\"@id\":\"https:\\\/\\\/www.vertigomotors.com\\\/es\\\/#\\\/schema\\\/person\\\/b719de825398bef0a97e1636813c1f7f\"},\"breadcrumb\":{\"@id\":\"https:\\\/\\\/www.vertigomotors.com\\\/es\\\/estelar-inicio-de-mundial-de-trialgp-para-vertigo-con-seis-podios-en-francia\\\/#breadcrumb\"},\"inLanguage\":\"es\",\"potentialAction\":[{\"@type\":\"ReadAction\",\"target\":[\"https:\\\/\\\/www.vertigomotors.com\\\/es\\\/estelar-inicio-de-mundial-de-trialgp-para-vertigo-con-seis-podios-en-francia\\\/\"]}]},{\"@type\":\"ImageObject\",\"inLanguage\":\"es\",\"@id\":\"https:\\\/\\\/www.vertigomotors.com\\\/es\\\/estelar-inicio-de-mundial-de-trialgp-para-vertigo-con-seis-podios-en-francia\\\/#primaryimage\",\"url\":\"https:\\\/\\\/www.vertigomotors.com\\\/wp-content\\\/uploads\\\/2020\\\/09\\\/jaimebusto_.jpg\",\"contentUrl\":\"https:\\\/\\\/www.vertigomotors.com\\\/wp-content\\\/uploads\\\/2020\\\/09\\\/jaimebusto_.jpg\",\"width\":1200,\"height\":800,\"caption\":\"2020 FIM Trial World Championships - Isola 2000 (FRA), Sunday 06 September 2020. TrialGP\"},{\"@type\":\"BreadcrumbList\",\"@id\":\"https:\\\/\\\/www.vertigomotors.com\\\/es\\\/estelar-inicio-de-mundial-de-trialgp-para-vertigo-con-seis-podios-en-francia\\\/#breadcrumb\",\"itemListElement\":[{\"@type\":\"ListItem\",\"position\":1,\"name\":\"Inicio\",\"item\":\"https:\\\/\\\/www.vertigomotors.com\\\/es\\\/\"},{\"@type\":\"ListItem\",\"position\":2,\"name\":\"ESTELAR INICIO DE MUNDIAL DE TRIALGP PARA VERTIGO CON SEIS PODIOS EN FRANCIA\"}]},{\"@type\":\"WebSite\",\"@id\":\"https:\\\/\\\/www.vertigomotors.com\\\/es\\\/#website\",\"url\":\"https:\\\/\\\/www.vertigomotors.com\\\/es\\\/\",\"name\":\"Vertigo Motors\",\"description\":\"Vertigo Motors\",\"potentialAction\":[{\"@type\":\"SearchAction\",\"target\":{\"@type\":\"EntryPoint\",\"urlTemplate\":\"https:\\\/\\\/www.vertigomotors.com\\\/es\\\/?s={search_term_string}\"},\"query-input\":{\"@type\":\"PropertyValueSpecification\",\"valueRequired\":true,\"valueName\":\"search_term_string\"}}],\"inLanguage\":\"es\"},{\"@type\":\"Person\",\"@id\":\"https:\\\/\\\/www.vertigomotors.com\\\/es\\\/#\\\/schema\\\/person\\\/b719de825398bef0a97e1636813c1f7f\",\"name\":\"c473e4912d\",\"image\":{\"@type\":\"ImageObject\",\"inLanguage\":\"es\",\"@id\":\"https:\\\/\\\/secure.gravatar.com\\\/avatar\\\/5831aec57a392b620b66f2513e656e857a96f1a327a784c56c0b7eefc4468245?s=96&d=mm&r=g\",\"url\":\"https:\\\/\\\/secure.gravatar.com\\\/avatar\\\/5831aec57a392b620b66f2513e656e857a96f1a327a784c56c0b7eefc4468245?s=96&d=mm&r=g\",\"contentUrl\":\"https:\\\/\\\/secure.gravatar.com\\\/avatar\\\/5831aec57a392b620b66f2513e656e857a96f1a327a784c56c0b7eefc4468245?s=96&d=mm&r=g\",\"caption\":\"c473e4912d\"},\"sameAs\":[\"https:\\\/\\\/www.vertigomotors.com\"],\"url\":\"https:\\\/\\\/www.vertigomotors.com\\\/es\\\/author\\\/c473e4912d\\\/\"}]}<\/script>\n<!-- \/ Yoast SEO plugin. -->","yoast_head_json":{"title":"ESTELAR INICIO DE MUNDIAL DE TRIALGP PARA VERTIGO CON SEIS PODIOS EN FRANCIA | Vertigo Motors","robots":{"index":"index","follow":"follow","max-snippet":"max-snippet:-1","max-image-preview":"max-image-preview:large","max-video-preview":"max-video-preview:-1"},"canonical":"https:\/\/www.vertigomotors.com\/es\/estelar-inicio-de-mundial-de-trialgp-para-vertigo-con-seis-podios-en-francia\/","og_locale":"es_ES","og_type":"article","og_title":"ESTELAR INICIO DE MUNDIAL DE TRIALGP PARA VERTIGO CON SEIS PODIOS EN FRANCIA | Vertigo Motors","og_description":"Jaime Busto con dos excelentes segundas posiciones en TrialGP, Berta Abell\u00e1n con dos segundas posiciones m\u00e1s en TrialGP Women y Pau Mart\u00ednez con doblete en Trial125 encabezaron una extraordinaria actuaci\u00f3n coral. El Mundial de TrialGP se puso finalmente en marcha en Isola 2000, Francia, con un balance m\u00e1s que positivo para el equipo Vertigo, que [&hellip;]","og_url":"https:\/\/www.vertigomotors.com\/es\/estelar-inicio-de-mundial-de-trialgp-para-vertigo-con-seis-podios-en-francia\/","og_site_name":"Vertigo Motors","article_published_time":"2020-09-07T12:42:37+00:00","article_modified_time":"2022-04-19T13:14:00+00:00","og_image":[{"width":1200,"height":800,"url":"https:\/\/www.vertigomotors.com\/wp-content\/uploads\/2020\/09\/jaimebusto_.jpg","type":"image\/jpeg"}],"author":"c473e4912d","twitter_card":"summary_large_image","twitter_misc":{"Escrito por":"c473e4912d","Tiempo de lectura":"3 minutos"},"schema":{"@context":"https:\/\/schema.org","@graph":[{"@type":"Article","@id":"https:\/\/www.vertigomotors.com\/es\/estelar-inicio-de-mundial-de-trialgp-para-vertigo-con-seis-podios-en-francia\/#article","isPartOf":{"@id":"https:\/\/www.vertigomotors.com\/es\/estelar-inicio-de-mundial-de-trialgp-para-vertigo-con-seis-podios-en-francia\/"},"author":{"name":"c473e4912d","@id":"https:\/\/www.vertigomotors.com\/es\/#\/schema\/person\/b719de825398bef0a97e1636813c1f7f"},"headline":"ESTELAR INICIO DE MUNDIAL DE TRIALGP PARA VERTIGO CON SEIS PODIOS EN FRANCIA","datePublished":"2020-09-07T12:42:37+00:00","dateModified":"2022-04-19T13:14:00+00:00","mainEntityOfPage":{"@id":"https:\/\/www.vertigomotors.com\/es\/estelar-inicio-de-mundial-de-trialgp-para-vertigo-con-seis-podios-en-francia\/"},"wordCount":547,"commentCount":0,"image":{"@id":"https:\/\/www.vertigomotors.com\/es\/estelar-inicio-de-mundial-de-trialgp-para-vertigo-con-seis-podios-en-francia\/#primaryimage"},"thumbnailUrl":"https:\/\/www.vertigomotors.com\/wp-content\/uploads\/2020\/09\/jaimebusto_.jpg","articleSection":["Competici\u00f3n"],"inLanguage":"es","potentialAction":[{"@type":"CommentAction","name":"Comment","target":["https:\/\/www.vertigomotors.com\/es\/estelar-inicio-de-mundial-de-trialgp-para-vertigo-con-seis-podios-en-francia\/#respond"]}]},{"@type":"WebPage","@id":"https:\/\/www.vertigomotors.com\/es\/estelar-inicio-de-mundial-de-trialgp-para-vertigo-con-seis-podios-en-francia\/","url":"https:\/\/www.vertigomotors.com\/es\/estelar-inicio-de-mundial-de-trialgp-para-vertigo-con-seis-podios-en-francia\/","name":"ESTELAR INICIO DE MUNDIAL DE TRIALGP PARA VERTIGO CON SEIS PODIOS EN FRANCIA | Vertigo Motors","isPartOf":{"@id":"https:\/\/www.vertigomotors.com\/es\/#website"},"primaryImageOfPage":{"@id":"https:\/\/www.vertigomotors.com\/es\/estelar-inicio-de-mundial-de-trialgp-para-vertigo-con-seis-podios-en-francia\/#primaryimage"},"image":{"@id":"https:\/\/www.vertigomotors.com\/es\/estelar-inicio-de-mundial-de-trialgp-para-vertigo-con-seis-podios-en-francia\/#primaryimage"},"thumbnailUrl":"https:\/\/www.vertigomotors.com\/wp-content\/uploads\/2020\/09\/jaimebusto_.jpg","datePublished":"2020-09-07T12:42:37+00:00","dateModified":"2022-04-19T13:14:00+00:00","author":{"@id":"https:\/\/www.vertigomotors.com\/es\/#\/schema\/person\/b719de825398bef0a97e1636813c1f7f"},"breadcrumb":{"@id":"https:\/\/www.vertigomotors.com\/es\/estelar-inicio-de-mundial-de-trialgp-para-vertigo-con-seis-podios-en-francia\/#breadcrumb"},"inLanguage":"es","potentialAction":[{"@type":"ReadAction","target":["https:\/\/www.vertigomotors.com\/es\/estelar-inicio-de-mundial-de-trialgp-para-vertigo-con-seis-podios-en-francia\/"]}]},{"@type":"ImageObject","inLanguage":"es","@id":"https:\/\/www.vertigomotors.com\/es\/estelar-inicio-de-mundial-de-trialgp-para-vertigo-con-seis-podios-en-francia\/#primaryimage","url":"https:\/\/www.vertigomotors.com\/wp-content\/uploads\/2020\/09\/jaimebusto_.jpg","contentUrl":"https:\/\/www.vertigomotors.com\/wp-content\/uploads\/2020\/09\/jaimebusto_.jpg","width":1200,"height":800,"caption":"2020 FIM Trial World Championships - Isola 2000 (FRA), Sunday 06 September 2020. TrialGP"},{"@type":"BreadcrumbList","@id":"https:\/\/www.vertigomotors.com\/es\/estelar-inicio-de-mundial-de-trialgp-para-vertigo-con-seis-podios-en-francia\/#breadcrumb","itemListElement":[{"@type":"ListItem","position":1,"name":"Inicio","item":"https:\/\/www.vertigomotors.com\/es\/"},{"@type":"ListItem","position":2,"name":"ESTELAR INICIO DE MUNDIAL DE TRIALGP PARA VERTIGO CON SEIS PODIOS EN FRANCIA"}]},{"@type":"WebSite","@id":"https:\/\/www.vertigomotors.com\/es\/#website","url":"https:\/\/www.vertigomotors.com\/es\/","name":"Vertigo Motors","description":"Vertigo Motors","potentialAction":[{"@type":"SearchAction","target":{"@type":"EntryPoint","urlTemplate":"https:\/\/www.vertigomotors.com\/es\/?s={search_term_string}"},"query-input":{"@type":"PropertyValueSpecification","valueRequired":true,"valueName":"search_term_string"}}],"inLanguage":"es"},{"@type":"Person","@id":"https:\/\/www.vertigomotors.com\/es\/#\/schema\/person\/b719de825398bef0a97e1636813c1f7f","name":"c473e4912d","image":{"@type":"ImageObject","inLanguage":"es","@id":"https:\/\/secure.gravatar.com\/avatar\/5831aec57a392b620b66f2513e656e857a96f1a327a784c56c0b7eefc4468245?s=96&d=mm&r=g","url":"https:\/\/secure.gravatar.com\/avatar\/5831aec57a392b620b66f2513e656e857a96f1a327a784c56c0b7eefc4468245?s=96&d=mm&r=g","contentUrl":"https:\/\/secure.gravatar.com\/avatar\/5831aec57a392b620b66f2513e656e857a96f1a327a784c56c0b7eefc4468245?s=96&d=mm&r=g","caption":"c473e4912d"},"sameAs":["https:\/\/www.vertigomotors.com"],"url":"https:\/\/www.vertigomotors.com\/es\/author\/c473e4912d\/"}]}},"_links":{"self":[{"href":"https:\/\/www.vertigomotors.com\/es\/wp-json\/wp\/v2\/posts\/6128","targetHints":{"allow":["GET"]}}],"collection":[{"href":"https:\/\/www.vertigomotors.com\/es\/wp-json\/wp\/v2\/posts"}],"about":[{"href":"https:\/\/www.vertigomotors.com\/es\/wp-json\/wp\/v2\/types\/post"}],"author":[{"embeddable":true,"href":"https:\/\/www.vertigomotors.com\/es\/wp-json\/wp\/v2\/users\/1"}],"replies":[{"embeddable":true,"href":"https:\/\/www.vertigomotors.com\/es\/wp-json\/wp\/v2\/comments?post=6128"}],"version-history":[{"count":2,"href":"https:\/\/www.vertigomotors.com\/es\/wp-json\/wp\/v2\/posts\/6128\/revisions"}],"predecessor-version":[{"id":8892,"href":"https:\/\/www.vertigomotors.com\/es\/wp-json\/wp\/v2\/posts\/6128\/revisions\/8892"}],"wp:featuredmedia":[{"embeddable":true,"href":"https:\/\/www.vertigomotors.com\/es\/wp-json\/wp\/v2\/media\/8889"}],"wp:attachment":[{"href":"https:\/\/www.vertigomotors.com\/es\/wp-json\/wp\/v2\/media?parent=6128"}],"wp:term":[{"taxonomy":"category","embeddable":true,"href":"https:\/\/www.vertigomotors.com\/es\/wp-json\/wp\/v2\/categories?post=6128"},{"taxonomy":"post_tag","embeddable":true,"href":"https:\/\/www.vertigomotors.com\/es\/wp-json\/wp\/v2\/tags?post=6128"}],"curies":[{"name":"wp","href":"https:\/\/api.w.org\/{rel}","templated":true}]}}