{"id":6114,"date":"2020-08-31T15:18:35","date_gmt":"2020-08-31T15:18:35","guid":{"rendered":"https:\/\/www.vertigomotors.com\/?p=6114"},"modified":"2022-04-06T09:59:59","modified_gmt":"2022-04-06T09:59:59","slug":"vertigo-vive-un-fin-de-semana-repleto-de-exitos-en-competiciones-internacionales","status":"publish","type":"post","link":"https:\/\/www.vertigomotors.com\/es\/vertigo-vive-un-fin-de-semana-repleto-de-exitos-en-competiciones-internacionales\/","title":{"rendered":"VERTIGO VIVE UN FIN DE SEMANA REPLETO DE \u00c9XITOS EN COMPETICIONES INTERNACIONALES"},"content":{"rendered":"\n<p>Jaime Busto, Pau Mart\u00ednez y Berta Abell\u00e1n en los 2 D\u00edas de Camprodon, y Hugo Dufrese en el Nacional franc\u00e9s, exhibieron un gran nivel y llegan plet\u00f3ricos al inicio del Mundial de TrialGP en Francia este fin de semana.Vertigo ha acumulado a lo largo de este fin de semana un buen bot\u00edn de victorias y podios internacionales. Jaime Busto se llev\u00f3 el triunfo absoluto en los 2 D\u00edas de Camprodon&nbsp;con&nbsp;Pau Mart\u00ednez haciendo&nbsp;lo propio en la categor\u00eda de Rojos. No menos espectacular fue la actuaci\u00f3n de Berta Abell\u00e1n, que se alz\u00f3 con un meritorio 11\u00ba puesto en esa misma categor\u00eda. Los tres llegan&nbsp;en un gran estado de forma al esperado inicio del Mundial de TrialGP 2020, que este pr\u00f3ximo fin de semana celebrar\u00e1 su prueba inaugural en Isola 2000, Francia.Jaime Busto, Pau Mart\u00ednez y Berta Abell\u00e1n en los 2 D\u00edas de Camprodon, y Hugo Dufrese en el Nacional franc\u00e9s, exhibieron un gran nivel y llegan plet\u00f3ricos al inicio del Mundial de TrialGP en Francia este fin de semana.<\/p>\n\n\n\n<figure class=\"wp-block-gallery columns-2 is-cropped wp-block-gallery-1 is-layout-flex wp-block-gallery-is-layout-flex\"><ul class=\"blocks-gallery-grid\"><li class=\"blocks-gallery-item\"><figure><img decoding=\"async\" src=\"http:\/\/www.vertigomotors.com\/wp-content\/uploads\/2020\/08\/ABELLAN_ACC_D1_4117-1024x683.jpg\" alt=\"\" data-id=\"6116\" data-full-url=\"http:\/\/www.vertigomotors.com\/wp-content\/uploads\/2020\/08\/ABELLAN_ACC_D1_4117.jpg\" data-link=\"https:\/\/www.vertigomotors.com\/?attachment_id=6116\" class=\"wp-image-6116\"\/><\/figure><\/li><li class=\"blocks-gallery-item\"><figure><img decoding=\"async\" src=\"http:\/\/www.vertigomotors.com\/wp-content\/uploads\/2020\/08\/MARTINEZ_ACC_D2_4860-1024x683.jpg\" alt=\"\" data-id=\"6117\" data-full-url=\"http:\/\/www.vertigomotors.com\/wp-content\/uploads\/2020\/08\/MARTINEZ_ACC_D2_4860.jpg\" data-link=\"https:\/\/www.vertigomotors.com\/?attachment_id=6117\" class=\"wp-image-6117\"\/><\/figure><\/li><\/ul><\/figure>\n\n\n\n<p>Precisamente en tierras francesas arranc\u00f3 el Campeonato Nacional galo, en el que Hugo Dufrese maravill\u00f3 con un impresionante doble podio en la categor\u00eda reina del certamen. El joven talento de Vertigo fue 3\u00ba el s\u00e1bado, mientras que el domingo logr\u00f3 ascender un pelda\u00f1o m\u00e1s para recibir el trofeo de segundo clasificado.<\/p>\n\n\n\n<figure class=\"wp-block-image size-large\"><img decoding=\"async\" src=\"http:\/\/www.vertigomotors.com\/wp-content\/uploads\/2020\/08\/hugodufrese.jpg\" alt=\"\" class=\"wp-image-6118\"\/><\/figure>\n\n\n\n<p>En Finlandia Vertigo sigue reinando gracias a las victorias cosechadas por el actual Campe\u00f3n finland\u00e9s, Timo My\u00f6h\u00e4nen, que no podr\u00eda haber empezado mejor la defensa del t\u00edtulo, pues tras tres pruebas disputadas incluyendo la \u00faltima este fin de semana, se mantiene invicto gracias a tres victorias de tres posibles.<\/p>\n\n\n\n<figure class=\"wp-block-image size-large\"><img decoding=\"async\" src=\"http:\/\/www.vertigomotors.com\/wp-content\/uploads\/2020\/08\/timomyohanen.jpg\" alt=\"\" class=\"wp-image-6119\"\/><\/figure>\n","protected":false},"excerpt":{"rendered":"<p>Jaime Busto, Pau Mart\u00ednez y Berta Abell\u00e1n en los 2 D\u00edas de Camprodon, y Hugo Dufrese en el Nacional franc\u00e9s, exhibieron un gran nivel y llegan plet\u00f3ricos al inicio del Mundial de TrialGP en Francia este fin de semana.Vertigo ha acumulado a lo largo de este fin de semana un buen bot\u00edn de victorias y [&hellip;]<\/p>\n","protected":false},"author":1,"featured_media":8893,"comment_status":"open","ping_status":"open","sticky":false,"template":"","format":"standard","meta":{"_et_pb_use_builder":"","_et_pb_old_content":"","_et_gb_content_width":"","inline_featured_image":false,"footnotes":""},"categories":[32,126],"tags":[],"class_list":["post-6114","post","type-post","status-publish","format-standard","has-post-thumbnail","hentry","category-competicion","category-sin-categoria"],"yoast_head":"<!-- This site is optimized with the Yoast SEO plugin v27.5 - https:\/\/yoast.com\/product\/yoast-seo-wordpress\/ -->\n<title>VERTIGO VIVE UN FIN DE SEMANA REPLETO DE \u00c9XITOS EN COMPETICIONES INTERNACIONALES | Vertigo Motors<\/title>\n<meta name=\"robots\" content=\"index, follow, max-snippet:-1, max-image-preview:large, max-video-preview:-1\" \/>\n<link rel=\"canonical\" href=\"https:\/\/www.vertigomotors.com\/es\/vertigo-vive-un-fin-de-semana-repleto-de-exitos-en-competiciones-internacionales\/\" \/>\n<meta property=\"og:locale\" content=\"es_ES\" \/>\n<meta property=\"og:type\" content=\"article\" \/>\n<meta property=\"og:title\" content=\"VERTIGO VIVE UN FIN DE SEMANA REPLETO DE \u00c9XITOS EN COMPETICIONES INTERNACIONALES | Vertigo Motors\" \/>\n<meta property=\"og:description\" content=\"Jaime Busto, Pau Mart\u00ednez y Berta Abell\u00e1n en los 2 D\u00edas de Camprodon, y Hugo Dufrese en el Nacional franc\u00e9s, exhibieron un gran nivel y llegan plet\u00f3ricos al inicio del Mundial de TrialGP en Francia este fin de semana.Vertigo ha acumulado a lo largo de este fin de semana un buen bot\u00edn de victorias y [&hellip;]\" \/>\n<meta property=\"og:url\" content=\"https:\/\/www.vertigomotors.com\/es\/vertigo-vive-un-fin-de-semana-repleto-de-exitos-en-competiciones-internacionales\/\" \/>\n<meta property=\"og:site_name\" content=\"Vertigo Motors\" \/>\n<meta property=\"article:published_time\" content=\"2020-08-31T15:18:35+00:00\" \/>\n<meta property=\"article:modified_time\" content=\"2022-04-06T09:59:59+00:00\" \/>\n<meta property=\"og:image\" content=\"https:\/\/www.vertigomotors.com\/wp-content\/uploads\/2020\/08\/BUSTO_ACC_D1_4252-2048x1366-1.jpg\" \/>\n\t<meta property=\"og:image:width\" content=\"2048\" \/>\n\t<meta property=\"og:image:height\" content=\"1366\" \/>\n\t<meta property=\"og:image:type\" content=\"image\/jpeg\" \/>\n<meta name=\"author\" content=\"c473e4912d\" \/>\n<meta name=\"twitter:card\" content=\"summary_large_image\" \/>\n<meta name=\"twitter:label1\" content=\"Escrito por\" \/>\n\t<meta name=\"twitter:data1\" content=\"c473e4912d\" \/>\n\t<meta name=\"twitter:label2\" content=\"Tiempo de lectura\" \/>\n\t<meta name=\"twitter:data2\" content=\"2 minutos\" \/>\n<script type=\"application\/ld+json\" class=\"yoast-schema-graph\">{\"@context\":\"https:\\\/\\\/schema.org\",\"@graph\":[{\"@type\":\"Article\",\"@id\":\"https:\\\/\\\/www.vertigomotors.com\\\/es\\\/vertigo-vive-un-fin-de-semana-repleto-de-exitos-en-competiciones-internacionales\\\/#article\",\"isPartOf\":{\"@id\":\"https:\\\/\\\/www.vertigomotors.com\\\/es\\\/vertigo-vive-un-fin-de-semana-repleto-de-exitos-en-competiciones-internacionales\\\/\"},\"author\":{\"name\":\"c473e4912d\",\"@id\":\"https:\\\/\\\/www.vertigomotors.com\\\/es\\\/#\\\/schema\\\/person\\\/b719de825398bef0a97e1636813c1f7f\"},\"headline\":\"VERTIGO VIVE UN FIN DE SEMANA REPLETO DE \u00c9XITOS EN COMPETICIONES INTERNACIONALES\",\"datePublished\":\"2020-08-31T15:18:35+00:00\",\"dateModified\":\"2022-04-06T09:59:59+00:00\",\"mainEntityOfPage\":{\"@id\":\"https:\\\/\\\/www.vertigomotors.com\\\/es\\\/vertigo-vive-un-fin-de-semana-repleto-de-exitos-en-competiciones-internacionales\\\/\"},\"wordCount\":310,\"commentCount\":0,\"image\":{\"@id\":\"https:\\\/\\\/www.vertigomotors.com\\\/es\\\/vertigo-vive-un-fin-de-semana-repleto-de-exitos-en-competiciones-internacionales\\\/#primaryimage\"},\"thumbnailUrl\":\"https:\\\/\\\/www.vertigomotors.com\\\/wp-content\\\/uploads\\\/2020\\\/08\\\/BUSTO_ACC_D1_4252-2048x1366-1.jpg\",\"articleSection\":[\"Competici\u00f3n\"],\"inLanguage\":\"es\",\"potentialAction\":[{\"@type\":\"CommentAction\",\"name\":\"Comment\",\"target\":[\"https:\\\/\\\/www.vertigomotors.com\\\/es\\\/vertigo-vive-un-fin-de-semana-repleto-de-exitos-en-competiciones-internacionales\\\/#respond\"]}]},{\"@type\":\"WebPage\",\"@id\":\"https:\\\/\\\/www.vertigomotors.com\\\/es\\\/vertigo-vive-un-fin-de-semana-repleto-de-exitos-en-competiciones-internacionales\\\/\",\"url\":\"https:\\\/\\\/www.vertigomotors.com\\\/es\\\/vertigo-vive-un-fin-de-semana-repleto-de-exitos-en-competiciones-internacionales\\\/\",\"name\":\"VERTIGO VIVE UN FIN DE SEMANA REPLETO DE \u00c9XITOS EN COMPETICIONES INTERNACIONALES | Vertigo Motors\",\"isPartOf\":{\"@id\":\"https:\\\/\\\/www.vertigomotors.com\\\/es\\\/#website\"},\"primaryImageOfPage\":{\"@id\":\"https:\\\/\\\/www.vertigomotors.com\\\/es\\\/vertigo-vive-un-fin-de-semana-repleto-de-exitos-en-competiciones-internacionales\\\/#primaryimage\"},\"image\":{\"@id\":\"https:\\\/\\\/www.vertigomotors.com\\\/es\\\/vertigo-vive-un-fin-de-semana-repleto-de-exitos-en-competiciones-internacionales\\\/#primaryimage\"},\"thumbnailUrl\":\"https:\\\/\\\/www.vertigomotors.com\\\/wp-content\\\/uploads\\\/2020\\\/08\\\/BUSTO_ACC_D1_4252-2048x1366-1.jpg\",\"datePublished\":\"2020-08-31T15:18:35+00:00\",\"dateModified\":\"2022-04-06T09:59:59+00:00\",\"author\":{\"@id\":\"https:\\\/\\\/www.vertigomotors.com\\\/es\\\/#\\\/schema\\\/person\\\/b719de825398bef0a97e1636813c1f7f\"},\"breadcrumb\":{\"@id\":\"https:\\\/\\\/www.vertigomotors.com\\\/es\\\/vertigo-vive-un-fin-de-semana-repleto-de-exitos-en-competiciones-internacionales\\\/#breadcrumb\"},\"inLanguage\":\"es\",\"potentialAction\":[{\"@type\":\"ReadAction\",\"target\":[\"https:\\\/\\\/www.vertigomotors.com\\\/es\\\/vertigo-vive-un-fin-de-semana-repleto-de-exitos-en-competiciones-internacionales\\\/\"]}]},{\"@type\":\"ImageObject\",\"inLanguage\":\"es\",\"@id\":\"https:\\\/\\\/www.vertigomotors.com\\\/es\\\/vertigo-vive-un-fin-de-semana-repleto-de-exitos-en-competiciones-internacionales\\\/#primaryimage\",\"url\":\"https:\\\/\\\/www.vertigomotors.com\\\/wp-content\\\/uploads\\\/2020\\\/08\\\/BUSTO_ACC_D1_4252-2048x1366-1.jpg\",\"contentUrl\":\"https:\\\/\\\/www.vertigomotors.com\\\/wp-content\\\/uploads\\\/2020\\\/08\\\/BUSTO_ACC_D1_4252-2048x1366-1.jpg\",\"width\":2048,\"height\":1366},{\"@type\":\"BreadcrumbList\",\"@id\":\"https:\\\/\\\/www.vertigomotors.com\\\/es\\\/vertigo-vive-un-fin-de-semana-repleto-de-exitos-en-competiciones-internacionales\\\/#breadcrumb\",\"itemListElement\":[{\"@type\":\"ListItem\",\"position\":1,\"name\":\"Inicio\",\"item\":\"https:\\\/\\\/www.vertigomotors.com\\\/es\\\/\"},{\"@type\":\"ListItem\",\"position\":2,\"name\":\"VERTIGO VIVE UN FIN DE SEMANA REPLETO DE \u00c9XITOS EN COMPETICIONES INTERNACIONALES\"}]},{\"@type\":\"WebSite\",\"@id\":\"https:\\\/\\\/www.vertigomotors.com\\\/es\\\/#website\",\"url\":\"https:\\\/\\\/www.vertigomotors.com\\\/es\\\/\",\"name\":\"Vertigo Motors\",\"description\":\"Vertigo Motors\",\"potentialAction\":[{\"@type\":\"SearchAction\",\"target\":{\"@type\":\"EntryPoint\",\"urlTemplate\":\"https:\\\/\\\/www.vertigomotors.com\\\/es\\\/?s={search_term_string}\"},\"query-input\":{\"@type\":\"PropertyValueSpecification\",\"valueRequired\":true,\"valueName\":\"search_term_string\"}}],\"inLanguage\":\"es\"},{\"@type\":\"Person\",\"@id\":\"https:\\\/\\\/www.vertigomotors.com\\\/es\\\/#\\\/schema\\\/person\\\/b719de825398bef0a97e1636813c1f7f\",\"name\":\"c473e4912d\",\"image\":{\"@type\":\"ImageObject\",\"inLanguage\":\"es\",\"@id\":\"https:\\\/\\\/secure.gravatar.com\\\/avatar\\\/5831aec57a392b620b66f2513e656e857a96f1a327a784c56c0b7eefc4468245?s=96&d=mm&r=g\",\"url\":\"https:\\\/\\\/secure.gravatar.com\\\/avatar\\\/5831aec57a392b620b66f2513e656e857a96f1a327a784c56c0b7eefc4468245?s=96&d=mm&r=g\",\"contentUrl\":\"https:\\\/\\\/secure.gravatar.com\\\/avatar\\\/5831aec57a392b620b66f2513e656e857a96f1a327a784c56c0b7eefc4468245?s=96&d=mm&r=g\",\"caption\":\"c473e4912d\"},\"sameAs\":[\"https:\\\/\\\/www.vertigomotors.com\"],\"url\":\"https:\\\/\\\/www.vertigomotors.com\\\/es\\\/author\\\/c473e4912d\\\/\"}]}<\/script>\n<!-- \/ Yoast SEO plugin. -->","yoast_head_json":{"title":"VERTIGO VIVE UN FIN DE SEMANA REPLETO DE \u00c9XITOS EN COMPETICIONES INTERNACIONALES | Vertigo Motors","robots":{"index":"index","follow":"follow","max-snippet":"max-snippet:-1","max-image-preview":"max-image-preview:large","max-video-preview":"max-video-preview:-1"},"canonical":"https:\/\/www.vertigomotors.com\/es\/vertigo-vive-un-fin-de-semana-repleto-de-exitos-en-competiciones-internacionales\/","og_locale":"es_ES","og_type":"article","og_title":"VERTIGO VIVE UN FIN DE SEMANA REPLETO DE \u00c9XITOS EN COMPETICIONES INTERNACIONALES | Vertigo Motors","og_description":"Jaime Busto, Pau Mart\u00ednez y Berta Abell\u00e1n en los 2 D\u00edas de Camprodon, y Hugo Dufrese en el Nacional franc\u00e9s, exhibieron un gran nivel y llegan plet\u00f3ricos al inicio del Mundial de TrialGP en Francia este fin de semana.Vertigo ha acumulado a lo largo de este fin de semana un buen bot\u00edn de victorias y [&hellip;]","og_url":"https:\/\/www.vertigomotors.com\/es\/vertigo-vive-un-fin-de-semana-repleto-de-exitos-en-competiciones-internacionales\/","og_site_name":"Vertigo Motors","article_published_time":"2020-08-31T15:18:35+00:00","article_modified_time":"2022-04-06T09:59:59+00:00","og_image":[{"width":2048,"height":1366,"url":"https:\/\/www.vertigomotors.com\/wp-content\/uploads\/2020\/08\/BUSTO_ACC_D1_4252-2048x1366-1.jpg","type":"image\/jpeg"}],"author":"c473e4912d","twitter_card":"summary_large_image","twitter_misc":{"Escrito por":"c473e4912d","Tiempo de lectura":"2 minutos"},"schema":{"@context":"https:\/\/schema.org","@graph":[{"@type":"Article","@id":"https:\/\/www.vertigomotors.com\/es\/vertigo-vive-un-fin-de-semana-repleto-de-exitos-en-competiciones-internacionales\/#article","isPartOf":{"@id":"https:\/\/www.vertigomotors.com\/es\/vertigo-vive-un-fin-de-semana-repleto-de-exitos-en-competiciones-internacionales\/"},"author":{"name":"c473e4912d","@id":"https:\/\/www.vertigomotors.com\/es\/#\/schema\/person\/b719de825398bef0a97e1636813c1f7f"},"headline":"VERTIGO VIVE UN FIN DE SEMANA REPLETO DE \u00c9XITOS EN COMPETICIONES INTERNACIONALES","datePublished":"2020-08-31T15:18:35+00:00","dateModified":"2022-04-06T09:59:59+00:00","mainEntityOfPage":{"@id":"https:\/\/www.vertigomotors.com\/es\/vertigo-vive-un-fin-de-semana-repleto-de-exitos-en-competiciones-internacionales\/"},"wordCount":310,"commentCount":0,"image":{"@id":"https:\/\/www.vertigomotors.com\/es\/vertigo-vive-un-fin-de-semana-repleto-de-exitos-en-competiciones-internacionales\/#primaryimage"},"thumbnailUrl":"https:\/\/www.vertigomotors.com\/wp-content\/uploads\/2020\/08\/BUSTO_ACC_D1_4252-2048x1366-1.jpg","articleSection":["Competici\u00f3n"],"inLanguage":"es","potentialAction":[{"@type":"CommentAction","name":"Comment","target":["https:\/\/www.vertigomotors.com\/es\/vertigo-vive-un-fin-de-semana-repleto-de-exitos-en-competiciones-internacionales\/#respond"]}]},{"@type":"WebPage","@id":"https:\/\/www.vertigomotors.com\/es\/vertigo-vive-un-fin-de-semana-repleto-de-exitos-en-competiciones-internacionales\/","url":"https:\/\/www.vertigomotors.com\/es\/vertigo-vive-un-fin-de-semana-repleto-de-exitos-en-competiciones-internacionales\/","name":"VERTIGO VIVE UN FIN DE SEMANA REPLETO DE \u00c9XITOS EN COMPETICIONES INTERNACIONALES | Vertigo Motors","isPartOf":{"@id":"https:\/\/www.vertigomotors.com\/es\/#website"},"primaryImageOfPage":{"@id":"https:\/\/www.vertigomotors.com\/es\/vertigo-vive-un-fin-de-semana-repleto-de-exitos-en-competiciones-internacionales\/#primaryimage"},"image":{"@id":"https:\/\/www.vertigomotors.com\/es\/vertigo-vive-un-fin-de-semana-repleto-de-exitos-en-competiciones-internacionales\/#primaryimage"},"thumbnailUrl":"https:\/\/www.vertigomotors.com\/wp-content\/uploads\/2020\/08\/BUSTO_ACC_D1_4252-2048x1366-1.jpg","datePublished":"2020-08-31T15:18:35+00:00","dateModified":"2022-04-06T09:59:59+00:00","author":{"@id":"https:\/\/www.vertigomotors.com\/es\/#\/schema\/person\/b719de825398bef0a97e1636813c1f7f"},"breadcrumb":{"@id":"https:\/\/www.vertigomotors.com\/es\/vertigo-vive-un-fin-de-semana-repleto-de-exitos-en-competiciones-internacionales\/#breadcrumb"},"inLanguage":"es","potentialAction":[{"@type":"ReadAction","target":["https:\/\/www.vertigomotors.com\/es\/vertigo-vive-un-fin-de-semana-repleto-de-exitos-en-competiciones-internacionales\/"]}]},{"@type":"ImageObject","inLanguage":"es","@id":"https:\/\/www.vertigomotors.com\/es\/vertigo-vive-un-fin-de-semana-repleto-de-exitos-en-competiciones-internacionales\/#primaryimage","url":"https:\/\/www.vertigomotors.com\/wp-content\/uploads\/2020\/08\/BUSTO_ACC_D1_4252-2048x1366-1.jpg","contentUrl":"https:\/\/www.vertigomotors.com\/wp-content\/uploads\/2020\/08\/BUSTO_ACC_D1_4252-2048x1366-1.jpg","width":2048,"height":1366},{"@type":"BreadcrumbList","@id":"https:\/\/www.vertigomotors.com\/es\/vertigo-vive-un-fin-de-semana-repleto-de-exitos-en-competiciones-internacionales\/#breadcrumb","itemListElement":[{"@type":"ListItem","position":1,"name":"Inicio","item":"https:\/\/www.vertigomotors.com\/es\/"},{"@type":"ListItem","position":2,"name":"VERTIGO VIVE UN FIN DE SEMANA REPLETO DE \u00c9XITOS EN COMPETICIONES INTERNACIONALES"}]},{"@type":"WebSite","@id":"https:\/\/www.vertigomotors.com\/es\/#website","url":"https:\/\/www.vertigomotors.com\/es\/","name":"Vertigo Motors","description":"Vertigo Motors","potentialAction":[{"@type":"SearchAction","target":{"@type":"EntryPoint","urlTemplate":"https:\/\/www.vertigomotors.com\/es\/?s={search_term_string}"},"query-input":{"@type":"PropertyValueSpecification","valueRequired":true,"valueName":"search_term_string"}}],"inLanguage":"es"},{"@type":"Person","@id":"https:\/\/www.vertigomotors.com\/es\/#\/schema\/person\/b719de825398bef0a97e1636813c1f7f","name":"c473e4912d","image":{"@type":"ImageObject","inLanguage":"es","@id":"https:\/\/secure.gravatar.com\/avatar\/5831aec57a392b620b66f2513e656e857a96f1a327a784c56c0b7eefc4468245?s=96&d=mm&r=g","url":"https:\/\/secure.gravatar.com\/avatar\/5831aec57a392b620b66f2513e656e857a96f1a327a784c56c0b7eefc4468245?s=96&d=mm&r=g","contentUrl":"https:\/\/secure.gravatar.com\/avatar\/5831aec57a392b620b66f2513e656e857a96f1a327a784c56c0b7eefc4468245?s=96&d=mm&r=g","caption":"c473e4912d"},"sameAs":["https:\/\/www.vertigomotors.com"],"url":"https:\/\/www.vertigomotors.com\/es\/author\/c473e4912d\/"}]}},"_links":{"self":[{"href":"https:\/\/www.vertigomotors.com\/es\/wp-json\/wp\/v2\/posts\/6114","targetHints":{"allow":["GET"]}}],"collection":[{"href":"https:\/\/www.vertigomotors.com\/es\/wp-json\/wp\/v2\/posts"}],"about":[{"href":"https:\/\/www.vertigomotors.com\/es\/wp-json\/wp\/v2\/types\/post"}],"author":[{"embeddable":true,"href":"https:\/\/www.vertigomotors.com\/es\/wp-json\/wp\/v2\/users\/1"}],"replies":[{"embeddable":true,"href":"https:\/\/www.vertigomotors.com\/es\/wp-json\/wp\/v2\/comments?post=6114"}],"version-history":[{"count":2,"href":"https:\/\/www.vertigomotors.com\/es\/wp-json\/wp\/v2\/posts\/6114\/revisions"}],"predecessor-version":[{"id":8896,"href":"https:\/\/www.vertigomotors.com\/es\/wp-json\/wp\/v2\/posts\/6114\/revisions\/8896"}],"wp:featuredmedia":[{"embeddable":true,"href":"https:\/\/www.vertigomotors.com\/es\/wp-json\/wp\/v2\/media\/8893"}],"wp:attachment":[{"href":"https:\/\/www.vertigomotors.com\/es\/wp-json\/wp\/v2\/media?parent=6114"}],"wp:term":[{"taxonomy":"category","embeddable":true,"href":"https:\/\/www.vertigomotors.com\/es\/wp-json\/wp\/v2\/categories?post=6114"},{"taxonomy":"post_tag","embeddable":true,"href":"https:\/\/www.vertigomotors.com\/es\/wp-json\/wp\/v2\/tags?post=6114"}],"curies":[{"name":"wp","href":"https:\/\/api.w.org\/{rel}","templated":true}]}}