{"id":6092,"date":"2020-08-28T10:12:15","date_gmt":"2020-08-28T10:12:15","guid":{"rendered":"https:\/\/www.vertigomotors.com\/?p=6092"},"modified":"2022-04-06T10:02:13","modified_gmt":"2022-04-06T10:02:13","slug":"nueva-vertical-2021","status":"publish","type":"post","link":"https:\/\/www.vertigomotors.com\/es\/nueva-vertical-2021\/","title":{"rendered":"NUEVA VERTICAL 2021"},"content":{"rendered":"\n<p><strong><a href=\"https:\/\/www.vertigomotors.com\/galeria-vertical-2021\/\">FOTOS<\/a><\/strong> | <strong><a href=\"https:\/\/www.vertigomotors.com\/combat-vertical-2021\/\">ESPECIFICACIONES<\/a><\/strong><\/p>\n\n\n\n<p>La Vertical se ha erigido a lo largo de las \u00faltimas temporadas como una de las motocicletas m\u00e1s competitivas del mercado. Ya sea en el Campeonato del Mundo de TrialGP como en las pruebas hist\u00f3ricas por excelencia del trial, esta moto ha demostrado una vez tras otra su excepcional rendimiento y capacidad para superar cualquier zona. Es por ello que Vertigo se complace en mostrar su evoluci\u00f3n para la temporada 2021, presentando una moto que recoge el fruto del trabajo y los avances realizados durante estos \u00faltimos a\u00f1os en las cilindradas de 125cc, 200cc, 250cc, 280cc y 300cc, todas ellas con sus matices y caracter\u00edsticas espec\u00edficas que las hacen \u00fanicas y diferenciales del resto.<\/p>\n\n\n\n<p>Respaldados por las constantes aportaciones de los pilotos oficiales de la marca y Dougie Lampkin, el equipo de ingenieros de Vertigo ha trabajado en un modelo 2021 que mejora el rendimiento de su modelo predecesor en varios aspectos clave del pilotaje.<\/p>\n\n\n\n<p><strong>En el apartado motor <\/strong>se han realizado importantes avances en par\u00e1metros y componentes tales como <strong>el culat\u00edn,<\/strong> el cual mejora la combusti\u00f3n con respecto a la anterior versi\u00f3n o el <strong>cuerpo de admisi\u00f3n,<\/strong> optimizado con una respuesta m\u00e1s progresiva para otorgar un control a\u00fan m\u00e1s preciso al piloto sobre la motocicleta.<\/p>\n\n\n\n<p>Tambi\u00e9n se ha trabajado en la <strong>mejora de los mapas para seco y mojado,<\/strong> introduciendo varias modificaciones en ambos casos para perfeccionar el comportamiento de la Vertical y hacerla m\u00e1s efectiva ante cualquier eventualidad meteorol\u00f3gica.<\/p>\n\n\n\n<p>Una <strong>nueva tubera de admisi\u00f3n<\/strong> tambi\u00e9n ayuda a mejorar notablemente la estanqueidad del conjunto filtro-cuerpo, mientras que el <strong>colector de escape<\/strong> del modelo 2021 llega en acero inoxidable.<\/p>\n\n\n\n<p>Para sacarle el m\u00e1ximo potencial a todos estos avances la Vertical exhibe nuevamente una serie de componentes en <strong>su parte ciclo<\/strong> que permiten exprimir al m\u00e1ximo su competitividad, ofreciendo al mismo tiempo la posibilidad de adaptarlos y ajustarlos a las necesidades y gustos de cada piloto.&nbsp;<\/p>\n\n\n\n<p>Es el caso de las suspensiones, con las <strong>horquillas regulables Tech<\/strong> de aluminio anodizado negro y el <strong>amortiguador Reiger ajustable <\/strong>en comprensi\u00f3n, extensi\u00f3n y precarga del muelle.<\/p>\n\n\n\n<p>El <strong>bastidor CrMo multitubular<\/strong> caracter\u00edstico de Vertigo, que en 2021 recupera el verde ic\u00f3nico de la marca, tambi\u00e9n seguir\u00e1 desempe\u00f1ando su papel fundamental en t\u00e9rminos de manejabilidad, equilibro y agilidad de movimientos dentro de la zona.<\/p>\n\n\n\n<p>El <strong>verde Vertigo<\/strong> vuelve a ser protagonista en el apartado est\u00e9tico, entrando esta vez en combinaci\u00f3n con el negro para dibujar unas l\u00edneas agresivas y modernas que ayudan a realzar el esp\u00edritu competitivo del modelo Vertical.<\/p>\n\n\n\n<p>No pod\u00edan faltar los detalles anodizados como los<strong> bujes en color verde,<\/strong> ejemplos de la elegancia y singularidad que caracterizan la marca desde sus inicios y que una vez m\u00e1s convierten la Vertical en una de las motocicletas m\u00e1s atractivas del sector trial.<\/p>\n\n\n\n<p> <strong>NOVEDADES PARTE MOTOR<\/strong><\/p>\n\n\n\n<ul class=\"wp-block-list\"><li>Cilindrada: 125cc, 200cc ,250cc, 280cc, 300cc<\/li><li>Dise\u00f1o del culat\u00edn optimizado para mejorar la combusti\u00f3n<\/li><li>Cuerpo de inyecci\u00f3n de respuesta progresiva&nbsp;<\/li><li>Nuevos mapas de motor espec\u00edficos para este modelo (seco y lluvia)<\/li><li>Colector de escape en acero inoxidable<\/li><li>Nueva tobera de admisi\u00f3n para mejorar la estanqueidad del conjunto filtro-cuerpo <\/li><\/ul>\n\n\n\n<p> <strong>NOVEDADES PARTE CICLO<\/strong><\/p>\n\n\n\n<ul class=\"wp-block-list\"><li>Bastidor CrMo multitubular verde<\/li><li>Vertigo Horquilla de suspensi\u00f3n regulable Tech de aluminio anodizado negro <\/li><li>Amortiguador Reiger Racing regulable en compresi\u00f3n, extensi\u00f3n y precarga de muelle<\/li><li>Nueva configuraci\u00f3n de ruedas con buje anodizado en verde y llantas anodizadas en negro<\/li><li>Neum\u00e1ticos Dunlop D803GP Nueva decoraci\u00f3n Works 2021<\/li><li>Manillar Vertigo<\/li><li>Protector de manillar Vertigo<\/li><li>Dispositivo antica\u00edda homologado FIM&nbsp;<\/li><li>Detalles anodizados en verde y negro 68kg de peso <\/li><\/ul>\n","protected":false},"excerpt":{"rendered":"<p>FOTOS | ESPECIFICACIONES La Vertical se ha erigido a lo largo de las \u00faltimas temporadas como una de las motocicletas m\u00e1s competitivas del mercado. Ya sea en el Campeonato del Mundo de TrialGP como en las pruebas hist\u00f3ricas por excelencia del trial, esta moto ha demostrado una vez tras otra su excepcional rendimiento y capacidad [&hellip;]<\/p>\n","protected":false},"author":1,"featured_media":8897,"comment_status":"open","ping_status":"open","sticky":false,"template":"","format":"standard","meta":{"_et_pb_use_builder":"","_et_pb_old_content":"","_et_gb_content_width":"","inline_featured_image":false,"footnotes":""},"categories":[32,126],"tags":[],"class_list":["post-6092","post","type-post","status-publish","format-standard","has-post-thumbnail","hentry","category-competicion","category-sin-categoria"],"yoast_head":"<!-- This site is optimized with the Yoast SEO plugin v27.5 - https:\/\/yoast.com\/product\/yoast-seo-wordpress\/ -->\n<title>NUEVA VERTICAL 2021 | Vertigo Motors<\/title>\n<meta name=\"robots\" content=\"index, follow, max-snippet:-1, max-image-preview:large, max-video-preview:-1\" \/>\n<link rel=\"canonical\" href=\"https:\/\/www.vertigomotors.com\/es\/nueva-vertical-2021\/\" \/>\n<meta property=\"og:locale\" content=\"es_ES\" \/>\n<meta property=\"og:type\" content=\"article\" \/>\n<meta property=\"og:title\" content=\"NUEVA VERTICAL 2021 | Vertigo Motors\" \/>\n<meta property=\"og:description\" content=\"FOTOS | ESPECIFICACIONES La Vertical se ha erigido a lo largo de las \u00faltimas temporadas como una de las motocicletas m\u00e1s competitivas del mercado. Ya sea en el Campeonato del Mundo de TrialGP como en las pruebas hist\u00f3ricas por excelencia del trial, esta moto ha demostrado una vez tras otra su excepcional rendimiento y capacidad [&hellip;]\" \/>\n<meta property=\"og:url\" content=\"https:\/\/www.vertigomotors.com\/es\/nueva-vertical-2021\/\" \/>\n<meta property=\"og:site_name\" content=\"Vertigo Motors\" \/>\n<meta property=\"article:published_time\" content=\"2020-08-28T10:12:15+00:00\" \/>\n<meta property=\"article:modified_time\" content=\"2022-04-06T10:02:13+00:00\" \/>\n<meta property=\"og:image\" content=\"https:\/\/www.vertigomotors.com\/wp-content\/uploads\/2020\/08\/2007290043-2048x1365-1.jpg\" \/>\n\t<meta property=\"og:image:width\" content=\"2048\" \/>\n\t<meta property=\"og:image:height\" content=\"1365\" \/>\n\t<meta property=\"og:image:type\" content=\"image\/jpeg\" \/>\n<meta name=\"author\" content=\"c473e4912d\" \/>\n<meta name=\"twitter:card\" content=\"summary_large_image\" \/>\n<meta name=\"twitter:label1\" content=\"Escrito por\" \/>\n\t<meta name=\"twitter:data1\" content=\"c473e4912d\" \/>\n\t<meta name=\"twitter:label2\" content=\"Tiempo de lectura\" \/>\n\t<meta name=\"twitter:data2\" content=\"3 minutos\" \/>\n<script type=\"application\/ld+json\" class=\"yoast-schema-graph\">{\"@context\":\"https:\\\/\\\/schema.org\",\"@graph\":[{\"@type\":\"Article\",\"@id\":\"https:\\\/\\\/www.vertigomotors.com\\\/es\\\/nueva-vertical-2021\\\/#article\",\"isPartOf\":{\"@id\":\"https:\\\/\\\/www.vertigomotors.com\\\/es\\\/nueva-vertical-2021\\\/\"},\"author\":{\"name\":\"c473e4912d\",\"@id\":\"https:\\\/\\\/www.vertigomotors.com\\\/es\\\/#\\\/schema\\\/person\\\/b719de825398bef0a97e1636813c1f7f\"},\"headline\":\"NUEVA VERTICAL 2021\",\"datePublished\":\"2020-08-28T10:12:15+00:00\",\"dateModified\":\"2022-04-06T10:02:13+00:00\",\"mainEntityOfPage\":{\"@id\":\"https:\\\/\\\/www.vertigomotors.com\\\/es\\\/nueva-vertical-2021\\\/\"},\"wordCount\":627,\"commentCount\":0,\"image\":{\"@id\":\"https:\\\/\\\/www.vertigomotors.com\\\/es\\\/nueva-vertical-2021\\\/#primaryimage\"},\"thumbnailUrl\":\"https:\\\/\\\/www.vertigomotors.com\\\/wp-content\\\/uploads\\\/2020\\\/08\\\/2007290043-2048x1365-1.jpg\",\"articleSection\":[\"Competici\u00f3n\"],\"inLanguage\":\"es\",\"potentialAction\":[{\"@type\":\"CommentAction\",\"name\":\"Comment\",\"target\":[\"https:\\\/\\\/www.vertigomotors.com\\\/es\\\/nueva-vertical-2021\\\/#respond\"]}]},{\"@type\":\"WebPage\",\"@id\":\"https:\\\/\\\/www.vertigomotors.com\\\/es\\\/nueva-vertical-2021\\\/\",\"url\":\"https:\\\/\\\/www.vertigomotors.com\\\/es\\\/nueva-vertical-2021\\\/\",\"name\":\"NUEVA VERTICAL 2021 | Vertigo Motors\",\"isPartOf\":{\"@id\":\"https:\\\/\\\/www.vertigomotors.com\\\/es\\\/#website\"},\"primaryImageOfPage\":{\"@id\":\"https:\\\/\\\/www.vertigomotors.com\\\/es\\\/nueva-vertical-2021\\\/#primaryimage\"},\"image\":{\"@id\":\"https:\\\/\\\/www.vertigomotors.com\\\/es\\\/nueva-vertical-2021\\\/#primaryimage\"},\"thumbnailUrl\":\"https:\\\/\\\/www.vertigomotors.com\\\/wp-content\\\/uploads\\\/2020\\\/08\\\/2007290043-2048x1365-1.jpg\",\"datePublished\":\"2020-08-28T10:12:15+00:00\",\"dateModified\":\"2022-04-06T10:02:13+00:00\",\"author\":{\"@id\":\"https:\\\/\\\/www.vertigomotors.com\\\/es\\\/#\\\/schema\\\/person\\\/b719de825398bef0a97e1636813c1f7f\"},\"breadcrumb\":{\"@id\":\"https:\\\/\\\/www.vertigomotors.com\\\/es\\\/nueva-vertical-2021\\\/#breadcrumb\"},\"inLanguage\":\"es\",\"potentialAction\":[{\"@type\":\"ReadAction\",\"target\":[\"https:\\\/\\\/www.vertigomotors.com\\\/es\\\/nueva-vertical-2021\\\/\"]}]},{\"@type\":\"ImageObject\",\"inLanguage\":\"es\",\"@id\":\"https:\\\/\\\/www.vertigomotors.com\\\/es\\\/nueva-vertical-2021\\\/#primaryimage\",\"url\":\"https:\\\/\\\/www.vertigomotors.com\\\/wp-content\\\/uploads\\\/2020\\\/08\\\/2007290043-2048x1365-1.jpg\",\"contentUrl\":\"https:\\\/\\\/www.vertigomotors.com\\\/wp-content\\\/uploads\\\/2020\\\/08\\\/2007290043-2048x1365-1.jpg\",\"width\":2048,\"height\":1365},{\"@type\":\"BreadcrumbList\",\"@id\":\"https:\\\/\\\/www.vertigomotors.com\\\/es\\\/nueva-vertical-2021\\\/#breadcrumb\",\"itemListElement\":[{\"@type\":\"ListItem\",\"position\":1,\"name\":\"Inicio\",\"item\":\"https:\\\/\\\/www.vertigomotors.com\\\/es\\\/\"},{\"@type\":\"ListItem\",\"position\":2,\"name\":\"NUEVA VERTICAL 2021\"}]},{\"@type\":\"WebSite\",\"@id\":\"https:\\\/\\\/www.vertigomotors.com\\\/es\\\/#website\",\"url\":\"https:\\\/\\\/www.vertigomotors.com\\\/es\\\/\",\"name\":\"Vertigo Motors\",\"description\":\"Vertigo Motors\",\"potentialAction\":[{\"@type\":\"SearchAction\",\"target\":{\"@type\":\"EntryPoint\",\"urlTemplate\":\"https:\\\/\\\/www.vertigomotors.com\\\/es\\\/?s={search_term_string}\"},\"query-input\":{\"@type\":\"PropertyValueSpecification\",\"valueRequired\":true,\"valueName\":\"search_term_string\"}}],\"inLanguage\":\"es\"},{\"@type\":\"Person\",\"@id\":\"https:\\\/\\\/www.vertigomotors.com\\\/es\\\/#\\\/schema\\\/person\\\/b719de825398bef0a97e1636813c1f7f\",\"name\":\"c473e4912d\",\"image\":{\"@type\":\"ImageObject\",\"inLanguage\":\"es\",\"@id\":\"https:\\\/\\\/secure.gravatar.com\\\/avatar\\\/5831aec57a392b620b66f2513e656e857a96f1a327a784c56c0b7eefc4468245?s=96&d=mm&r=g\",\"url\":\"https:\\\/\\\/secure.gravatar.com\\\/avatar\\\/5831aec57a392b620b66f2513e656e857a96f1a327a784c56c0b7eefc4468245?s=96&d=mm&r=g\",\"contentUrl\":\"https:\\\/\\\/secure.gravatar.com\\\/avatar\\\/5831aec57a392b620b66f2513e656e857a96f1a327a784c56c0b7eefc4468245?s=96&d=mm&r=g\",\"caption\":\"c473e4912d\"},\"sameAs\":[\"https:\\\/\\\/www.vertigomotors.com\"],\"url\":\"https:\\\/\\\/www.vertigomotors.com\\\/es\\\/author\\\/c473e4912d\\\/\"}]}<\/script>\n<!-- \/ Yoast SEO plugin. -->","yoast_head_json":{"title":"NUEVA VERTICAL 2021 | Vertigo Motors","robots":{"index":"index","follow":"follow","max-snippet":"max-snippet:-1","max-image-preview":"max-image-preview:large","max-video-preview":"max-video-preview:-1"},"canonical":"https:\/\/www.vertigomotors.com\/es\/nueva-vertical-2021\/","og_locale":"es_ES","og_type":"article","og_title":"NUEVA VERTICAL 2021 | Vertigo Motors","og_description":"FOTOS | ESPECIFICACIONES La Vertical se ha erigido a lo largo de las \u00faltimas temporadas como una de las motocicletas m\u00e1s competitivas del mercado. Ya sea en el Campeonato del Mundo de TrialGP como en las pruebas hist\u00f3ricas por excelencia del trial, esta moto ha demostrado una vez tras otra su excepcional rendimiento y capacidad [&hellip;]","og_url":"https:\/\/www.vertigomotors.com\/es\/nueva-vertical-2021\/","og_site_name":"Vertigo Motors","article_published_time":"2020-08-28T10:12:15+00:00","article_modified_time":"2022-04-06T10:02:13+00:00","og_image":[{"width":2048,"height":1365,"url":"https:\/\/www.vertigomotors.com\/wp-content\/uploads\/2020\/08\/2007290043-2048x1365-1.jpg","type":"image\/jpeg"}],"author":"c473e4912d","twitter_card":"summary_large_image","twitter_misc":{"Escrito por":"c473e4912d","Tiempo de lectura":"3 minutos"},"schema":{"@context":"https:\/\/schema.org","@graph":[{"@type":"Article","@id":"https:\/\/www.vertigomotors.com\/es\/nueva-vertical-2021\/#article","isPartOf":{"@id":"https:\/\/www.vertigomotors.com\/es\/nueva-vertical-2021\/"},"author":{"name":"c473e4912d","@id":"https:\/\/www.vertigomotors.com\/es\/#\/schema\/person\/b719de825398bef0a97e1636813c1f7f"},"headline":"NUEVA VERTICAL 2021","datePublished":"2020-08-28T10:12:15+00:00","dateModified":"2022-04-06T10:02:13+00:00","mainEntityOfPage":{"@id":"https:\/\/www.vertigomotors.com\/es\/nueva-vertical-2021\/"},"wordCount":627,"commentCount":0,"image":{"@id":"https:\/\/www.vertigomotors.com\/es\/nueva-vertical-2021\/#primaryimage"},"thumbnailUrl":"https:\/\/www.vertigomotors.com\/wp-content\/uploads\/2020\/08\/2007290043-2048x1365-1.jpg","articleSection":["Competici\u00f3n"],"inLanguage":"es","potentialAction":[{"@type":"CommentAction","name":"Comment","target":["https:\/\/www.vertigomotors.com\/es\/nueva-vertical-2021\/#respond"]}]},{"@type":"WebPage","@id":"https:\/\/www.vertigomotors.com\/es\/nueva-vertical-2021\/","url":"https:\/\/www.vertigomotors.com\/es\/nueva-vertical-2021\/","name":"NUEVA VERTICAL 2021 | Vertigo Motors","isPartOf":{"@id":"https:\/\/www.vertigomotors.com\/es\/#website"},"primaryImageOfPage":{"@id":"https:\/\/www.vertigomotors.com\/es\/nueva-vertical-2021\/#primaryimage"},"image":{"@id":"https:\/\/www.vertigomotors.com\/es\/nueva-vertical-2021\/#primaryimage"},"thumbnailUrl":"https:\/\/www.vertigomotors.com\/wp-content\/uploads\/2020\/08\/2007290043-2048x1365-1.jpg","datePublished":"2020-08-28T10:12:15+00:00","dateModified":"2022-04-06T10:02:13+00:00","author":{"@id":"https:\/\/www.vertigomotors.com\/es\/#\/schema\/person\/b719de825398bef0a97e1636813c1f7f"},"breadcrumb":{"@id":"https:\/\/www.vertigomotors.com\/es\/nueva-vertical-2021\/#breadcrumb"},"inLanguage":"es","potentialAction":[{"@type":"ReadAction","target":["https:\/\/www.vertigomotors.com\/es\/nueva-vertical-2021\/"]}]},{"@type":"ImageObject","inLanguage":"es","@id":"https:\/\/www.vertigomotors.com\/es\/nueva-vertical-2021\/#primaryimage","url":"https:\/\/www.vertigomotors.com\/wp-content\/uploads\/2020\/08\/2007290043-2048x1365-1.jpg","contentUrl":"https:\/\/www.vertigomotors.com\/wp-content\/uploads\/2020\/08\/2007290043-2048x1365-1.jpg","width":2048,"height":1365},{"@type":"BreadcrumbList","@id":"https:\/\/www.vertigomotors.com\/es\/nueva-vertical-2021\/#breadcrumb","itemListElement":[{"@type":"ListItem","position":1,"name":"Inicio","item":"https:\/\/www.vertigomotors.com\/es\/"},{"@type":"ListItem","position":2,"name":"NUEVA VERTICAL 2021"}]},{"@type":"WebSite","@id":"https:\/\/www.vertigomotors.com\/es\/#website","url":"https:\/\/www.vertigomotors.com\/es\/","name":"Vertigo Motors","description":"Vertigo Motors","potentialAction":[{"@type":"SearchAction","target":{"@type":"EntryPoint","urlTemplate":"https:\/\/www.vertigomotors.com\/es\/?s={search_term_string}"},"query-input":{"@type":"PropertyValueSpecification","valueRequired":true,"valueName":"search_term_string"}}],"inLanguage":"es"},{"@type":"Person","@id":"https:\/\/www.vertigomotors.com\/es\/#\/schema\/person\/b719de825398bef0a97e1636813c1f7f","name":"c473e4912d","image":{"@type":"ImageObject","inLanguage":"es","@id":"https:\/\/secure.gravatar.com\/avatar\/5831aec57a392b620b66f2513e656e857a96f1a327a784c56c0b7eefc4468245?s=96&d=mm&r=g","url":"https:\/\/secure.gravatar.com\/avatar\/5831aec57a392b620b66f2513e656e857a96f1a327a784c56c0b7eefc4468245?s=96&d=mm&r=g","contentUrl":"https:\/\/secure.gravatar.com\/avatar\/5831aec57a392b620b66f2513e656e857a96f1a327a784c56c0b7eefc4468245?s=96&d=mm&r=g","caption":"c473e4912d"},"sameAs":["https:\/\/www.vertigomotors.com"],"url":"https:\/\/www.vertigomotors.com\/es\/author\/c473e4912d\/"}]}},"_links":{"self":[{"href":"https:\/\/www.vertigomotors.com\/es\/wp-json\/wp\/v2\/posts\/6092","targetHints":{"allow":["GET"]}}],"collection":[{"href":"https:\/\/www.vertigomotors.com\/es\/wp-json\/wp\/v2\/posts"}],"about":[{"href":"https:\/\/www.vertigomotors.com\/es\/wp-json\/wp\/v2\/types\/post"}],"author":[{"embeddable":true,"href":"https:\/\/www.vertigomotors.com\/es\/wp-json\/wp\/v2\/users\/1"}],"replies":[{"embeddable":true,"href":"https:\/\/www.vertigomotors.com\/es\/wp-json\/wp\/v2\/comments?post=6092"}],"version-history":[{"count":2,"href":"https:\/\/www.vertigomotors.com\/es\/wp-json\/wp\/v2\/posts\/6092\/revisions"}],"predecessor-version":[{"id":8900,"href":"https:\/\/www.vertigomotors.com\/es\/wp-json\/wp\/v2\/posts\/6092\/revisions\/8900"}],"wp:featuredmedia":[{"embeddable":true,"href":"https:\/\/www.vertigomotors.com\/es\/wp-json\/wp\/v2\/media\/8897"}],"wp:attachment":[{"href":"https:\/\/www.vertigomotors.com\/es\/wp-json\/wp\/v2\/media?parent=6092"}],"wp:term":[{"taxonomy":"category","embeddable":true,"href":"https:\/\/www.vertigomotors.com\/es\/wp-json\/wp\/v2\/categories?post=6092"},{"taxonomy":"post_tag","embeddable":true,"href":"https:\/\/www.vertigomotors.com\/es\/wp-json\/wp\/v2\/tags?post=6092"}],"curies":[{"name":"wp","href":"https:\/\/api.w.org\/{rel}","templated":true}]}}