{"id":6025,"date":"2020-07-10T08:56:48","date_gmt":"2020-07-10T08:56:48","guid":{"rendered":"https:\/\/www.vertigomotors.com\/?p=6025"},"modified":"2022-04-06T10:12:36","modified_gmt":"2022-04-06T10:12:36","slug":"vertigo-toma-la-dificil-decision-de-no-acudir-a-pobladura","status":"publish","type":"post","link":"https:\/\/www.vertigomotors.com\/es\/vertigo-toma-la-dificil-decision-de-no-acudir-a-pobladura\/","title":{"rendered":"VERTIGO TOMA LA DIF\u00cdCIL DECISI\u00d3N DE NO ACUDIR A POBLADURA"},"content":{"rendered":"\n<p>Vertigo Espa\u00f1a ha tomado la dif\u00edcil decisi\u00f3n de no acudir como equipo a la segunda prueba del Campeonato de Espa\u00f1a de Trial en Pobladura de las Regueras, Le\u00f3n, prevista para este fin de semana.<\/p>\n\n\n\n<p>Tras evaluar la situaci\u00f3n de excepcionalidad en la que actualmente nos encontramos, con un aumento significativo de las restricciones y el incremento de los rebrotes de Covid-19 en las \u00faltimas horas, desde f\u00e1brica se ha cre\u00eddo oportuno tomar esta dr\u00e1stica pero necesaria resoluci\u00f3n pensando en el bienestar y la seguridad de los pilotos, mec\u00e1nicos y personal del equipo que habitualmente se desplaza a las carreras.<\/p>\n\n\n\n<p>El compromiso de Vertigo y sus pilotos con el Campeonato de Espa\u00f1a de Trial es firme, por lo que se quiere aclarar en el presente comunicado que la ausencia en la carrera de este fin de semana responde exclusivamente al motivo expuesto en el anterior p\u00e1rrafo. La competici\u00f3n sigue constituyendo un pilar fundamental en el proyecto de la marca y en este sentido, el equipo al completo espera volver al certamen dom\u00e9stico en la pr\u00f3xima cita del calendario el 26 de setiembre en Baiona, Pontevedra, si la situaci\u00f3n y las circunstancias del momento as\u00ed lo permiten.<\/p>\n","protected":false},"excerpt":{"rendered":"<p>Vertigo Espa\u00f1a ha tomado la dif\u00edcil decisi\u00f3n de no acudir como equipo a la segunda prueba del Campeonato de Espa\u00f1a de Trial en Pobladura de las Regueras, Le\u00f3n, prevista para este fin de semana. Tras evaluar la situaci\u00f3n de excepcionalidad en la que actualmente nos encontramos, con un aumento significativo de las restricciones y el [&hellip;]<\/p>\n","protected":false},"author":1,"featured_media":8908,"comment_status":"open","ping_status":"open","sticky":false,"template":"","format":"standard","meta":{"_et_pb_use_builder":"","_et_pb_old_content":"","_et_gb_content_width":"","inline_featured_image":false,"footnotes":""},"categories":[32,126],"tags":[],"class_list":["post-6025","post","type-post","status-publish","format-standard","has-post-thumbnail","hentry","category-competicion","category-sin-categoria"],"yoast_head":"<!-- This site is optimized with the Yoast SEO plugin v27.5 - https:\/\/yoast.com\/product\/yoast-seo-wordpress\/ -->\n<title>VERTIGO TOMA LA DIF\u00cdCIL DECISI\u00d3N DE NO ACUDIR A POBLADURA | Vertigo Motors<\/title>\n<meta name=\"robots\" content=\"index, follow, max-snippet:-1, max-image-preview:large, max-video-preview:-1\" \/>\n<link rel=\"canonical\" href=\"https:\/\/www.vertigomotors.com\/es\/vertigo-toma-la-dificil-decision-de-no-acudir-a-pobladura\/\" \/>\n<meta property=\"og:locale\" content=\"es_ES\" \/>\n<meta property=\"og:type\" content=\"article\" \/>\n<meta property=\"og:title\" content=\"VERTIGO TOMA LA DIF\u00cdCIL DECISI\u00d3N DE NO ACUDIR A POBLADURA | Vertigo Motors\" \/>\n<meta property=\"og:description\" content=\"Vertigo Espa\u00f1a ha tomado la dif\u00edcil decisi\u00f3n de no acudir como equipo a la segunda prueba del Campeonato de Espa\u00f1a de Trial en Pobladura de las Regueras, Le\u00f3n, prevista para este fin de semana. Tras evaluar la situaci\u00f3n de excepcionalidad en la que actualmente nos encontramos, con un aumento significativo de las restricciones y el [&hellip;]\" \/>\n<meta property=\"og:url\" content=\"https:\/\/www.vertigomotors.com\/es\/vertigo-toma-la-dificil-decision-de-no-acudir-a-pobladura\/\" \/>\n<meta property=\"og:site_name\" content=\"Vertigo Motors\" \/>\n<meta property=\"article:published_time\" content=\"2020-07-10T08:56:48+00:00\" \/>\n<meta property=\"article:modified_time\" content=\"2022-04-06T10:12:36+00:00\" \/>\n<meta property=\"og:image\" content=\"https:\/\/www.vertigomotors.com\/wp-content\/uploads\/2020\/07\/busto-3.jpg\" \/>\n\t<meta property=\"og:image:width\" content=\"1400\" \/>\n\t<meta property=\"og:image:height\" content=\"933\" \/>\n\t<meta property=\"og:image:type\" content=\"image\/jpeg\" \/>\n<meta name=\"author\" content=\"c473e4912d\" \/>\n<meta name=\"twitter:card\" content=\"summary_large_image\" \/>\n<meta name=\"twitter:label1\" content=\"Escrito por\" \/>\n\t<meta name=\"twitter:data1\" content=\"c473e4912d\" \/>\n\t<meta name=\"twitter:label2\" content=\"Tiempo de lectura\" \/>\n\t<meta name=\"twitter:data2\" content=\"1 minuto\" \/>\n<script type=\"application\/ld+json\" class=\"yoast-schema-graph\">{\"@context\":\"https:\\\/\\\/schema.org\",\"@graph\":[{\"@type\":\"Article\",\"@id\":\"https:\\\/\\\/www.vertigomotors.com\\\/es\\\/vertigo-toma-la-dificil-decision-de-no-acudir-a-pobladura\\\/#article\",\"isPartOf\":{\"@id\":\"https:\\\/\\\/www.vertigomotors.com\\\/es\\\/vertigo-toma-la-dificil-decision-de-no-acudir-a-pobladura\\\/\"},\"author\":{\"name\":\"c473e4912d\",\"@id\":\"https:\\\/\\\/www.vertigomotors.com\\\/es\\\/#\\\/schema\\\/person\\\/b719de825398bef0a97e1636813c1f7f\"},\"headline\":\"VERTIGO TOMA LA DIF\u00cdCIL DECISI\u00d3N DE NO ACUDIR A POBLADURA\",\"datePublished\":\"2020-07-10T08:56:48+00:00\",\"dateModified\":\"2022-04-06T10:12:36+00:00\",\"mainEntityOfPage\":{\"@id\":\"https:\\\/\\\/www.vertigomotors.com\\\/es\\\/vertigo-toma-la-dificil-decision-de-no-acudir-a-pobladura\\\/\"},\"wordCount\":223,\"commentCount\":0,\"image\":{\"@id\":\"https:\\\/\\\/www.vertigomotors.com\\\/es\\\/vertigo-toma-la-dificil-decision-de-no-acudir-a-pobladura\\\/#primaryimage\"},\"thumbnailUrl\":\"https:\\\/\\\/www.vertigomotors.com\\\/wp-content\\\/uploads\\\/2020\\\/07\\\/busto-3.jpg\",\"articleSection\":[\"Competici\u00f3n\"],\"inLanguage\":\"es\",\"potentialAction\":[{\"@type\":\"CommentAction\",\"name\":\"Comment\",\"target\":[\"https:\\\/\\\/www.vertigomotors.com\\\/es\\\/vertigo-toma-la-dificil-decision-de-no-acudir-a-pobladura\\\/#respond\"]}]},{\"@type\":\"WebPage\",\"@id\":\"https:\\\/\\\/www.vertigomotors.com\\\/es\\\/vertigo-toma-la-dificil-decision-de-no-acudir-a-pobladura\\\/\",\"url\":\"https:\\\/\\\/www.vertigomotors.com\\\/es\\\/vertigo-toma-la-dificil-decision-de-no-acudir-a-pobladura\\\/\",\"name\":\"VERTIGO TOMA LA DIF\u00cdCIL DECISI\u00d3N DE NO ACUDIR A POBLADURA | Vertigo Motors\",\"isPartOf\":{\"@id\":\"https:\\\/\\\/www.vertigomotors.com\\\/es\\\/#website\"},\"primaryImageOfPage\":{\"@id\":\"https:\\\/\\\/www.vertigomotors.com\\\/es\\\/vertigo-toma-la-dificil-decision-de-no-acudir-a-pobladura\\\/#primaryimage\"},\"image\":{\"@id\":\"https:\\\/\\\/www.vertigomotors.com\\\/es\\\/vertigo-toma-la-dificil-decision-de-no-acudir-a-pobladura\\\/#primaryimage\"},\"thumbnailUrl\":\"https:\\\/\\\/www.vertigomotors.com\\\/wp-content\\\/uploads\\\/2020\\\/07\\\/busto-3.jpg\",\"datePublished\":\"2020-07-10T08:56:48+00:00\",\"dateModified\":\"2022-04-06T10:12:36+00:00\",\"author\":{\"@id\":\"https:\\\/\\\/www.vertigomotors.com\\\/es\\\/#\\\/schema\\\/person\\\/b719de825398bef0a97e1636813c1f7f\"},\"breadcrumb\":{\"@id\":\"https:\\\/\\\/www.vertigomotors.com\\\/es\\\/vertigo-toma-la-dificil-decision-de-no-acudir-a-pobladura\\\/#breadcrumb\"},\"inLanguage\":\"es\",\"potentialAction\":[{\"@type\":\"ReadAction\",\"target\":[\"https:\\\/\\\/www.vertigomotors.com\\\/es\\\/vertigo-toma-la-dificil-decision-de-no-acudir-a-pobladura\\\/\"]}]},{\"@type\":\"ImageObject\",\"inLanguage\":\"es\",\"@id\":\"https:\\\/\\\/www.vertigomotors.com\\\/es\\\/vertigo-toma-la-dificil-decision-de-no-acudir-a-pobladura\\\/#primaryimage\",\"url\":\"https:\\\/\\\/www.vertigomotors.com\\\/wp-content\\\/uploads\\\/2020\\\/07\\\/busto-3.jpg\",\"contentUrl\":\"https:\\\/\\\/www.vertigomotors.com\\\/wp-content\\\/uploads\\\/2020\\\/07\\\/busto-3.jpg\",\"width\":1400,\"height\":933},{\"@type\":\"BreadcrumbList\",\"@id\":\"https:\\\/\\\/www.vertigomotors.com\\\/es\\\/vertigo-toma-la-dificil-decision-de-no-acudir-a-pobladura\\\/#breadcrumb\",\"itemListElement\":[{\"@type\":\"ListItem\",\"position\":1,\"name\":\"Inicio\",\"item\":\"https:\\\/\\\/www.vertigomotors.com\\\/es\\\/\"},{\"@type\":\"ListItem\",\"position\":2,\"name\":\"VERTIGO TOMA LA DIF\u00cdCIL DECISI\u00d3N DE NO ACUDIR A POBLADURA\"}]},{\"@type\":\"WebSite\",\"@id\":\"https:\\\/\\\/www.vertigomotors.com\\\/es\\\/#website\",\"url\":\"https:\\\/\\\/www.vertigomotors.com\\\/es\\\/\",\"name\":\"Vertigo Motors\",\"description\":\"Vertigo Motors\",\"potentialAction\":[{\"@type\":\"SearchAction\",\"target\":{\"@type\":\"EntryPoint\",\"urlTemplate\":\"https:\\\/\\\/www.vertigomotors.com\\\/es\\\/?s={search_term_string}\"},\"query-input\":{\"@type\":\"PropertyValueSpecification\",\"valueRequired\":true,\"valueName\":\"search_term_string\"}}],\"inLanguage\":\"es\"},{\"@type\":\"Person\",\"@id\":\"https:\\\/\\\/www.vertigomotors.com\\\/es\\\/#\\\/schema\\\/person\\\/b719de825398bef0a97e1636813c1f7f\",\"name\":\"c473e4912d\",\"image\":{\"@type\":\"ImageObject\",\"inLanguage\":\"es\",\"@id\":\"https:\\\/\\\/secure.gravatar.com\\\/avatar\\\/5831aec57a392b620b66f2513e656e857a96f1a327a784c56c0b7eefc4468245?s=96&d=mm&r=g\",\"url\":\"https:\\\/\\\/secure.gravatar.com\\\/avatar\\\/5831aec57a392b620b66f2513e656e857a96f1a327a784c56c0b7eefc4468245?s=96&d=mm&r=g\",\"contentUrl\":\"https:\\\/\\\/secure.gravatar.com\\\/avatar\\\/5831aec57a392b620b66f2513e656e857a96f1a327a784c56c0b7eefc4468245?s=96&d=mm&r=g\",\"caption\":\"c473e4912d\"},\"sameAs\":[\"https:\\\/\\\/www.vertigomotors.com\"],\"url\":\"https:\\\/\\\/www.vertigomotors.com\\\/es\\\/author\\\/c473e4912d\\\/\"}]}<\/script>\n<!-- \/ Yoast SEO plugin. -->","yoast_head_json":{"title":"VERTIGO TOMA LA DIF\u00cdCIL DECISI\u00d3N DE NO ACUDIR A POBLADURA | Vertigo Motors","robots":{"index":"index","follow":"follow","max-snippet":"max-snippet:-1","max-image-preview":"max-image-preview:large","max-video-preview":"max-video-preview:-1"},"canonical":"https:\/\/www.vertigomotors.com\/es\/vertigo-toma-la-dificil-decision-de-no-acudir-a-pobladura\/","og_locale":"es_ES","og_type":"article","og_title":"VERTIGO TOMA LA DIF\u00cdCIL DECISI\u00d3N DE NO ACUDIR A POBLADURA | Vertigo Motors","og_description":"Vertigo Espa\u00f1a ha tomado la dif\u00edcil decisi\u00f3n de no acudir como equipo a la segunda prueba del Campeonato de Espa\u00f1a de Trial en Pobladura de las Regueras, Le\u00f3n, prevista para este fin de semana. Tras evaluar la situaci\u00f3n de excepcionalidad en la que actualmente nos encontramos, con un aumento significativo de las restricciones y el [&hellip;]","og_url":"https:\/\/www.vertigomotors.com\/es\/vertigo-toma-la-dificil-decision-de-no-acudir-a-pobladura\/","og_site_name":"Vertigo Motors","article_published_time":"2020-07-10T08:56:48+00:00","article_modified_time":"2022-04-06T10:12:36+00:00","og_image":[{"width":1400,"height":933,"url":"https:\/\/www.vertigomotors.com\/wp-content\/uploads\/2020\/07\/busto-3.jpg","type":"image\/jpeg"}],"author":"c473e4912d","twitter_card":"summary_large_image","twitter_misc":{"Escrito por":"c473e4912d","Tiempo de lectura":"1 minuto"},"schema":{"@context":"https:\/\/schema.org","@graph":[{"@type":"Article","@id":"https:\/\/www.vertigomotors.com\/es\/vertigo-toma-la-dificil-decision-de-no-acudir-a-pobladura\/#article","isPartOf":{"@id":"https:\/\/www.vertigomotors.com\/es\/vertigo-toma-la-dificil-decision-de-no-acudir-a-pobladura\/"},"author":{"name":"c473e4912d","@id":"https:\/\/www.vertigomotors.com\/es\/#\/schema\/person\/b719de825398bef0a97e1636813c1f7f"},"headline":"VERTIGO TOMA LA DIF\u00cdCIL DECISI\u00d3N DE NO ACUDIR A POBLADURA","datePublished":"2020-07-10T08:56:48+00:00","dateModified":"2022-04-06T10:12:36+00:00","mainEntityOfPage":{"@id":"https:\/\/www.vertigomotors.com\/es\/vertigo-toma-la-dificil-decision-de-no-acudir-a-pobladura\/"},"wordCount":223,"commentCount":0,"image":{"@id":"https:\/\/www.vertigomotors.com\/es\/vertigo-toma-la-dificil-decision-de-no-acudir-a-pobladura\/#primaryimage"},"thumbnailUrl":"https:\/\/www.vertigomotors.com\/wp-content\/uploads\/2020\/07\/busto-3.jpg","articleSection":["Competici\u00f3n"],"inLanguage":"es","potentialAction":[{"@type":"CommentAction","name":"Comment","target":["https:\/\/www.vertigomotors.com\/es\/vertigo-toma-la-dificil-decision-de-no-acudir-a-pobladura\/#respond"]}]},{"@type":"WebPage","@id":"https:\/\/www.vertigomotors.com\/es\/vertigo-toma-la-dificil-decision-de-no-acudir-a-pobladura\/","url":"https:\/\/www.vertigomotors.com\/es\/vertigo-toma-la-dificil-decision-de-no-acudir-a-pobladura\/","name":"VERTIGO TOMA LA DIF\u00cdCIL DECISI\u00d3N DE NO ACUDIR A POBLADURA | Vertigo Motors","isPartOf":{"@id":"https:\/\/www.vertigomotors.com\/es\/#website"},"primaryImageOfPage":{"@id":"https:\/\/www.vertigomotors.com\/es\/vertigo-toma-la-dificil-decision-de-no-acudir-a-pobladura\/#primaryimage"},"image":{"@id":"https:\/\/www.vertigomotors.com\/es\/vertigo-toma-la-dificil-decision-de-no-acudir-a-pobladura\/#primaryimage"},"thumbnailUrl":"https:\/\/www.vertigomotors.com\/wp-content\/uploads\/2020\/07\/busto-3.jpg","datePublished":"2020-07-10T08:56:48+00:00","dateModified":"2022-04-06T10:12:36+00:00","author":{"@id":"https:\/\/www.vertigomotors.com\/es\/#\/schema\/person\/b719de825398bef0a97e1636813c1f7f"},"breadcrumb":{"@id":"https:\/\/www.vertigomotors.com\/es\/vertigo-toma-la-dificil-decision-de-no-acudir-a-pobladura\/#breadcrumb"},"inLanguage":"es","potentialAction":[{"@type":"ReadAction","target":["https:\/\/www.vertigomotors.com\/es\/vertigo-toma-la-dificil-decision-de-no-acudir-a-pobladura\/"]}]},{"@type":"ImageObject","inLanguage":"es","@id":"https:\/\/www.vertigomotors.com\/es\/vertigo-toma-la-dificil-decision-de-no-acudir-a-pobladura\/#primaryimage","url":"https:\/\/www.vertigomotors.com\/wp-content\/uploads\/2020\/07\/busto-3.jpg","contentUrl":"https:\/\/www.vertigomotors.com\/wp-content\/uploads\/2020\/07\/busto-3.jpg","width":1400,"height":933},{"@type":"BreadcrumbList","@id":"https:\/\/www.vertigomotors.com\/es\/vertigo-toma-la-dificil-decision-de-no-acudir-a-pobladura\/#breadcrumb","itemListElement":[{"@type":"ListItem","position":1,"name":"Inicio","item":"https:\/\/www.vertigomotors.com\/es\/"},{"@type":"ListItem","position":2,"name":"VERTIGO TOMA LA DIF\u00cdCIL DECISI\u00d3N DE NO ACUDIR A POBLADURA"}]},{"@type":"WebSite","@id":"https:\/\/www.vertigomotors.com\/es\/#website","url":"https:\/\/www.vertigomotors.com\/es\/","name":"Vertigo Motors","description":"Vertigo Motors","potentialAction":[{"@type":"SearchAction","target":{"@type":"EntryPoint","urlTemplate":"https:\/\/www.vertigomotors.com\/es\/?s={search_term_string}"},"query-input":{"@type":"PropertyValueSpecification","valueRequired":true,"valueName":"search_term_string"}}],"inLanguage":"es"},{"@type":"Person","@id":"https:\/\/www.vertigomotors.com\/es\/#\/schema\/person\/b719de825398bef0a97e1636813c1f7f","name":"c473e4912d","image":{"@type":"ImageObject","inLanguage":"es","@id":"https:\/\/secure.gravatar.com\/avatar\/5831aec57a392b620b66f2513e656e857a96f1a327a784c56c0b7eefc4468245?s=96&d=mm&r=g","url":"https:\/\/secure.gravatar.com\/avatar\/5831aec57a392b620b66f2513e656e857a96f1a327a784c56c0b7eefc4468245?s=96&d=mm&r=g","contentUrl":"https:\/\/secure.gravatar.com\/avatar\/5831aec57a392b620b66f2513e656e857a96f1a327a784c56c0b7eefc4468245?s=96&d=mm&r=g","caption":"c473e4912d"},"sameAs":["https:\/\/www.vertigomotors.com"],"url":"https:\/\/www.vertigomotors.com\/es\/author\/c473e4912d\/"}]}},"_links":{"self":[{"href":"https:\/\/www.vertigomotors.com\/es\/wp-json\/wp\/v2\/posts\/6025","targetHints":{"allow":["GET"]}}],"collection":[{"href":"https:\/\/www.vertigomotors.com\/es\/wp-json\/wp\/v2\/posts"}],"about":[{"href":"https:\/\/www.vertigomotors.com\/es\/wp-json\/wp\/v2\/types\/post"}],"author":[{"embeddable":true,"href":"https:\/\/www.vertigomotors.com\/es\/wp-json\/wp\/v2\/users\/1"}],"replies":[{"embeddable":true,"href":"https:\/\/www.vertigomotors.com\/es\/wp-json\/wp\/v2\/comments?post=6025"}],"version-history":[{"count":1,"href":"https:\/\/www.vertigomotors.com\/es\/wp-json\/wp\/v2\/posts\/6025\/revisions"}],"predecessor-version":[{"id":8492,"href":"https:\/\/www.vertigomotors.com\/es\/wp-json\/wp\/v2\/posts\/6025\/revisions\/8492"}],"wp:featuredmedia":[{"embeddable":true,"href":"https:\/\/www.vertigomotors.com\/es\/wp-json\/wp\/v2\/media\/8908"}],"wp:attachment":[{"href":"https:\/\/www.vertigomotors.com\/es\/wp-json\/wp\/v2\/media?parent=6025"}],"wp:term":[{"taxonomy":"category","embeddable":true,"href":"https:\/\/www.vertigomotors.com\/es\/wp-json\/wp\/v2\/categories?post=6025"},{"taxonomy":"post_tag","embeddable":true,"href":"https:\/\/www.vertigomotors.com\/es\/wp-json\/wp\/v2\/tags?post=6025"}],"curies":[{"name":"wp","href":"https:\/\/api.w.org\/{rel}","templated":true}]}}