{"id":5719,"date":"2020-03-03T18:35:16","date_gmt":"2020-03-03T18:35:16","guid":{"rendered":"https:\/\/www.vertigomotors.com\/?p=5719"},"modified":"2022-03-30T10:27:10","modified_gmt":"2022-03-30T10:27:10","slug":"video-equipo-oficial-vertigo-factory-2020","status":"publish","type":"post","link":"https:\/\/www.vertigomotors.com\/es\/video-equipo-oficial-vertigo-factory-2020\/","title":{"rendered":"V\u00cdDEO EQUIPO OFICIAL VERTIGO FACTORY 2020"},"content":{"rendered":"\n<p>Vertigo presenta con gran satisfacci\u00f3n el v\u00eddeo de presentaci\u00f3n oficial de su equipo Factory para la temporada 2020. Este prometedor equipo estar\u00e1 comandado por el 12 veces Campe\u00f3n del Mundo y 12 veces Campe\u00f3n de los SSDT Dougie Lampkin, que seguir\u00e1 ejerciendo de Team Manager.<\/p>\n\n\n\n<p>Jaime Busto, Miquel Gelabert y Jack Price ser\u00e1n los representantes de la marca en la categor\u00eda reina del Mundial de TrialGP. Berta Abell\u00e1n competir\u00e1 en el Mundial de TrialGP Women como la vigente subcampeona del certamen, con grandes posibilidades de luchar por la victoria despu\u00e9s de una gran pretemporada.<\/p>\n\n\n\n<p>Para la categor\u00eda de Trial2 Vertigo presenta una renovada alineaci\u00f3n de pilotos con las firmas de Aniol Gelabert y Hugo Dufrese, al tiempo que mantiene a la joven promesa&nbsp;italiana&nbsp;Lorenzo Gandola.<\/p>\n\n\n\n<p>Por \u00faltimo, en la categor\u00eda de Trial125 Vertigo contar\u00e1 con Pau Mart\u00ednez, Campe\u00f3n Europeo Youth en 2019 y serio aspirante al t\u00edtulo mundial en 2020. Mart\u00ednez estar\u00e1 acompa\u00f1ado por el piloto escoc\u00e9s Ben Dignan.<\/p>\n\n\n\n<figure class=\"wp-block-embed is-type-video is-provider-youtube wp-block-embed-youtube wp-embed-aspect-16-9 wp-has-aspect-ratio\"><div class=\"wp-block-embed__wrapper\">\n<iframe loading=\"lazy\" title=\"2020 Vertigo Factory Team - Official video\" width=\"1080\" height=\"608\" src=\"https:\/\/www.youtube.com\/embed\/Va09m73XoPU?feature=oembed\"  allow=\"accelerometer; autoplay; clipboard-write; encrypted-media; gyroscope; picture-in-picture\" allowfullscreen><\/iframe>\n<\/div><\/figure>\n","protected":false},"excerpt":{"rendered":"<p>Vertigo presenta con gran satisfacci\u00f3n el v\u00eddeo de presentaci\u00f3n oficial de su equipo Factory para la temporada 2020. Este prometedor equipo estar\u00e1 comandado por el 12 veces Campe\u00f3n del Mundo y 12 veces Campe\u00f3n de los SSDT Dougie Lampkin, que seguir\u00e1 ejerciendo de Team Manager. Jaime Busto, Miquel Gelabert y Jack Price ser\u00e1n los representantes [&hellip;]<\/p>\n","protected":false},"author":1,"featured_media":8604,"comment_status":"open","ping_status":"open","sticky":false,"template":"","format":"standard","meta":{"_et_pb_use_builder":"","_et_pb_old_content":"","_et_gb_content_width":"","inline_featured_image":false,"footnotes":""},"categories":[105,126],"tags":[],"class_list":["post-5719","post","type-post","status-publish","format-standard","has-post-thumbnail","hentry","category-corporativo","category-sin-categoria"],"yoast_head":"<!-- This site is optimized with the Yoast SEO plugin v27.5 - https:\/\/yoast.com\/product\/yoast-seo-wordpress\/ -->\n<title>V\u00cdDEO EQUIPO OFICIAL VERTIGO FACTORY 2020 | Vertigo Motors<\/title>\n<meta name=\"robots\" content=\"index, follow, max-snippet:-1, max-image-preview:large, max-video-preview:-1\" \/>\n<link rel=\"canonical\" href=\"https:\/\/www.vertigomotors.com\/es\/video-equipo-oficial-vertigo-factory-2020\/\" \/>\n<meta property=\"og:locale\" content=\"es_ES\" \/>\n<meta property=\"og:type\" content=\"article\" \/>\n<meta property=\"og:title\" content=\"V\u00cdDEO EQUIPO OFICIAL VERTIGO FACTORY 2020 | Vertigo Motors\" \/>\n<meta property=\"og:description\" content=\"Vertigo presenta con gran satisfacci\u00f3n el v\u00eddeo de presentaci\u00f3n oficial de su equipo Factory para la temporada 2020. Este prometedor equipo estar\u00e1 comandado por el 12 veces Campe\u00f3n del Mundo y 12 veces Campe\u00f3n de los SSDT Dougie Lampkin, que seguir\u00e1 ejerciendo de Team Manager. Jaime Busto, Miquel Gelabert y Jack Price ser\u00e1n los representantes [&hellip;]\" \/>\n<meta property=\"og:url\" content=\"https:\/\/www.vertigomotors.com\/es\/video-equipo-oficial-vertigo-factory-2020\/\" \/>\n<meta property=\"og:site_name\" content=\"Vertigo Motors\" \/>\n<meta property=\"article:published_time\" content=\"2020-03-03T18:35:16+00:00\" \/>\n<meta property=\"article:modified_time\" content=\"2022-03-30T10:27:10+00:00\" \/>\n<meta name=\"author\" content=\"c473e4912d\" \/>\n<meta name=\"twitter:card\" content=\"summary_large_image\" \/>\n<meta name=\"twitter:image\" content=\"https:\/\/www.vertigomotors.com\/wp-content\/uploads\/2020\/03\/vertigovideo.jpg\" \/>\n<meta name=\"twitter:label1\" content=\"Escrito por\" \/>\n\t<meta name=\"twitter:data1\" content=\"c473e4912d\" \/>\n\t<meta name=\"twitter:label2\" content=\"Tiempo de lectura\" \/>\n\t<meta name=\"twitter:data2\" content=\"1 minuto\" \/>\n<script type=\"application\/ld+json\" class=\"yoast-schema-graph\">{\"@context\":\"https:\\\/\\\/schema.org\",\"@graph\":[{\"@type\":\"Article\",\"@id\":\"https:\\\/\\\/www.vertigomotors.com\\\/es\\\/video-equipo-oficial-vertigo-factory-2020\\\/#article\",\"isPartOf\":{\"@id\":\"https:\\\/\\\/www.vertigomotors.com\\\/es\\\/video-equipo-oficial-vertigo-factory-2020\\\/\"},\"author\":{\"name\":\"c473e4912d\",\"@id\":\"https:\\\/\\\/www.vertigomotors.com\\\/es\\\/#\\\/schema\\\/person\\\/b719de825398bef0a97e1636813c1f7f\"},\"headline\":\"V\u00cdDEO EQUIPO OFICIAL VERTIGO FACTORY 2020\",\"datePublished\":\"2020-03-03T18:35:16+00:00\",\"dateModified\":\"2022-03-30T10:27:10+00:00\",\"mainEntityOfPage\":{\"@id\":\"https:\\\/\\\/www.vertigomotors.com\\\/es\\\/video-equipo-oficial-vertigo-factory-2020\\\/\"},\"wordCount\":190,\"commentCount\":0,\"image\":{\"@id\":\"https:\\\/\\\/www.vertigomotors.com\\\/es\\\/video-equipo-oficial-vertigo-factory-2020\\\/#primaryimage\"},\"thumbnailUrl\":\"https:\\\/\\\/www.vertigomotors.com\\\/wp-content\\\/uploads\\\/2020\\\/03\\\/vertigovideo.jpg\",\"articleSection\":[\"Corporativo\"],\"inLanguage\":\"es\",\"potentialAction\":[{\"@type\":\"CommentAction\",\"name\":\"Comment\",\"target\":[\"https:\\\/\\\/www.vertigomotors.com\\\/es\\\/video-equipo-oficial-vertigo-factory-2020\\\/#respond\"]}]},{\"@type\":\"WebPage\",\"@id\":\"https:\\\/\\\/www.vertigomotors.com\\\/es\\\/video-equipo-oficial-vertigo-factory-2020\\\/\",\"url\":\"https:\\\/\\\/www.vertigomotors.com\\\/es\\\/video-equipo-oficial-vertigo-factory-2020\\\/\",\"name\":\"V\u00cdDEO EQUIPO OFICIAL VERTIGO FACTORY 2020 | Vertigo Motors\",\"isPartOf\":{\"@id\":\"https:\\\/\\\/www.vertigomotors.com\\\/es\\\/#website\"},\"primaryImageOfPage\":{\"@id\":\"https:\\\/\\\/www.vertigomotors.com\\\/es\\\/video-equipo-oficial-vertigo-factory-2020\\\/#primaryimage\"},\"image\":{\"@id\":\"https:\\\/\\\/www.vertigomotors.com\\\/es\\\/video-equipo-oficial-vertigo-factory-2020\\\/#primaryimage\"},\"thumbnailUrl\":\"https:\\\/\\\/www.vertigomotors.com\\\/wp-content\\\/uploads\\\/2020\\\/03\\\/vertigovideo.jpg\",\"datePublished\":\"2020-03-03T18:35:16+00:00\",\"dateModified\":\"2022-03-30T10:27:10+00:00\",\"author\":{\"@id\":\"https:\\\/\\\/www.vertigomotors.com\\\/es\\\/#\\\/schema\\\/person\\\/b719de825398bef0a97e1636813c1f7f\"},\"breadcrumb\":{\"@id\":\"https:\\\/\\\/www.vertigomotors.com\\\/es\\\/video-equipo-oficial-vertigo-factory-2020\\\/#breadcrumb\"},\"inLanguage\":\"es\",\"potentialAction\":[{\"@type\":\"ReadAction\",\"target\":[\"https:\\\/\\\/www.vertigomotors.com\\\/es\\\/video-equipo-oficial-vertigo-factory-2020\\\/\"]}]},{\"@type\":\"ImageObject\",\"inLanguage\":\"es\",\"@id\":\"https:\\\/\\\/www.vertigomotors.com\\\/es\\\/video-equipo-oficial-vertigo-factory-2020\\\/#primaryimage\",\"url\":\"https:\\\/\\\/www.vertigomotors.com\\\/wp-content\\\/uploads\\\/2020\\\/03\\\/vertigovideo.jpg\",\"contentUrl\":\"https:\\\/\\\/www.vertigomotors.com\\\/wp-content\\\/uploads\\\/2020\\\/03\\\/vertigovideo.jpg\"},{\"@type\":\"BreadcrumbList\",\"@id\":\"https:\\\/\\\/www.vertigomotors.com\\\/es\\\/video-equipo-oficial-vertigo-factory-2020\\\/#breadcrumb\",\"itemListElement\":[{\"@type\":\"ListItem\",\"position\":1,\"name\":\"Inicio\",\"item\":\"https:\\\/\\\/www.vertigomotors.com\\\/es\\\/\"},{\"@type\":\"ListItem\",\"position\":2,\"name\":\"V\u00cdDEO EQUIPO OFICIAL VERTIGO FACTORY 2020\"}]},{\"@type\":\"WebSite\",\"@id\":\"https:\\\/\\\/www.vertigomotors.com\\\/es\\\/#website\",\"url\":\"https:\\\/\\\/www.vertigomotors.com\\\/es\\\/\",\"name\":\"Vertigo Motors\",\"description\":\"Vertigo Motors\",\"potentialAction\":[{\"@type\":\"SearchAction\",\"target\":{\"@type\":\"EntryPoint\",\"urlTemplate\":\"https:\\\/\\\/www.vertigomotors.com\\\/es\\\/?s={search_term_string}\"},\"query-input\":{\"@type\":\"PropertyValueSpecification\",\"valueRequired\":true,\"valueName\":\"search_term_string\"}}],\"inLanguage\":\"es\"},{\"@type\":\"Person\",\"@id\":\"https:\\\/\\\/www.vertigomotors.com\\\/es\\\/#\\\/schema\\\/person\\\/b719de825398bef0a97e1636813c1f7f\",\"name\":\"c473e4912d\",\"image\":{\"@type\":\"ImageObject\",\"inLanguage\":\"es\",\"@id\":\"https:\\\/\\\/secure.gravatar.com\\\/avatar\\\/5831aec57a392b620b66f2513e656e857a96f1a327a784c56c0b7eefc4468245?s=96&d=mm&r=g\",\"url\":\"https:\\\/\\\/secure.gravatar.com\\\/avatar\\\/5831aec57a392b620b66f2513e656e857a96f1a327a784c56c0b7eefc4468245?s=96&d=mm&r=g\",\"contentUrl\":\"https:\\\/\\\/secure.gravatar.com\\\/avatar\\\/5831aec57a392b620b66f2513e656e857a96f1a327a784c56c0b7eefc4468245?s=96&d=mm&r=g\",\"caption\":\"c473e4912d\"},\"sameAs\":[\"https:\\\/\\\/www.vertigomotors.com\"],\"url\":\"https:\\\/\\\/www.vertigomotors.com\\\/es\\\/author\\\/c473e4912d\\\/\"}]}<\/script>\n<!-- \/ Yoast SEO plugin. -->","yoast_head_json":{"title":"V\u00cdDEO EQUIPO OFICIAL VERTIGO FACTORY 2020 | Vertigo Motors","robots":{"index":"index","follow":"follow","max-snippet":"max-snippet:-1","max-image-preview":"max-image-preview:large","max-video-preview":"max-video-preview:-1"},"canonical":"https:\/\/www.vertigomotors.com\/es\/video-equipo-oficial-vertigo-factory-2020\/","og_locale":"es_ES","og_type":"article","og_title":"V\u00cdDEO EQUIPO OFICIAL VERTIGO FACTORY 2020 | Vertigo Motors","og_description":"Vertigo presenta con gran satisfacci\u00f3n el v\u00eddeo de presentaci\u00f3n oficial de su equipo Factory para la temporada 2020. Este prometedor equipo estar\u00e1 comandado por el 12 veces Campe\u00f3n del Mundo y 12 veces Campe\u00f3n de los SSDT Dougie Lampkin, que seguir\u00e1 ejerciendo de Team Manager. Jaime Busto, Miquel Gelabert y Jack Price ser\u00e1n los representantes [&hellip;]","og_url":"https:\/\/www.vertigomotors.com\/es\/video-equipo-oficial-vertigo-factory-2020\/","og_site_name":"Vertigo Motors","article_published_time":"2020-03-03T18:35:16+00:00","article_modified_time":"2022-03-30T10:27:10+00:00","author":"c473e4912d","twitter_card":"summary_large_image","twitter_image":"https:\/\/www.vertigomotors.com\/wp-content\/uploads\/2020\/03\/vertigovideo.jpg","twitter_misc":{"Escrito por":"c473e4912d","Tiempo de lectura":"1 minuto"},"schema":{"@context":"https:\/\/schema.org","@graph":[{"@type":"Article","@id":"https:\/\/www.vertigomotors.com\/es\/video-equipo-oficial-vertigo-factory-2020\/#article","isPartOf":{"@id":"https:\/\/www.vertigomotors.com\/es\/video-equipo-oficial-vertigo-factory-2020\/"},"author":{"name":"c473e4912d","@id":"https:\/\/www.vertigomotors.com\/es\/#\/schema\/person\/b719de825398bef0a97e1636813c1f7f"},"headline":"V\u00cdDEO EQUIPO OFICIAL VERTIGO FACTORY 2020","datePublished":"2020-03-03T18:35:16+00:00","dateModified":"2022-03-30T10:27:10+00:00","mainEntityOfPage":{"@id":"https:\/\/www.vertigomotors.com\/es\/video-equipo-oficial-vertigo-factory-2020\/"},"wordCount":190,"commentCount":0,"image":{"@id":"https:\/\/www.vertigomotors.com\/es\/video-equipo-oficial-vertigo-factory-2020\/#primaryimage"},"thumbnailUrl":"https:\/\/www.vertigomotors.com\/wp-content\/uploads\/2020\/03\/vertigovideo.jpg","articleSection":["Corporativo"],"inLanguage":"es","potentialAction":[{"@type":"CommentAction","name":"Comment","target":["https:\/\/www.vertigomotors.com\/es\/video-equipo-oficial-vertigo-factory-2020\/#respond"]}]},{"@type":"WebPage","@id":"https:\/\/www.vertigomotors.com\/es\/video-equipo-oficial-vertigo-factory-2020\/","url":"https:\/\/www.vertigomotors.com\/es\/video-equipo-oficial-vertigo-factory-2020\/","name":"V\u00cdDEO EQUIPO OFICIAL VERTIGO FACTORY 2020 | Vertigo Motors","isPartOf":{"@id":"https:\/\/www.vertigomotors.com\/es\/#website"},"primaryImageOfPage":{"@id":"https:\/\/www.vertigomotors.com\/es\/video-equipo-oficial-vertigo-factory-2020\/#primaryimage"},"image":{"@id":"https:\/\/www.vertigomotors.com\/es\/video-equipo-oficial-vertigo-factory-2020\/#primaryimage"},"thumbnailUrl":"https:\/\/www.vertigomotors.com\/wp-content\/uploads\/2020\/03\/vertigovideo.jpg","datePublished":"2020-03-03T18:35:16+00:00","dateModified":"2022-03-30T10:27:10+00:00","author":{"@id":"https:\/\/www.vertigomotors.com\/es\/#\/schema\/person\/b719de825398bef0a97e1636813c1f7f"},"breadcrumb":{"@id":"https:\/\/www.vertigomotors.com\/es\/video-equipo-oficial-vertigo-factory-2020\/#breadcrumb"},"inLanguage":"es","potentialAction":[{"@type":"ReadAction","target":["https:\/\/www.vertigomotors.com\/es\/video-equipo-oficial-vertigo-factory-2020\/"]}]},{"@type":"ImageObject","inLanguage":"es","@id":"https:\/\/www.vertigomotors.com\/es\/video-equipo-oficial-vertigo-factory-2020\/#primaryimage","url":"https:\/\/www.vertigomotors.com\/wp-content\/uploads\/2020\/03\/vertigovideo.jpg","contentUrl":"https:\/\/www.vertigomotors.com\/wp-content\/uploads\/2020\/03\/vertigovideo.jpg"},{"@type":"BreadcrumbList","@id":"https:\/\/www.vertigomotors.com\/es\/video-equipo-oficial-vertigo-factory-2020\/#breadcrumb","itemListElement":[{"@type":"ListItem","position":1,"name":"Inicio","item":"https:\/\/www.vertigomotors.com\/es\/"},{"@type":"ListItem","position":2,"name":"V\u00cdDEO EQUIPO OFICIAL VERTIGO FACTORY 2020"}]},{"@type":"WebSite","@id":"https:\/\/www.vertigomotors.com\/es\/#website","url":"https:\/\/www.vertigomotors.com\/es\/","name":"Vertigo Motors","description":"Vertigo Motors","potentialAction":[{"@type":"SearchAction","target":{"@type":"EntryPoint","urlTemplate":"https:\/\/www.vertigomotors.com\/es\/?s={search_term_string}"},"query-input":{"@type":"PropertyValueSpecification","valueRequired":true,"valueName":"search_term_string"}}],"inLanguage":"es"},{"@type":"Person","@id":"https:\/\/www.vertigomotors.com\/es\/#\/schema\/person\/b719de825398bef0a97e1636813c1f7f","name":"c473e4912d","image":{"@type":"ImageObject","inLanguage":"es","@id":"https:\/\/secure.gravatar.com\/avatar\/5831aec57a392b620b66f2513e656e857a96f1a327a784c56c0b7eefc4468245?s=96&d=mm&r=g","url":"https:\/\/secure.gravatar.com\/avatar\/5831aec57a392b620b66f2513e656e857a96f1a327a784c56c0b7eefc4468245?s=96&d=mm&r=g","contentUrl":"https:\/\/secure.gravatar.com\/avatar\/5831aec57a392b620b66f2513e656e857a96f1a327a784c56c0b7eefc4468245?s=96&d=mm&r=g","caption":"c473e4912d"},"sameAs":["https:\/\/www.vertigomotors.com"],"url":"https:\/\/www.vertigomotors.com\/es\/author\/c473e4912d\/"}]}},"_links":{"self":[{"href":"https:\/\/www.vertigomotors.com\/es\/wp-json\/wp\/v2\/posts\/5719","targetHints":{"allow":["GET"]}}],"collection":[{"href":"https:\/\/www.vertigomotors.com\/es\/wp-json\/wp\/v2\/posts"}],"about":[{"href":"https:\/\/www.vertigomotors.com\/es\/wp-json\/wp\/v2\/types\/post"}],"author":[{"embeddable":true,"href":"https:\/\/www.vertigomotors.com\/es\/wp-json\/wp\/v2\/users\/1"}],"replies":[{"embeddable":true,"href":"https:\/\/www.vertigomotors.com\/es\/wp-json\/wp\/v2\/comments?post=5719"}],"version-history":[{"count":2,"href":"https:\/\/www.vertigomotors.com\/es\/wp-json\/wp\/v2\/posts\/5719\/revisions"}],"predecessor-version":[{"id":8606,"href":"https:\/\/www.vertigomotors.com\/es\/wp-json\/wp\/v2\/posts\/5719\/revisions\/8606"}],"wp:featuredmedia":[{"embeddable":true,"href":"https:\/\/www.vertigomotors.com\/es\/wp-json\/wp\/v2\/media\/8604"}],"wp:attachment":[{"href":"https:\/\/www.vertigomotors.com\/es\/wp-json\/wp\/v2\/media?parent=5719"}],"wp:term":[{"taxonomy":"category","embeddable":true,"href":"https:\/\/www.vertigomotors.com\/es\/wp-json\/wp\/v2\/categories?post=5719"},{"taxonomy":"post_tag","embeddable":true,"href":"https:\/\/www.vertigomotors.com\/es\/wp-json\/wp\/v2\/tags?post=5719"}],"curies":[{"name":"wp","href":"https:\/\/api.w.org\/{rel}","templated":true}]}}