{"id":5625,"date":"2020-02-25T16:00:50","date_gmt":"2020-02-25T16:00:50","guid":{"rendered":"https:\/\/www.vertigomotors.com\/?p=5625"},"modified":"2022-04-06T10:26:56","modified_gmt":"2022-04-06T10:26:56","slug":"nuevo-impulso-para-la-vertical-r2-2020-horquilla-tech-factory","status":"publish","type":"post","link":"https:\/\/www.vertigomotors.com\/es\/nuevo-impulso-para-la-vertical-r2-2020-horquilla-tech-factory\/","title":{"rendered":"NUEVO IMPULSO PARA LA VERTICAL R2 2020: HORQUILLA TECH FACTORY"},"content":{"rendered":"\n<p>Una semana despu\u00e9s de la exitosa presentaci\u00f3n de la nueva Vertical R2 2020, Vertigo anuncia con gran satisfacci\u00f3n el acuerdo alcanzado entre su departamento de carreras&nbsp;y Tech Suspensions, por el que las primeras unidades de la revolucionaria&nbsp;R2 ir\u00e1n equipadas con las exclusivas horquillas Tech Factory, las mismas que usan los pilotos oficiales de la marca en los respectivos Campeonatos Mundiales y Nacionales.<\/p>\n\n\n\n<p>Un nuevo impulso para un modelo que ha causado una gran impresi\u00f3n en los d\u00edas posteriores a su anuncio, y que gracias a las nuevas horquillas&nbsp;Tech Factory,&nbsp;aumenta a\u00fan m\u00e1s sus altas prestaciones para posicionarse&nbsp;como la aut\u00e9ntica R del mercado trial actual.<\/p>\n\n\n\n<figure class=\"wp-block-image size-large\"><img decoding=\"async\" src=\"http:\/\/www.vertigomotors.com\/wp-content\/uploads\/2020\/02\/tech_IMG_5371-1-1024x683.jpg\" alt=\"\" class=\"wp-image-5626\"\/><\/figure>\n\n\n\n<figure class=\"wp-block-image size-large\"><img decoding=\"async\" src=\"http:\/\/www.vertigomotors.com\/wp-content\/uploads\/2020\/02\/tech_IMG_5358-1-1024x683.jpg\" alt=\"\" class=\"wp-image-5627\"\/><\/figure>\n","protected":false},"excerpt":{"rendered":"<p>Una semana despu\u00e9s de la exitosa presentaci\u00f3n de la nueva Vertical R2 2020, Vertigo anuncia con gran satisfacci\u00f3n el acuerdo alcanzado entre su departamento de carreras&nbsp;y Tech Suspensions, por el que las primeras unidades de la revolucionaria&nbsp;R2 ir\u00e1n equipadas con las exclusivas horquillas Tech Factory, las mismas que usan los pilotos oficiales de la marca [&hellip;]<\/p>\n","protected":false},"author":1,"featured_media":8922,"comment_status":"open","ping_status":"open","sticky":false,"template":"","format":"standard","meta":{"_et_pb_use_builder":"","_et_pb_old_content":"","_et_gb_content_width":"","inline_featured_image":false,"footnotes":""},"categories":[105,126],"tags":[],"class_list":["post-5625","post","type-post","status-publish","format-standard","has-post-thumbnail","hentry","category-corporativo","category-sin-categoria"],"yoast_head":"<!-- This site is optimized with the Yoast SEO plugin v27.5 - https:\/\/yoast.com\/product\/yoast-seo-wordpress\/ -->\n<title>NUEVO IMPULSO PARA LA VERTICAL R2 2020: HORQUILLA TECH FACTORY | Vertigo Motors<\/title>\n<meta name=\"robots\" content=\"index, follow, max-snippet:-1, max-image-preview:large, max-video-preview:-1\" \/>\n<link rel=\"canonical\" href=\"https:\/\/www.vertigomotors.com\/es\/nuevo-impulso-para-la-vertical-r2-2020-horquilla-tech-factory\/\" \/>\n<meta property=\"og:locale\" content=\"es_ES\" \/>\n<meta property=\"og:type\" content=\"article\" \/>\n<meta property=\"og:title\" content=\"NUEVO IMPULSO PARA LA VERTICAL R2 2020: HORQUILLA TECH FACTORY | Vertigo Motors\" \/>\n<meta property=\"og:description\" content=\"Una semana despu\u00e9s de la exitosa presentaci\u00f3n de la nueva Vertical R2 2020, Vertigo anuncia con gran satisfacci\u00f3n el acuerdo alcanzado entre su departamento de carreras&nbsp;y Tech Suspensions, por el que las primeras unidades de la revolucionaria&nbsp;R2 ir\u00e1n equipadas con las exclusivas horquillas Tech Factory, las mismas que usan los pilotos oficiales de la marca [&hellip;]\" \/>\n<meta property=\"og:url\" content=\"https:\/\/www.vertigomotors.com\/es\/nuevo-impulso-para-la-vertical-r2-2020-horquilla-tech-factory\/\" \/>\n<meta property=\"og:site_name\" content=\"Vertigo Motors\" \/>\n<meta property=\"article:published_time\" content=\"2020-02-25T16:00:50+00:00\" \/>\n<meta property=\"article:modified_time\" content=\"2022-04-06T10:26:56+00:00\" \/>\n<meta property=\"og:image\" content=\"https:\/\/www.vertigomotors.com\/wp-content\/uploads\/2020\/02\/tech_IMG_5363.jpg\" \/>\n\t<meta property=\"og:image:width\" content=\"1500\" \/>\n\t<meta property=\"og:image:height\" content=\"1000\" \/>\n\t<meta property=\"og:image:type\" content=\"image\/jpeg\" \/>\n<meta name=\"author\" content=\"c473e4912d\" \/>\n<meta name=\"twitter:card\" content=\"summary_large_image\" \/>\n<meta name=\"twitter:label1\" content=\"Escrito por\" \/>\n\t<meta name=\"twitter:data1\" content=\"c473e4912d\" \/>\n\t<meta name=\"twitter:label2\" content=\"Tiempo de lectura\" \/>\n\t<meta name=\"twitter:data2\" content=\"1 minuto\" \/>\n<script type=\"application\/ld+json\" class=\"yoast-schema-graph\">{\"@context\":\"https:\\\/\\\/schema.org\",\"@graph\":[{\"@type\":\"Article\",\"@id\":\"https:\\\/\\\/www.vertigomotors.com\\\/es\\\/nuevo-impulso-para-la-vertical-r2-2020-horquilla-tech-factory\\\/#article\",\"isPartOf\":{\"@id\":\"https:\\\/\\\/www.vertigomotors.com\\\/es\\\/nuevo-impulso-para-la-vertical-r2-2020-horquilla-tech-factory\\\/\"},\"author\":{\"name\":\"c473e4912d\",\"@id\":\"https:\\\/\\\/www.vertigomotors.com\\\/es\\\/#\\\/schema\\\/person\\\/b719de825398bef0a97e1636813c1f7f\"},\"headline\":\"NUEVO IMPULSO PARA LA VERTICAL R2 2020: HORQUILLA TECH FACTORY\",\"datePublished\":\"2020-02-25T16:00:50+00:00\",\"dateModified\":\"2022-04-06T10:26:56+00:00\",\"mainEntityOfPage\":{\"@id\":\"https:\\\/\\\/www.vertigomotors.com\\\/es\\\/nuevo-impulso-para-la-vertical-r2-2020-horquilla-tech-factory\\\/\"},\"wordCount\":130,\"commentCount\":0,\"image\":{\"@id\":\"https:\\\/\\\/www.vertigomotors.com\\\/es\\\/nuevo-impulso-para-la-vertical-r2-2020-horquilla-tech-factory\\\/#primaryimage\"},\"thumbnailUrl\":\"https:\\\/\\\/www.vertigomotors.com\\\/wp-content\\\/uploads\\\/2020\\\/02\\\/tech_IMG_5363.jpg\",\"articleSection\":[\"Corporativo\"],\"inLanguage\":\"es\",\"potentialAction\":[{\"@type\":\"CommentAction\",\"name\":\"Comment\",\"target\":[\"https:\\\/\\\/www.vertigomotors.com\\\/es\\\/nuevo-impulso-para-la-vertical-r2-2020-horquilla-tech-factory\\\/#respond\"]}]},{\"@type\":\"WebPage\",\"@id\":\"https:\\\/\\\/www.vertigomotors.com\\\/es\\\/nuevo-impulso-para-la-vertical-r2-2020-horquilla-tech-factory\\\/\",\"url\":\"https:\\\/\\\/www.vertigomotors.com\\\/es\\\/nuevo-impulso-para-la-vertical-r2-2020-horquilla-tech-factory\\\/\",\"name\":\"NUEVO IMPULSO PARA LA VERTICAL R2 2020: HORQUILLA TECH FACTORY | Vertigo Motors\",\"isPartOf\":{\"@id\":\"https:\\\/\\\/www.vertigomotors.com\\\/es\\\/#website\"},\"primaryImageOfPage\":{\"@id\":\"https:\\\/\\\/www.vertigomotors.com\\\/es\\\/nuevo-impulso-para-la-vertical-r2-2020-horquilla-tech-factory\\\/#primaryimage\"},\"image\":{\"@id\":\"https:\\\/\\\/www.vertigomotors.com\\\/es\\\/nuevo-impulso-para-la-vertical-r2-2020-horquilla-tech-factory\\\/#primaryimage\"},\"thumbnailUrl\":\"https:\\\/\\\/www.vertigomotors.com\\\/wp-content\\\/uploads\\\/2020\\\/02\\\/tech_IMG_5363.jpg\",\"datePublished\":\"2020-02-25T16:00:50+00:00\",\"dateModified\":\"2022-04-06T10:26:56+00:00\",\"author\":{\"@id\":\"https:\\\/\\\/www.vertigomotors.com\\\/es\\\/#\\\/schema\\\/person\\\/b719de825398bef0a97e1636813c1f7f\"},\"breadcrumb\":{\"@id\":\"https:\\\/\\\/www.vertigomotors.com\\\/es\\\/nuevo-impulso-para-la-vertical-r2-2020-horquilla-tech-factory\\\/#breadcrumb\"},\"inLanguage\":\"es\",\"potentialAction\":[{\"@type\":\"ReadAction\",\"target\":[\"https:\\\/\\\/www.vertigomotors.com\\\/es\\\/nuevo-impulso-para-la-vertical-r2-2020-horquilla-tech-factory\\\/\"]}]},{\"@type\":\"ImageObject\",\"inLanguage\":\"es\",\"@id\":\"https:\\\/\\\/www.vertigomotors.com\\\/es\\\/nuevo-impulso-para-la-vertical-r2-2020-horquilla-tech-factory\\\/#primaryimage\",\"url\":\"https:\\\/\\\/www.vertigomotors.com\\\/wp-content\\\/uploads\\\/2020\\\/02\\\/tech_IMG_5363.jpg\",\"contentUrl\":\"https:\\\/\\\/www.vertigomotors.com\\\/wp-content\\\/uploads\\\/2020\\\/02\\\/tech_IMG_5363.jpg\",\"width\":1500,\"height\":1000},{\"@type\":\"BreadcrumbList\",\"@id\":\"https:\\\/\\\/www.vertigomotors.com\\\/es\\\/nuevo-impulso-para-la-vertical-r2-2020-horquilla-tech-factory\\\/#breadcrumb\",\"itemListElement\":[{\"@type\":\"ListItem\",\"position\":1,\"name\":\"Inicio\",\"item\":\"https:\\\/\\\/www.vertigomotors.com\\\/es\\\/\"},{\"@type\":\"ListItem\",\"position\":2,\"name\":\"NUEVO IMPULSO PARA LA VERTICAL R2 2020: HORQUILLA TECH FACTORY\"}]},{\"@type\":\"WebSite\",\"@id\":\"https:\\\/\\\/www.vertigomotors.com\\\/es\\\/#website\",\"url\":\"https:\\\/\\\/www.vertigomotors.com\\\/es\\\/\",\"name\":\"Vertigo Motors\",\"description\":\"Vertigo Motors\",\"potentialAction\":[{\"@type\":\"SearchAction\",\"target\":{\"@type\":\"EntryPoint\",\"urlTemplate\":\"https:\\\/\\\/www.vertigomotors.com\\\/es\\\/?s={search_term_string}\"},\"query-input\":{\"@type\":\"PropertyValueSpecification\",\"valueRequired\":true,\"valueName\":\"search_term_string\"}}],\"inLanguage\":\"es\"},{\"@type\":\"Person\",\"@id\":\"https:\\\/\\\/www.vertigomotors.com\\\/es\\\/#\\\/schema\\\/person\\\/b719de825398bef0a97e1636813c1f7f\",\"name\":\"c473e4912d\",\"image\":{\"@type\":\"ImageObject\",\"inLanguage\":\"es\",\"@id\":\"https:\\\/\\\/secure.gravatar.com\\\/avatar\\\/5831aec57a392b620b66f2513e656e857a96f1a327a784c56c0b7eefc4468245?s=96&d=mm&r=g\",\"url\":\"https:\\\/\\\/secure.gravatar.com\\\/avatar\\\/5831aec57a392b620b66f2513e656e857a96f1a327a784c56c0b7eefc4468245?s=96&d=mm&r=g\",\"contentUrl\":\"https:\\\/\\\/secure.gravatar.com\\\/avatar\\\/5831aec57a392b620b66f2513e656e857a96f1a327a784c56c0b7eefc4468245?s=96&d=mm&r=g\",\"caption\":\"c473e4912d\"},\"sameAs\":[\"https:\\\/\\\/www.vertigomotors.com\"],\"url\":\"https:\\\/\\\/www.vertigomotors.com\\\/es\\\/author\\\/c473e4912d\\\/\"}]}<\/script>\n<!-- \/ Yoast SEO plugin. -->","yoast_head_json":{"title":"NUEVO IMPULSO PARA LA VERTICAL R2 2020: HORQUILLA TECH FACTORY | Vertigo Motors","robots":{"index":"index","follow":"follow","max-snippet":"max-snippet:-1","max-image-preview":"max-image-preview:large","max-video-preview":"max-video-preview:-1"},"canonical":"https:\/\/www.vertigomotors.com\/es\/nuevo-impulso-para-la-vertical-r2-2020-horquilla-tech-factory\/","og_locale":"es_ES","og_type":"article","og_title":"NUEVO IMPULSO PARA LA VERTICAL R2 2020: HORQUILLA TECH FACTORY | Vertigo Motors","og_description":"Una semana despu\u00e9s de la exitosa presentaci\u00f3n de la nueva Vertical R2 2020, Vertigo anuncia con gran satisfacci\u00f3n el acuerdo alcanzado entre su departamento de carreras&nbsp;y Tech Suspensions, por el que las primeras unidades de la revolucionaria&nbsp;R2 ir\u00e1n equipadas con las exclusivas horquillas Tech Factory, las mismas que usan los pilotos oficiales de la marca [&hellip;]","og_url":"https:\/\/www.vertigomotors.com\/es\/nuevo-impulso-para-la-vertical-r2-2020-horquilla-tech-factory\/","og_site_name":"Vertigo Motors","article_published_time":"2020-02-25T16:00:50+00:00","article_modified_time":"2022-04-06T10:26:56+00:00","og_image":[{"width":1500,"height":1000,"url":"https:\/\/www.vertigomotors.com\/wp-content\/uploads\/2020\/02\/tech_IMG_5363.jpg","type":"image\/jpeg"}],"author":"c473e4912d","twitter_card":"summary_large_image","twitter_misc":{"Escrito por":"c473e4912d","Tiempo de lectura":"1 minuto"},"schema":{"@context":"https:\/\/schema.org","@graph":[{"@type":"Article","@id":"https:\/\/www.vertigomotors.com\/es\/nuevo-impulso-para-la-vertical-r2-2020-horquilla-tech-factory\/#article","isPartOf":{"@id":"https:\/\/www.vertigomotors.com\/es\/nuevo-impulso-para-la-vertical-r2-2020-horquilla-tech-factory\/"},"author":{"name":"c473e4912d","@id":"https:\/\/www.vertigomotors.com\/es\/#\/schema\/person\/b719de825398bef0a97e1636813c1f7f"},"headline":"NUEVO IMPULSO PARA LA VERTICAL R2 2020: HORQUILLA TECH FACTORY","datePublished":"2020-02-25T16:00:50+00:00","dateModified":"2022-04-06T10:26:56+00:00","mainEntityOfPage":{"@id":"https:\/\/www.vertigomotors.com\/es\/nuevo-impulso-para-la-vertical-r2-2020-horquilla-tech-factory\/"},"wordCount":130,"commentCount":0,"image":{"@id":"https:\/\/www.vertigomotors.com\/es\/nuevo-impulso-para-la-vertical-r2-2020-horquilla-tech-factory\/#primaryimage"},"thumbnailUrl":"https:\/\/www.vertigomotors.com\/wp-content\/uploads\/2020\/02\/tech_IMG_5363.jpg","articleSection":["Corporativo"],"inLanguage":"es","potentialAction":[{"@type":"CommentAction","name":"Comment","target":["https:\/\/www.vertigomotors.com\/es\/nuevo-impulso-para-la-vertical-r2-2020-horquilla-tech-factory\/#respond"]}]},{"@type":"WebPage","@id":"https:\/\/www.vertigomotors.com\/es\/nuevo-impulso-para-la-vertical-r2-2020-horquilla-tech-factory\/","url":"https:\/\/www.vertigomotors.com\/es\/nuevo-impulso-para-la-vertical-r2-2020-horquilla-tech-factory\/","name":"NUEVO IMPULSO PARA LA VERTICAL R2 2020: HORQUILLA TECH FACTORY | Vertigo Motors","isPartOf":{"@id":"https:\/\/www.vertigomotors.com\/es\/#website"},"primaryImageOfPage":{"@id":"https:\/\/www.vertigomotors.com\/es\/nuevo-impulso-para-la-vertical-r2-2020-horquilla-tech-factory\/#primaryimage"},"image":{"@id":"https:\/\/www.vertigomotors.com\/es\/nuevo-impulso-para-la-vertical-r2-2020-horquilla-tech-factory\/#primaryimage"},"thumbnailUrl":"https:\/\/www.vertigomotors.com\/wp-content\/uploads\/2020\/02\/tech_IMG_5363.jpg","datePublished":"2020-02-25T16:00:50+00:00","dateModified":"2022-04-06T10:26:56+00:00","author":{"@id":"https:\/\/www.vertigomotors.com\/es\/#\/schema\/person\/b719de825398bef0a97e1636813c1f7f"},"breadcrumb":{"@id":"https:\/\/www.vertigomotors.com\/es\/nuevo-impulso-para-la-vertical-r2-2020-horquilla-tech-factory\/#breadcrumb"},"inLanguage":"es","potentialAction":[{"@type":"ReadAction","target":["https:\/\/www.vertigomotors.com\/es\/nuevo-impulso-para-la-vertical-r2-2020-horquilla-tech-factory\/"]}]},{"@type":"ImageObject","inLanguage":"es","@id":"https:\/\/www.vertigomotors.com\/es\/nuevo-impulso-para-la-vertical-r2-2020-horquilla-tech-factory\/#primaryimage","url":"https:\/\/www.vertigomotors.com\/wp-content\/uploads\/2020\/02\/tech_IMG_5363.jpg","contentUrl":"https:\/\/www.vertigomotors.com\/wp-content\/uploads\/2020\/02\/tech_IMG_5363.jpg","width":1500,"height":1000},{"@type":"BreadcrumbList","@id":"https:\/\/www.vertigomotors.com\/es\/nuevo-impulso-para-la-vertical-r2-2020-horquilla-tech-factory\/#breadcrumb","itemListElement":[{"@type":"ListItem","position":1,"name":"Inicio","item":"https:\/\/www.vertigomotors.com\/es\/"},{"@type":"ListItem","position":2,"name":"NUEVO IMPULSO PARA LA VERTICAL R2 2020: HORQUILLA TECH FACTORY"}]},{"@type":"WebSite","@id":"https:\/\/www.vertigomotors.com\/es\/#website","url":"https:\/\/www.vertigomotors.com\/es\/","name":"Vertigo Motors","description":"Vertigo Motors","potentialAction":[{"@type":"SearchAction","target":{"@type":"EntryPoint","urlTemplate":"https:\/\/www.vertigomotors.com\/es\/?s={search_term_string}"},"query-input":{"@type":"PropertyValueSpecification","valueRequired":true,"valueName":"search_term_string"}}],"inLanguage":"es"},{"@type":"Person","@id":"https:\/\/www.vertigomotors.com\/es\/#\/schema\/person\/b719de825398bef0a97e1636813c1f7f","name":"c473e4912d","image":{"@type":"ImageObject","inLanguage":"es","@id":"https:\/\/secure.gravatar.com\/avatar\/5831aec57a392b620b66f2513e656e857a96f1a327a784c56c0b7eefc4468245?s=96&d=mm&r=g","url":"https:\/\/secure.gravatar.com\/avatar\/5831aec57a392b620b66f2513e656e857a96f1a327a784c56c0b7eefc4468245?s=96&d=mm&r=g","contentUrl":"https:\/\/secure.gravatar.com\/avatar\/5831aec57a392b620b66f2513e656e857a96f1a327a784c56c0b7eefc4468245?s=96&d=mm&r=g","caption":"c473e4912d"},"sameAs":["https:\/\/www.vertigomotors.com"],"url":"https:\/\/www.vertigomotors.com\/es\/author\/c473e4912d\/"}]}},"_links":{"self":[{"href":"https:\/\/www.vertigomotors.com\/es\/wp-json\/wp\/v2\/posts\/5625","targetHints":{"allow":["GET"]}}],"collection":[{"href":"https:\/\/www.vertigomotors.com\/es\/wp-json\/wp\/v2\/posts"}],"about":[{"href":"https:\/\/www.vertigomotors.com\/es\/wp-json\/wp\/v2\/types\/post"}],"author":[{"embeddable":true,"href":"https:\/\/www.vertigomotors.com\/es\/wp-json\/wp\/v2\/users\/1"}],"replies":[{"embeddable":true,"href":"https:\/\/www.vertigomotors.com\/es\/wp-json\/wp\/v2\/comments?post=5625"}],"version-history":[{"count":2,"href":"https:\/\/www.vertigomotors.com\/es\/wp-json\/wp\/v2\/posts\/5625\/revisions"}],"predecessor-version":[{"id":8925,"href":"https:\/\/www.vertigomotors.com\/es\/wp-json\/wp\/v2\/posts\/5625\/revisions\/8925"}],"wp:featuredmedia":[{"embeddable":true,"href":"https:\/\/www.vertigomotors.com\/es\/wp-json\/wp\/v2\/media\/8922"}],"wp:attachment":[{"href":"https:\/\/www.vertigomotors.com\/es\/wp-json\/wp\/v2\/media?parent=5625"}],"wp:term":[{"taxonomy":"category","embeddable":true,"href":"https:\/\/www.vertigomotors.com\/es\/wp-json\/wp\/v2\/categories?post=5625"},{"taxonomy":"post_tag","embeddable":true,"href":"https:\/\/www.vertigomotors.com\/es\/wp-json\/wp\/v2\/tags?post=5625"}],"curies":[{"name":"wp","href":"https:\/\/api.w.org\/{rel}","templated":true}]}}