{"id":5547,"date":"2020-02-17T16:10:06","date_gmt":"2020-02-17T16:10:06","guid":{"rendered":"https:\/\/www.vertigomotors.com\/?p=5547"},"modified":"2022-04-06T10:30:48","modified_gmt":"2022-04-06T10:30:48","slug":"nueva-vertical-r2-2020","status":"publish","type":"post","link":"https:\/\/www.vertigomotors.com\/es\/nueva-vertical-r2-2020\/","title":{"rendered":"\u00a1NUEVA VERTICAL R2 2020!"},"content":{"rendered":"\n<p>Vertigo presenta la Vertical R<sup>2<\/sup>, un motocicleta que ha pasado por un profundo proceso de renovaci\u00f3n interior y exteriormente.<\/p>\n\n\n\n<p>La moto llega este a\u00f1o con importantes novedades que quedan patentes a simple vista. De entre ellas la que m\u00e1s destaca es la reducci\u00f3n de su tama\u00f1o exterior gracias a la nueva caja de filtro, mucho m\u00e1s peque\u00f1a y r\u00edgida, esta incorpora una nueva rejilla y espuma de filtro.<\/p>\n\n\n\n<p>A nivel termodin\u00e1mico presenta un intercooler que proporciona una mejora en el mantenimiento de la temperatura del motor, as\u00ed como un colector de escape optimizado con el que se incrementa la potencia en 4cv m\u00e1s y se logra un aumento del 10% del par motor.<\/p>\n\n\n\n<p>El cuerpo de admisi\u00f3n Racing utilizado en el modelo anterior se erige en este punto como el complemento ideal para canalizar y administrar satisfactoriamente la potencia de la Vertical R, al superar sustancialmente en rapidez la respuesta de un carburador convencional gracias a la suma de un nuevo mapa a menor temperatura, un colector de escape m\u00e1s corto y un volumen de aire \u00f3ptimo.<\/p>\n\n\n\n<p>El bot\u00f3n de cambio mapa se traslada para ubicarse justo encima de la caja de filtro, en un punto mucho m\u00e1s accesible y f\u00e1cil de manejar para el piloto.<\/p>\n\n\n\n<p>La horquilla Tech acompa\u00f1ada del amortiguador Reiger de dos v\u00edas con m\u00faltiples reglajes de ajuste permite lograr el setting ideal para cada piloto.<\/p>\n\n\n\n<p>Las estriberas mecanizadas de aluminio de la Vertical R 2020 llevan el sello inconfundible de la ingenier\u00eda Vertigo, con un dise\u00f1o exclusivo en rojo anodizado y el detalle de la V de Vertigo en el centro. Estas garantizan un agarre seguro para el piloto independientemente del tipo de botas que se utilicen.<\/p>\n\n\n\n<figure class=\"wp-block-image size-large\"><img decoding=\"async\" src=\"http:\/\/www.vertigomotors.com\/wp-content\/uploads\/2020\/02\/Captura-de-pantalla-2020-02-17-a-las-17.07.38.png\" alt=\"\" class=\"wp-image-5553\"\/><\/figure>\n\n\n\n<p>Galer\u00eda de im\u00e1genes: <strong><a href=\"https:\/\/www.vertigomotors.com\/galeria-vertical-r2-2020\/\">LINK<\/a><\/strong><\/p>\n","protected":false},"excerpt":{"rendered":"<p>Vertigo presenta la Vertical R2, un motocicleta que ha pasado por un profundo proceso de renovaci\u00f3n interior y exteriormente. La moto llega este a\u00f1o con importantes novedades que quedan patentes a simple vista. De entre ellas la que m\u00e1s destaca es la reducci\u00f3n de su tama\u00f1o exterior gracias a la nueva caja de filtro, mucho [&hellip;]<\/p>\n","protected":false},"author":1,"featured_media":8927,"comment_status":"open","ping_status":"open","sticky":false,"template":"","format":"standard","meta":{"_et_pb_use_builder":"","_et_pb_old_content":"","_et_gb_content_width":"","inline_featured_image":false,"footnotes":""},"categories":[105,126],"tags":[],"class_list":["post-5547","post","type-post","status-publish","format-standard","has-post-thumbnail","hentry","category-corporativo","category-sin-categoria"],"yoast_head":"<!-- This site is optimized with the Yoast SEO plugin v27.5 - https:\/\/yoast.com\/product\/yoast-seo-wordpress\/ -->\n<title>\u00a1NUEVA VERTICAL R2 2020! | Vertigo Motors<\/title>\n<meta name=\"robots\" content=\"index, follow, max-snippet:-1, max-image-preview:large, max-video-preview:-1\" \/>\n<link rel=\"canonical\" href=\"https:\/\/www.vertigomotors.com\/es\/nueva-vertical-r2-2020\/\" \/>\n<meta property=\"og:locale\" content=\"es_ES\" \/>\n<meta property=\"og:type\" content=\"article\" \/>\n<meta property=\"og:title\" content=\"\u00a1NUEVA VERTICAL R2 2020! | Vertigo Motors\" \/>\n<meta property=\"og:description\" content=\"Vertigo presenta la Vertical R2, un motocicleta que ha pasado por un profundo proceso de renovaci\u00f3n interior y exteriormente. La moto llega este a\u00f1o con importantes novedades que quedan patentes a simple vista. De entre ellas la que m\u00e1s destaca es la reducci\u00f3n de su tama\u00f1o exterior gracias a la nueva caja de filtro, mucho [&hellip;]\" \/>\n<meta property=\"og:url\" content=\"https:\/\/www.vertigomotors.com\/es\/nueva-vertical-r2-2020\/\" \/>\n<meta property=\"og:site_name\" content=\"Vertigo Motors\" \/>\n<meta property=\"article:published_time\" content=\"2020-02-17T16:10:06+00:00\" \/>\n<meta property=\"article:modified_time\" content=\"2022-04-06T10:30:48+00:00\" \/>\n<meta property=\"og:image\" content=\"https:\/\/www.vertigomotors.com\/wp-content\/uploads\/2020\/02\/2002110009.jpg\" \/>\n\t<meta property=\"og:image:width\" content=\"1500\" \/>\n\t<meta property=\"og:image:height\" content=\"929\" \/>\n\t<meta property=\"og:image:type\" content=\"image\/jpeg\" \/>\n<meta name=\"author\" content=\"c473e4912d\" \/>\n<meta name=\"twitter:card\" content=\"summary_large_image\" \/>\n<meta name=\"twitter:label1\" content=\"Escrito por\" \/>\n\t<meta name=\"twitter:data1\" content=\"c473e4912d\" \/>\n\t<meta name=\"twitter:label2\" content=\"Tiempo de lectura\" \/>\n\t<meta name=\"twitter:data2\" content=\"2 minutos\" \/>\n<script type=\"application\/ld+json\" class=\"yoast-schema-graph\">{\"@context\":\"https:\\\/\\\/schema.org\",\"@graph\":[{\"@type\":\"Article\",\"@id\":\"https:\\\/\\\/www.vertigomotors.com\\\/es\\\/nueva-vertical-r2-2020\\\/#article\",\"isPartOf\":{\"@id\":\"https:\\\/\\\/www.vertigomotors.com\\\/es\\\/nueva-vertical-r2-2020\\\/\"},\"author\":{\"name\":\"c473e4912d\",\"@id\":\"https:\\\/\\\/www.vertigomotors.com\\\/es\\\/#\\\/schema\\\/person\\\/b719de825398bef0a97e1636813c1f7f\"},\"headline\":\"\u00a1NUEVA VERTICAL R2 2020!\",\"datePublished\":\"2020-02-17T16:10:06+00:00\",\"dateModified\":\"2022-04-06T10:30:48+00:00\",\"mainEntityOfPage\":{\"@id\":\"https:\\\/\\\/www.vertigomotors.com\\\/es\\\/nueva-vertical-r2-2020\\\/\"},\"wordCount\":308,\"commentCount\":0,\"image\":{\"@id\":\"https:\\\/\\\/www.vertigomotors.com\\\/es\\\/nueva-vertical-r2-2020\\\/#primaryimage\"},\"thumbnailUrl\":\"https:\\\/\\\/www.vertigomotors.com\\\/wp-content\\\/uploads\\\/2020\\\/02\\\/2002110009.jpg\",\"articleSection\":[\"Corporativo\"],\"inLanguage\":\"es\",\"potentialAction\":[{\"@type\":\"CommentAction\",\"name\":\"Comment\",\"target\":[\"https:\\\/\\\/www.vertigomotors.com\\\/es\\\/nueva-vertical-r2-2020\\\/#respond\"]}]},{\"@type\":\"WebPage\",\"@id\":\"https:\\\/\\\/www.vertigomotors.com\\\/es\\\/nueva-vertical-r2-2020\\\/\",\"url\":\"https:\\\/\\\/www.vertigomotors.com\\\/es\\\/nueva-vertical-r2-2020\\\/\",\"name\":\"\u00a1NUEVA VERTICAL R2 2020! | Vertigo Motors\",\"isPartOf\":{\"@id\":\"https:\\\/\\\/www.vertigomotors.com\\\/es\\\/#website\"},\"primaryImageOfPage\":{\"@id\":\"https:\\\/\\\/www.vertigomotors.com\\\/es\\\/nueva-vertical-r2-2020\\\/#primaryimage\"},\"image\":{\"@id\":\"https:\\\/\\\/www.vertigomotors.com\\\/es\\\/nueva-vertical-r2-2020\\\/#primaryimage\"},\"thumbnailUrl\":\"https:\\\/\\\/www.vertigomotors.com\\\/wp-content\\\/uploads\\\/2020\\\/02\\\/2002110009.jpg\",\"datePublished\":\"2020-02-17T16:10:06+00:00\",\"dateModified\":\"2022-04-06T10:30:48+00:00\",\"author\":{\"@id\":\"https:\\\/\\\/www.vertigomotors.com\\\/es\\\/#\\\/schema\\\/person\\\/b719de825398bef0a97e1636813c1f7f\"},\"breadcrumb\":{\"@id\":\"https:\\\/\\\/www.vertigomotors.com\\\/es\\\/nueva-vertical-r2-2020\\\/#breadcrumb\"},\"inLanguage\":\"es\",\"potentialAction\":[{\"@type\":\"ReadAction\",\"target\":[\"https:\\\/\\\/www.vertigomotors.com\\\/es\\\/nueva-vertical-r2-2020\\\/\"]}]},{\"@type\":\"ImageObject\",\"inLanguage\":\"es\",\"@id\":\"https:\\\/\\\/www.vertigomotors.com\\\/es\\\/nueva-vertical-r2-2020\\\/#primaryimage\",\"url\":\"https:\\\/\\\/www.vertigomotors.com\\\/wp-content\\\/uploads\\\/2020\\\/02\\\/2002110009.jpg\",\"contentUrl\":\"https:\\\/\\\/www.vertigomotors.com\\\/wp-content\\\/uploads\\\/2020\\\/02\\\/2002110009.jpg\",\"width\":1500,\"height\":929},{\"@type\":\"BreadcrumbList\",\"@id\":\"https:\\\/\\\/www.vertigomotors.com\\\/es\\\/nueva-vertical-r2-2020\\\/#breadcrumb\",\"itemListElement\":[{\"@type\":\"ListItem\",\"position\":1,\"name\":\"Inicio\",\"item\":\"https:\\\/\\\/www.vertigomotors.com\\\/es\\\/\"},{\"@type\":\"ListItem\",\"position\":2,\"name\":\"\u00a1NUEVA VERTICAL R2 2020!\"}]},{\"@type\":\"WebSite\",\"@id\":\"https:\\\/\\\/www.vertigomotors.com\\\/es\\\/#website\",\"url\":\"https:\\\/\\\/www.vertigomotors.com\\\/es\\\/\",\"name\":\"Vertigo Motors\",\"description\":\"Vertigo Motors\",\"potentialAction\":[{\"@type\":\"SearchAction\",\"target\":{\"@type\":\"EntryPoint\",\"urlTemplate\":\"https:\\\/\\\/www.vertigomotors.com\\\/es\\\/?s={search_term_string}\"},\"query-input\":{\"@type\":\"PropertyValueSpecification\",\"valueRequired\":true,\"valueName\":\"search_term_string\"}}],\"inLanguage\":\"es\"},{\"@type\":\"Person\",\"@id\":\"https:\\\/\\\/www.vertigomotors.com\\\/es\\\/#\\\/schema\\\/person\\\/b719de825398bef0a97e1636813c1f7f\",\"name\":\"c473e4912d\",\"image\":{\"@type\":\"ImageObject\",\"inLanguage\":\"es\",\"@id\":\"https:\\\/\\\/secure.gravatar.com\\\/avatar\\\/5831aec57a392b620b66f2513e656e857a96f1a327a784c56c0b7eefc4468245?s=96&d=mm&r=g\",\"url\":\"https:\\\/\\\/secure.gravatar.com\\\/avatar\\\/5831aec57a392b620b66f2513e656e857a96f1a327a784c56c0b7eefc4468245?s=96&d=mm&r=g\",\"contentUrl\":\"https:\\\/\\\/secure.gravatar.com\\\/avatar\\\/5831aec57a392b620b66f2513e656e857a96f1a327a784c56c0b7eefc4468245?s=96&d=mm&r=g\",\"caption\":\"c473e4912d\"},\"sameAs\":[\"https:\\\/\\\/www.vertigomotors.com\"],\"url\":\"https:\\\/\\\/www.vertigomotors.com\\\/es\\\/author\\\/c473e4912d\\\/\"}]}<\/script>\n<!-- \/ Yoast SEO plugin. -->","yoast_head_json":{"title":"\u00a1NUEVA VERTICAL R2 2020! | Vertigo Motors","robots":{"index":"index","follow":"follow","max-snippet":"max-snippet:-1","max-image-preview":"max-image-preview:large","max-video-preview":"max-video-preview:-1"},"canonical":"https:\/\/www.vertigomotors.com\/es\/nueva-vertical-r2-2020\/","og_locale":"es_ES","og_type":"article","og_title":"\u00a1NUEVA VERTICAL R2 2020! | Vertigo Motors","og_description":"Vertigo presenta la Vertical R2, un motocicleta que ha pasado por un profundo proceso de renovaci\u00f3n interior y exteriormente. La moto llega este a\u00f1o con importantes novedades que quedan patentes a simple vista. De entre ellas la que m\u00e1s destaca es la reducci\u00f3n de su tama\u00f1o exterior gracias a la nueva caja de filtro, mucho [&hellip;]","og_url":"https:\/\/www.vertigomotors.com\/es\/nueva-vertical-r2-2020\/","og_site_name":"Vertigo Motors","article_published_time":"2020-02-17T16:10:06+00:00","article_modified_time":"2022-04-06T10:30:48+00:00","og_image":[{"width":1500,"height":929,"url":"https:\/\/www.vertigomotors.com\/wp-content\/uploads\/2020\/02\/2002110009.jpg","type":"image\/jpeg"}],"author":"c473e4912d","twitter_card":"summary_large_image","twitter_misc":{"Escrito por":"c473e4912d","Tiempo de lectura":"2 minutos"},"schema":{"@context":"https:\/\/schema.org","@graph":[{"@type":"Article","@id":"https:\/\/www.vertigomotors.com\/es\/nueva-vertical-r2-2020\/#article","isPartOf":{"@id":"https:\/\/www.vertigomotors.com\/es\/nueva-vertical-r2-2020\/"},"author":{"name":"c473e4912d","@id":"https:\/\/www.vertigomotors.com\/es\/#\/schema\/person\/b719de825398bef0a97e1636813c1f7f"},"headline":"\u00a1NUEVA VERTICAL R2 2020!","datePublished":"2020-02-17T16:10:06+00:00","dateModified":"2022-04-06T10:30:48+00:00","mainEntityOfPage":{"@id":"https:\/\/www.vertigomotors.com\/es\/nueva-vertical-r2-2020\/"},"wordCount":308,"commentCount":0,"image":{"@id":"https:\/\/www.vertigomotors.com\/es\/nueva-vertical-r2-2020\/#primaryimage"},"thumbnailUrl":"https:\/\/www.vertigomotors.com\/wp-content\/uploads\/2020\/02\/2002110009.jpg","articleSection":["Corporativo"],"inLanguage":"es","potentialAction":[{"@type":"CommentAction","name":"Comment","target":["https:\/\/www.vertigomotors.com\/es\/nueva-vertical-r2-2020\/#respond"]}]},{"@type":"WebPage","@id":"https:\/\/www.vertigomotors.com\/es\/nueva-vertical-r2-2020\/","url":"https:\/\/www.vertigomotors.com\/es\/nueva-vertical-r2-2020\/","name":"\u00a1NUEVA VERTICAL R2 2020! | Vertigo Motors","isPartOf":{"@id":"https:\/\/www.vertigomotors.com\/es\/#website"},"primaryImageOfPage":{"@id":"https:\/\/www.vertigomotors.com\/es\/nueva-vertical-r2-2020\/#primaryimage"},"image":{"@id":"https:\/\/www.vertigomotors.com\/es\/nueva-vertical-r2-2020\/#primaryimage"},"thumbnailUrl":"https:\/\/www.vertigomotors.com\/wp-content\/uploads\/2020\/02\/2002110009.jpg","datePublished":"2020-02-17T16:10:06+00:00","dateModified":"2022-04-06T10:30:48+00:00","author":{"@id":"https:\/\/www.vertigomotors.com\/es\/#\/schema\/person\/b719de825398bef0a97e1636813c1f7f"},"breadcrumb":{"@id":"https:\/\/www.vertigomotors.com\/es\/nueva-vertical-r2-2020\/#breadcrumb"},"inLanguage":"es","potentialAction":[{"@type":"ReadAction","target":["https:\/\/www.vertigomotors.com\/es\/nueva-vertical-r2-2020\/"]}]},{"@type":"ImageObject","inLanguage":"es","@id":"https:\/\/www.vertigomotors.com\/es\/nueva-vertical-r2-2020\/#primaryimage","url":"https:\/\/www.vertigomotors.com\/wp-content\/uploads\/2020\/02\/2002110009.jpg","contentUrl":"https:\/\/www.vertigomotors.com\/wp-content\/uploads\/2020\/02\/2002110009.jpg","width":1500,"height":929},{"@type":"BreadcrumbList","@id":"https:\/\/www.vertigomotors.com\/es\/nueva-vertical-r2-2020\/#breadcrumb","itemListElement":[{"@type":"ListItem","position":1,"name":"Inicio","item":"https:\/\/www.vertigomotors.com\/es\/"},{"@type":"ListItem","position":2,"name":"\u00a1NUEVA VERTICAL R2 2020!"}]},{"@type":"WebSite","@id":"https:\/\/www.vertigomotors.com\/es\/#website","url":"https:\/\/www.vertigomotors.com\/es\/","name":"Vertigo Motors","description":"Vertigo Motors","potentialAction":[{"@type":"SearchAction","target":{"@type":"EntryPoint","urlTemplate":"https:\/\/www.vertigomotors.com\/es\/?s={search_term_string}"},"query-input":{"@type":"PropertyValueSpecification","valueRequired":true,"valueName":"search_term_string"}}],"inLanguage":"es"},{"@type":"Person","@id":"https:\/\/www.vertigomotors.com\/es\/#\/schema\/person\/b719de825398bef0a97e1636813c1f7f","name":"c473e4912d","image":{"@type":"ImageObject","inLanguage":"es","@id":"https:\/\/secure.gravatar.com\/avatar\/5831aec57a392b620b66f2513e656e857a96f1a327a784c56c0b7eefc4468245?s=96&d=mm&r=g","url":"https:\/\/secure.gravatar.com\/avatar\/5831aec57a392b620b66f2513e656e857a96f1a327a784c56c0b7eefc4468245?s=96&d=mm&r=g","contentUrl":"https:\/\/secure.gravatar.com\/avatar\/5831aec57a392b620b66f2513e656e857a96f1a327a784c56c0b7eefc4468245?s=96&d=mm&r=g","caption":"c473e4912d"},"sameAs":["https:\/\/www.vertigomotors.com"],"url":"https:\/\/www.vertigomotors.com\/es\/author\/c473e4912d\/"}]}},"_links":{"self":[{"href":"https:\/\/www.vertigomotors.com\/es\/wp-json\/wp\/v2\/posts\/5547","targetHints":{"allow":["GET"]}}],"collection":[{"href":"https:\/\/www.vertigomotors.com\/es\/wp-json\/wp\/v2\/posts"}],"about":[{"href":"https:\/\/www.vertigomotors.com\/es\/wp-json\/wp\/v2\/types\/post"}],"author":[{"embeddable":true,"href":"https:\/\/www.vertigomotors.com\/es\/wp-json\/wp\/v2\/users\/1"}],"replies":[{"embeddable":true,"href":"https:\/\/www.vertigomotors.com\/es\/wp-json\/wp\/v2\/comments?post=5547"}],"version-history":[{"count":1,"href":"https:\/\/www.vertigomotors.com\/es\/wp-json\/wp\/v2\/posts\/5547\/revisions"}],"predecessor-version":[{"id":8499,"href":"https:\/\/www.vertigomotors.com\/es\/wp-json\/wp\/v2\/posts\/5547\/revisions\/8499"}],"wp:featuredmedia":[{"embeddable":true,"href":"https:\/\/www.vertigomotors.com\/es\/wp-json\/wp\/v2\/media\/8927"}],"wp:attachment":[{"href":"https:\/\/www.vertigomotors.com\/es\/wp-json\/wp\/v2\/media?parent=5547"}],"wp:term":[{"taxonomy":"category","embeddable":true,"href":"https:\/\/www.vertigomotors.com\/es\/wp-json\/wp\/v2\/categories?post=5547"},{"taxonomy":"post_tag","embeddable":true,"href":"https:\/\/www.vertigomotors.com\/es\/wp-json\/wp\/v2\/tags?post=5547"}],"curies":[{"name":"wp","href":"https:\/\/api.w.org\/{rel}","templated":true}]}}