{"id":5493,"date":"2020-02-17T07:43:38","date_gmt":"2020-02-17T07:43:38","guid":{"rendered":"https:\/\/www.vertigomotors.com\/?p=5493"},"modified":"2022-04-06T10:34:11","modified_gmt":"2022-04-06T10:34:11","slug":"7o-para-miquel-gelabert-en-el-x-trial-de-bilbao","status":"publish","type":"post","link":"https:\/\/www.vertigomotors.com\/es\/7o-para-miquel-gelabert-en-el-x-trial-de-bilbao\/","title":{"rendered":"7\u00ba PARA MIQUEL GELABERT EN EL X-TRIAL DE BILBAO"},"content":{"rendered":"\n<p>La 5\u00aa prueba del Mundial de X-Trial 2020 se celebr\u00f3 este fin de semana en el Bizkaia Arena de Bilbao. Sin Jaime Busto, de qui\u00e9n se oficializ\u00f3 la baja por culpa de una lesi\u00f3n los d\u00edas previos al evento, el equipo Vertigo pudo tener en competici\u00f3n a Miquel Gelabert, qui\u00e9n volvi\u00f3 a demostrar su gran nivel y perfecta sinton\u00eda con la Vertical 2020 en las dif\u00edciles y exigentes zonas del X-Trial.&nbsp;<\/p>\n\n\n\n<p>Gelabert sali\u00f3 con el segundo grupo de pilotos. Inici\u00f3 el trial con 3 puntos tras las dos primeras zonas, en la tercera, una de las m\u00e1s dif\u00edciles de esta primera ronda,&nbsp;sum\u00f3 un 5 para luego superar con maestr\u00eda y solamente dejando escapar dos pies la 4\u00aa secci\u00f3n. Todos los pilotos llegaron muy ajustados a la \u00faltima zona, convirti\u00e9ndose esta en la clave para determinar qui\u00e9nes pasaban a semifinales. Gelabert no pudo superarla, y con un 5 se qued\u00f3 a las puertas de conseguir el pase. Ahora Gelabert es 8\u00ba de un Campeonato que est\u00e1 muy re\u00f1ido en la zona intermedia, solamente le separan 4 puntos del 4\u00ba puesto.<\/p>\n\n\n\n<p>El Mundial de X-Trial se toma un respiro y no vuelve hasta dentro de un mes, 21 de marzo en&nbsp;Wiener Neustadt, Austria. Ser\u00e1 la pen\u00faltima prueba del Campeonato.<\/p>\n\n\n\n<p>Foto cabecera: X-Trial<\/p>\n","protected":false},"excerpt":{"rendered":"<p>La 5\u00aa prueba del Mundial de X-Trial 2020 se celebr\u00f3 este fin de semana en el Bizkaia Arena de Bilbao. Sin Jaime Busto, de qui\u00e9n se oficializ\u00f3 la baja por culpa de una lesi\u00f3n los d\u00edas previos al evento, el equipo Vertigo pudo tener en competici\u00f3n a Miquel Gelabert, qui\u00e9n volvi\u00f3 a demostrar su gran [&hellip;]<\/p>\n","protected":false},"author":1,"featured_media":8929,"comment_status":"open","ping_status":"open","sticky":false,"template":"","format":"standard","meta":{"_et_pb_use_builder":"","_et_pb_old_content":"","_et_gb_content_width":"","inline_featured_image":false,"footnotes":""},"categories":[105,126],"tags":[],"class_list":["post-5493","post","type-post","status-publish","format-standard","has-post-thumbnail","hentry","category-corporativo","category-sin-categoria"],"yoast_head":"<!-- This site is optimized with the Yoast SEO plugin v27.5 - https:\/\/yoast.com\/product\/yoast-seo-wordpress\/ -->\n<title>7\u00ba PARA MIQUEL GELABERT EN EL X-TRIAL DE BILBAO | Vertigo Motors<\/title>\n<meta name=\"robots\" content=\"index, follow, max-snippet:-1, max-image-preview:large, max-video-preview:-1\" \/>\n<link rel=\"canonical\" href=\"https:\/\/www.vertigomotors.com\/es\/7o-para-miquel-gelabert-en-el-x-trial-de-bilbao\/\" \/>\n<meta property=\"og:locale\" content=\"es_ES\" \/>\n<meta property=\"og:type\" content=\"article\" \/>\n<meta property=\"og:title\" content=\"7\u00ba PARA MIQUEL GELABERT EN EL X-TRIAL DE BILBAO | Vertigo Motors\" \/>\n<meta property=\"og:description\" content=\"La 5\u00aa prueba del Mundial de X-Trial 2020 se celebr\u00f3 este fin de semana en el Bizkaia Arena de Bilbao. Sin Jaime Busto, de qui\u00e9n se oficializ\u00f3 la baja por culpa de una lesi\u00f3n los d\u00edas previos al evento, el equipo Vertigo pudo tener en competici\u00f3n a Miquel Gelabert, qui\u00e9n volvi\u00f3 a demostrar su gran [&hellip;]\" \/>\n<meta property=\"og:url\" content=\"https:\/\/www.vertigomotors.com\/es\/7o-para-miquel-gelabert-en-el-x-trial-de-bilbao\/\" \/>\n<meta property=\"og:site_name\" content=\"Vertigo Motors\" \/>\n<meta property=\"article:published_time\" content=\"2020-02-17T07:43:38+00:00\" \/>\n<meta property=\"article:modified_time\" content=\"2022-04-06T10:34:11+00:00\" \/>\n<meta property=\"og:image\" content=\"https:\/\/www.vertigomotors.com\/wp-content\/uploads\/2020\/02\/Goqf-VOhPp0jRsFvRTlFDZJFeOzEZonUCUtt-uxH24Y___.jpg\" \/>\n\t<meta property=\"og:image:width\" content=\"1400\" \/>\n\t<meta property=\"og:image:height\" content=\"933\" \/>\n\t<meta property=\"og:image:type\" content=\"image\/jpeg\" \/>\n<meta name=\"author\" content=\"c473e4912d\" \/>\n<meta name=\"twitter:card\" content=\"summary_large_image\" \/>\n<meta name=\"twitter:label1\" content=\"Escrito por\" \/>\n\t<meta name=\"twitter:data1\" content=\"c473e4912d\" \/>\n\t<meta name=\"twitter:label2\" content=\"Tiempo de lectura\" \/>\n\t<meta name=\"twitter:data2\" content=\"1 minuto\" \/>\n<script type=\"application\/ld+json\" class=\"yoast-schema-graph\">{\"@context\":\"https:\\\/\\\/schema.org\",\"@graph\":[{\"@type\":\"Article\",\"@id\":\"https:\\\/\\\/www.vertigomotors.com\\\/es\\\/7o-para-miquel-gelabert-en-el-x-trial-de-bilbao\\\/#article\",\"isPartOf\":{\"@id\":\"https:\\\/\\\/www.vertigomotors.com\\\/es\\\/7o-para-miquel-gelabert-en-el-x-trial-de-bilbao\\\/\"},\"author\":{\"name\":\"c473e4912d\",\"@id\":\"https:\\\/\\\/www.vertigomotors.com\\\/es\\\/#\\\/schema\\\/person\\\/b719de825398bef0a97e1636813c1f7f\"},\"headline\":\"7\u00ba PARA MIQUEL GELABERT EN EL X-TRIAL DE BILBAO\",\"datePublished\":\"2020-02-17T07:43:38+00:00\",\"dateModified\":\"2022-04-06T10:34:11+00:00\",\"mainEntityOfPage\":{\"@id\":\"https:\\\/\\\/www.vertigomotors.com\\\/es\\\/7o-para-miquel-gelabert-en-el-x-trial-de-bilbao\\\/\"},\"wordCount\":227,\"commentCount\":0,\"image\":{\"@id\":\"https:\\\/\\\/www.vertigomotors.com\\\/es\\\/7o-para-miquel-gelabert-en-el-x-trial-de-bilbao\\\/#primaryimage\"},\"thumbnailUrl\":\"https:\\\/\\\/www.vertigomotors.com\\\/wp-content\\\/uploads\\\/2020\\\/02\\\/Goqf-VOhPp0jRsFvRTlFDZJFeOzEZonUCUtt-uxH24Y___.jpg\",\"articleSection\":[\"Corporativo\"],\"inLanguage\":\"es\",\"potentialAction\":[{\"@type\":\"CommentAction\",\"name\":\"Comment\",\"target\":[\"https:\\\/\\\/www.vertigomotors.com\\\/es\\\/7o-para-miquel-gelabert-en-el-x-trial-de-bilbao\\\/#respond\"]}]},{\"@type\":\"WebPage\",\"@id\":\"https:\\\/\\\/www.vertigomotors.com\\\/es\\\/7o-para-miquel-gelabert-en-el-x-trial-de-bilbao\\\/\",\"url\":\"https:\\\/\\\/www.vertigomotors.com\\\/es\\\/7o-para-miquel-gelabert-en-el-x-trial-de-bilbao\\\/\",\"name\":\"7\u00ba PARA MIQUEL GELABERT EN EL X-TRIAL DE BILBAO | Vertigo Motors\",\"isPartOf\":{\"@id\":\"https:\\\/\\\/www.vertigomotors.com\\\/es\\\/#website\"},\"primaryImageOfPage\":{\"@id\":\"https:\\\/\\\/www.vertigomotors.com\\\/es\\\/7o-para-miquel-gelabert-en-el-x-trial-de-bilbao\\\/#primaryimage\"},\"image\":{\"@id\":\"https:\\\/\\\/www.vertigomotors.com\\\/es\\\/7o-para-miquel-gelabert-en-el-x-trial-de-bilbao\\\/#primaryimage\"},\"thumbnailUrl\":\"https:\\\/\\\/www.vertigomotors.com\\\/wp-content\\\/uploads\\\/2020\\\/02\\\/Goqf-VOhPp0jRsFvRTlFDZJFeOzEZonUCUtt-uxH24Y___.jpg\",\"datePublished\":\"2020-02-17T07:43:38+00:00\",\"dateModified\":\"2022-04-06T10:34:11+00:00\",\"author\":{\"@id\":\"https:\\\/\\\/www.vertigomotors.com\\\/es\\\/#\\\/schema\\\/person\\\/b719de825398bef0a97e1636813c1f7f\"},\"breadcrumb\":{\"@id\":\"https:\\\/\\\/www.vertigomotors.com\\\/es\\\/7o-para-miquel-gelabert-en-el-x-trial-de-bilbao\\\/#breadcrumb\"},\"inLanguage\":\"es\",\"potentialAction\":[{\"@type\":\"ReadAction\",\"target\":[\"https:\\\/\\\/www.vertigomotors.com\\\/es\\\/7o-para-miquel-gelabert-en-el-x-trial-de-bilbao\\\/\"]}]},{\"@type\":\"ImageObject\",\"inLanguage\":\"es\",\"@id\":\"https:\\\/\\\/www.vertigomotors.com\\\/es\\\/7o-para-miquel-gelabert-en-el-x-trial-de-bilbao\\\/#primaryimage\",\"url\":\"https:\\\/\\\/www.vertigomotors.com\\\/wp-content\\\/uploads\\\/2020\\\/02\\\/Goqf-VOhPp0jRsFvRTlFDZJFeOzEZonUCUtt-uxH24Y___.jpg\",\"contentUrl\":\"https:\\\/\\\/www.vertigomotors.com\\\/wp-content\\\/uploads\\\/2020\\\/02\\\/Goqf-VOhPp0jRsFvRTlFDZJFeOzEZonUCUtt-uxH24Y___.jpg\",\"width\":1400,\"height\":933,\"caption\":\"XTrial 2020 round 5 Bilbao SPA\"},{\"@type\":\"BreadcrumbList\",\"@id\":\"https:\\\/\\\/www.vertigomotors.com\\\/es\\\/7o-para-miquel-gelabert-en-el-x-trial-de-bilbao\\\/#breadcrumb\",\"itemListElement\":[{\"@type\":\"ListItem\",\"position\":1,\"name\":\"Inicio\",\"item\":\"https:\\\/\\\/www.vertigomotors.com\\\/es\\\/\"},{\"@type\":\"ListItem\",\"position\":2,\"name\":\"7\u00ba PARA MIQUEL GELABERT EN EL X-TRIAL DE BILBAO\"}]},{\"@type\":\"WebSite\",\"@id\":\"https:\\\/\\\/www.vertigomotors.com\\\/es\\\/#website\",\"url\":\"https:\\\/\\\/www.vertigomotors.com\\\/es\\\/\",\"name\":\"Vertigo Motors\",\"description\":\"Vertigo Motors\",\"potentialAction\":[{\"@type\":\"SearchAction\",\"target\":{\"@type\":\"EntryPoint\",\"urlTemplate\":\"https:\\\/\\\/www.vertigomotors.com\\\/es\\\/?s={search_term_string}\"},\"query-input\":{\"@type\":\"PropertyValueSpecification\",\"valueRequired\":true,\"valueName\":\"search_term_string\"}}],\"inLanguage\":\"es\"},{\"@type\":\"Person\",\"@id\":\"https:\\\/\\\/www.vertigomotors.com\\\/es\\\/#\\\/schema\\\/person\\\/b719de825398bef0a97e1636813c1f7f\",\"name\":\"c473e4912d\",\"image\":{\"@type\":\"ImageObject\",\"inLanguage\":\"es\",\"@id\":\"https:\\\/\\\/secure.gravatar.com\\\/avatar\\\/5831aec57a392b620b66f2513e656e857a96f1a327a784c56c0b7eefc4468245?s=96&d=mm&r=g\",\"url\":\"https:\\\/\\\/secure.gravatar.com\\\/avatar\\\/5831aec57a392b620b66f2513e656e857a96f1a327a784c56c0b7eefc4468245?s=96&d=mm&r=g\",\"contentUrl\":\"https:\\\/\\\/secure.gravatar.com\\\/avatar\\\/5831aec57a392b620b66f2513e656e857a96f1a327a784c56c0b7eefc4468245?s=96&d=mm&r=g\",\"caption\":\"c473e4912d\"},\"sameAs\":[\"https:\\\/\\\/www.vertigomotors.com\"],\"url\":\"https:\\\/\\\/www.vertigomotors.com\\\/es\\\/author\\\/c473e4912d\\\/\"}]}<\/script>\n<!-- \/ Yoast SEO plugin. -->","yoast_head_json":{"title":"7\u00ba PARA MIQUEL GELABERT EN EL X-TRIAL DE BILBAO | Vertigo Motors","robots":{"index":"index","follow":"follow","max-snippet":"max-snippet:-1","max-image-preview":"max-image-preview:large","max-video-preview":"max-video-preview:-1"},"canonical":"https:\/\/www.vertigomotors.com\/es\/7o-para-miquel-gelabert-en-el-x-trial-de-bilbao\/","og_locale":"es_ES","og_type":"article","og_title":"7\u00ba PARA MIQUEL GELABERT EN EL X-TRIAL DE BILBAO | Vertigo Motors","og_description":"La 5\u00aa prueba del Mundial de X-Trial 2020 se celebr\u00f3 este fin de semana en el Bizkaia Arena de Bilbao. Sin Jaime Busto, de qui\u00e9n se oficializ\u00f3 la baja por culpa de una lesi\u00f3n los d\u00edas previos al evento, el equipo Vertigo pudo tener en competici\u00f3n a Miquel Gelabert, qui\u00e9n volvi\u00f3 a demostrar su gran [&hellip;]","og_url":"https:\/\/www.vertigomotors.com\/es\/7o-para-miquel-gelabert-en-el-x-trial-de-bilbao\/","og_site_name":"Vertigo Motors","article_published_time":"2020-02-17T07:43:38+00:00","article_modified_time":"2022-04-06T10:34:11+00:00","og_image":[{"width":1400,"height":933,"url":"https:\/\/www.vertigomotors.com\/wp-content\/uploads\/2020\/02\/Goqf-VOhPp0jRsFvRTlFDZJFeOzEZonUCUtt-uxH24Y___.jpg","type":"image\/jpeg"}],"author":"c473e4912d","twitter_card":"summary_large_image","twitter_misc":{"Escrito por":"c473e4912d","Tiempo de lectura":"1 minuto"},"schema":{"@context":"https:\/\/schema.org","@graph":[{"@type":"Article","@id":"https:\/\/www.vertigomotors.com\/es\/7o-para-miquel-gelabert-en-el-x-trial-de-bilbao\/#article","isPartOf":{"@id":"https:\/\/www.vertigomotors.com\/es\/7o-para-miquel-gelabert-en-el-x-trial-de-bilbao\/"},"author":{"name":"c473e4912d","@id":"https:\/\/www.vertigomotors.com\/es\/#\/schema\/person\/b719de825398bef0a97e1636813c1f7f"},"headline":"7\u00ba PARA MIQUEL GELABERT EN EL X-TRIAL DE BILBAO","datePublished":"2020-02-17T07:43:38+00:00","dateModified":"2022-04-06T10:34:11+00:00","mainEntityOfPage":{"@id":"https:\/\/www.vertigomotors.com\/es\/7o-para-miquel-gelabert-en-el-x-trial-de-bilbao\/"},"wordCount":227,"commentCount":0,"image":{"@id":"https:\/\/www.vertigomotors.com\/es\/7o-para-miquel-gelabert-en-el-x-trial-de-bilbao\/#primaryimage"},"thumbnailUrl":"https:\/\/www.vertigomotors.com\/wp-content\/uploads\/2020\/02\/Goqf-VOhPp0jRsFvRTlFDZJFeOzEZonUCUtt-uxH24Y___.jpg","articleSection":["Corporativo"],"inLanguage":"es","potentialAction":[{"@type":"CommentAction","name":"Comment","target":["https:\/\/www.vertigomotors.com\/es\/7o-para-miquel-gelabert-en-el-x-trial-de-bilbao\/#respond"]}]},{"@type":"WebPage","@id":"https:\/\/www.vertigomotors.com\/es\/7o-para-miquel-gelabert-en-el-x-trial-de-bilbao\/","url":"https:\/\/www.vertigomotors.com\/es\/7o-para-miquel-gelabert-en-el-x-trial-de-bilbao\/","name":"7\u00ba PARA MIQUEL GELABERT EN EL X-TRIAL DE BILBAO | Vertigo Motors","isPartOf":{"@id":"https:\/\/www.vertigomotors.com\/es\/#website"},"primaryImageOfPage":{"@id":"https:\/\/www.vertigomotors.com\/es\/7o-para-miquel-gelabert-en-el-x-trial-de-bilbao\/#primaryimage"},"image":{"@id":"https:\/\/www.vertigomotors.com\/es\/7o-para-miquel-gelabert-en-el-x-trial-de-bilbao\/#primaryimage"},"thumbnailUrl":"https:\/\/www.vertigomotors.com\/wp-content\/uploads\/2020\/02\/Goqf-VOhPp0jRsFvRTlFDZJFeOzEZonUCUtt-uxH24Y___.jpg","datePublished":"2020-02-17T07:43:38+00:00","dateModified":"2022-04-06T10:34:11+00:00","author":{"@id":"https:\/\/www.vertigomotors.com\/es\/#\/schema\/person\/b719de825398bef0a97e1636813c1f7f"},"breadcrumb":{"@id":"https:\/\/www.vertigomotors.com\/es\/7o-para-miquel-gelabert-en-el-x-trial-de-bilbao\/#breadcrumb"},"inLanguage":"es","potentialAction":[{"@type":"ReadAction","target":["https:\/\/www.vertigomotors.com\/es\/7o-para-miquel-gelabert-en-el-x-trial-de-bilbao\/"]}]},{"@type":"ImageObject","inLanguage":"es","@id":"https:\/\/www.vertigomotors.com\/es\/7o-para-miquel-gelabert-en-el-x-trial-de-bilbao\/#primaryimage","url":"https:\/\/www.vertigomotors.com\/wp-content\/uploads\/2020\/02\/Goqf-VOhPp0jRsFvRTlFDZJFeOzEZonUCUtt-uxH24Y___.jpg","contentUrl":"https:\/\/www.vertigomotors.com\/wp-content\/uploads\/2020\/02\/Goqf-VOhPp0jRsFvRTlFDZJFeOzEZonUCUtt-uxH24Y___.jpg","width":1400,"height":933,"caption":"XTrial 2020 round 5 Bilbao SPA"},{"@type":"BreadcrumbList","@id":"https:\/\/www.vertigomotors.com\/es\/7o-para-miquel-gelabert-en-el-x-trial-de-bilbao\/#breadcrumb","itemListElement":[{"@type":"ListItem","position":1,"name":"Inicio","item":"https:\/\/www.vertigomotors.com\/es\/"},{"@type":"ListItem","position":2,"name":"7\u00ba PARA MIQUEL GELABERT EN EL X-TRIAL DE BILBAO"}]},{"@type":"WebSite","@id":"https:\/\/www.vertigomotors.com\/es\/#website","url":"https:\/\/www.vertigomotors.com\/es\/","name":"Vertigo Motors","description":"Vertigo Motors","potentialAction":[{"@type":"SearchAction","target":{"@type":"EntryPoint","urlTemplate":"https:\/\/www.vertigomotors.com\/es\/?s={search_term_string}"},"query-input":{"@type":"PropertyValueSpecification","valueRequired":true,"valueName":"search_term_string"}}],"inLanguage":"es"},{"@type":"Person","@id":"https:\/\/www.vertigomotors.com\/es\/#\/schema\/person\/b719de825398bef0a97e1636813c1f7f","name":"c473e4912d","image":{"@type":"ImageObject","inLanguage":"es","@id":"https:\/\/secure.gravatar.com\/avatar\/5831aec57a392b620b66f2513e656e857a96f1a327a784c56c0b7eefc4468245?s=96&d=mm&r=g","url":"https:\/\/secure.gravatar.com\/avatar\/5831aec57a392b620b66f2513e656e857a96f1a327a784c56c0b7eefc4468245?s=96&d=mm&r=g","contentUrl":"https:\/\/secure.gravatar.com\/avatar\/5831aec57a392b620b66f2513e656e857a96f1a327a784c56c0b7eefc4468245?s=96&d=mm&r=g","caption":"c473e4912d"},"sameAs":["https:\/\/www.vertigomotors.com"],"url":"https:\/\/www.vertigomotors.com\/es\/author\/c473e4912d\/"}]}},"_links":{"self":[{"href":"https:\/\/www.vertigomotors.com\/es\/wp-json\/wp\/v2\/posts\/5493","targetHints":{"allow":["GET"]}}],"collection":[{"href":"https:\/\/www.vertigomotors.com\/es\/wp-json\/wp\/v2\/posts"}],"about":[{"href":"https:\/\/www.vertigomotors.com\/es\/wp-json\/wp\/v2\/types\/post"}],"author":[{"embeddable":true,"href":"https:\/\/www.vertigomotors.com\/es\/wp-json\/wp\/v2\/users\/1"}],"replies":[{"embeddable":true,"href":"https:\/\/www.vertigomotors.com\/es\/wp-json\/wp\/v2\/comments?post=5493"}],"version-history":[{"count":2,"href":"https:\/\/www.vertigomotors.com\/es\/wp-json\/wp\/v2\/posts\/5493\/revisions"}],"predecessor-version":[{"id":8932,"href":"https:\/\/www.vertigomotors.com\/es\/wp-json\/wp\/v2\/posts\/5493\/revisions\/8932"}],"wp:featuredmedia":[{"embeddable":true,"href":"https:\/\/www.vertigomotors.com\/es\/wp-json\/wp\/v2\/media\/8929"}],"wp:attachment":[{"href":"https:\/\/www.vertigomotors.com\/es\/wp-json\/wp\/v2\/media?parent=5493"}],"wp:term":[{"taxonomy":"category","embeddable":true,"href":"https:\/\/www.vertigomotors.com\/es\/wp-json\/wp\/v2\/categories?post=5493"},{"taxonomy":"post_tag","embeddable":true,"href":"https:\/\/www.vertigomotors.com\/es\/wp-json\/wp\/v2\/tags?post=5493"}],"curies":[{"name":"wp","href":"https:\/\/api.w.org\/{rel}","templated":true}]}}