{"id":5489,"date":"2020-02-10T14:55:08","date_gmt":"2020-02-10T14:55:08","guid":{"rendered":"https:\/\/www.vertigomotors.com\/?p=5489"},"modified":"2022-04-06T10:35:50","modified_gmt":"2022-04-06T10:35:50","slug":"positivo-debut-vertigo-en-el-cet-2020","status":"publish","type":"post","link":"https:\/\/www.vertigomotors.com\/es\/positivo-debut-vertigo-en-el-cet-2020\/","title":{"rendered":"POSITIVO DEBUT VERTIGO EN EL CET 2020"},"content":{"rendered":"\n<p>Una nutrida representaci\u00f3n de pilotos Vertigo estuvo presente en la primera prueba del Campeonato de Espa\u00f1a de Trial 2020 (CET), celebrada este fin de semana en la localidad leridana de Aitona. Adem\u00e1s de los pilotos Factory Vertigo com son Jaime Busto, Miquel y Aniol Gelabert, Berta Abell\u00e1n y Pau Mart\u00ednez, esta temporada la marca verde tiene compitiendo en el CET un importante n\u00famero de pilotos j\u00f3venes apoyados por los distintos concesionarios nacionales, un hecho que incrementa significativamente la visibilidad de la marca en el mejor campeonato nacional de trial al mismo tiempo que demuestra la competitividad de las Vertical 2020.<\/p>\n\n\n\n<p>En materia de competici\u00f3n, el domingo nos dej\u00f3 malas noticias con&nbsp;relaci\u00f3n a Jaime Busto. Al piloto vasco se le qued\u00f3 enganchado el pie en una piedra de la zona 11, provoc\u00e1ndole un giro en su rodilla que ya no le dej\u00f3 seguir en competici\u00f3n. En las pr\u00f3ximas horas se someter\u00e1 a varias pruebas para determinar con exactitud el alcance de este inoportuno contratiempo. Por tu parte, Miquel Gelabert cerr\u00f3 esta prueba inaugural con un 5\u00ba puesto muy cerca del 3\u00ba y el 4\u00ba tras realizar dos vueltas muy parejas con 24 y 25 puntos respectivamente. Aniol Gelabert fue 7\u00ba despu\u00e9s de calcar sus vueltas, 33 puntos en ambas.<\/p>\n\n\n\n<figure class=\"wp-block-image size-large\"><img decoding=\"async\" src=\"http:\/\/www.vertigomotors.com\/wp-content\/uploads\/2020\/02\/busto-1024x683.jpg\" alt=\"\" class=\"wp-image-5485\"\/><\/figure>\n\n\n\n<figure class=\"wp-block-gallery columns-2 is-cropped wp-block-gallery-1 is-layout-flex wp-block-gallery-is-layout-flex\"><ul class=\"blocks-gallery-grid\"><li class=\"blocks-gallery-item\"><figure><img decoding=\"async\" src=\"http:\/\/www.vertigomotors.com\/wp-content\/uploads\/2020\/02\/mgelabert-1024x683.jpg\" alt=\"\" data-id=\"5486\" data-full-url=\"http:\/\/www.vertigomotors.com\/wp-content\/uploads\/2020\/02\/mgelabert.jpg\" data-link=\"https:\/\/www.vertigomotors.com\/?attachment_id=5486\" class=\"wp-image-5486\"\/><\/figure><\/li><li class=\"blocks-gallery-item\"><figure><img decoding=\"async\" src=\"http:\/\/www.vertigomotors.com\/wp-content\/uploads\/2020\/02\/agelabert.jpg\" alt=\"\" data-id=\"5483\" data-full-url=\"http:\/\/www.vertigomotors.com\/wp-content\/uploads\/2020\/02\/agelabert.jpg\" data-link=\"https:\/\/www.vertigomotors.com\/?attachment_id=5483\" class=\"wp-image-5483\"\/><\/figure><\/li><\/ul><figcaption class=\"blocks-gallery-caption\">Fotos: JC V\u00e1zquez<\/figcaption><\/figure>\n\n\n\n<p>En Trial2 Pau Mart\u00ednez, Campe\u00f3n Nacional J\u00fanior en 2019, debutaba en la nueva categor\u00eda y lo hac\u00eda con un meritorio 9\u00ba puesto. Fue claramente de menos a m\u00e1s, no acab\u00f3 de encontrar el feeling en el primer paso por las zonas, pero en la segunda protagoniz\u00f3 una excepcional remontada reduciendo sus penalizaciones hasta pr\u00e1cticamente la mitad, de los 48 pas\u00f3 a los 26 puntos, lo que le dej\u00f3 a escasos 3 puntos del 5\u00ba puesto. David Avenda\u00f1o fue 11\u00ba.<\/p>\n\n\n\n<figure class=\"wp-block-gallery columns-2 is-cropped wp-block-gallery-2 is-layout-flex wp-block-gallery-is-layout-flex\"><ul class=\"blocks-gallery-grid\"><li class=\"blocks-gallery-item\"><figure><img decoding=\"async\" src=\"http:\/\/www.vertigomotors.com\/wp-content\/uploads\/2020\/02\/pau-1024x683.jpg\" alt=\"\" data-id=\"5488\" data-full-url=\"http:\/\/www.vertigomotors.com\/wp-content\/uploads\/2020\/02\/pau.jpg\" data-link=\"https:\/\/www.vertigomotors.com\/?attachment_id=5488\" class=\"wp-image-5488\"\/><\/figure><\/li><li class=\"blocks-gallery-item\"><figure><img decoding=\"async\" src=\"http:\/\/www.vertigomotors.com\/wp-content\/uploads\/2020\/02\/avendano-1024x683.jpg\" alt=\"\" data-id=\"5487\" data-full-url=\"http:\/\/www.vertigomotors.com\/wp-content\/uploads\/2020\/02\/avendano.jpg\" data-link=\"https:\/\/www.vertigomotors.com\/?attachment_id=5487\" class=\"wp-image-5487\"\/><\/figure><\/li><\/ul><\/figure>\n\n\n\n<p>Berta Abell\u00e1n se llev\u00f3 el triunfo en Femenino A, que desgraciadamente solamente cont\u00f3 con una participante en Aitona. La vigente Subcampeona del Mundo hizo el trial con los TR3, categor\u00eda t\u00e9cnica y de gran dificultad que sald\u00f3 con una fenomenal 9\u00aa posici\u00f3n. Especialmente meritoria fue su segunda vuelta con solamente 24 puntos de penalizaci\u00f3n.<\/p>\n\n\n\n<p>Gaudi Vall, una de las nuevas incorporaciones al&nbsp;elenco de j\u00f3venes pilotos Vertigo que compiten en el Nacional firm\u00f3 un brillante 3r puesto en J\u00fanior. Kim Pons se qued\u00f3 a las puertas del podio en Cadete 125cc, 3 puntos le separaron del tercer pelda\u00f1o.<\/p>\n\n\n\n<p>La pr\u00f3xima cita del CET se celebrar\u00e1 el fin de semana del 14 y 15 de marzo en Baiona, Pontevedra.<\/p>\n\n\n\n<figure class=\"wp-block-image size-large\"><img decoding=\"async\" src=\"http:\/\/www.vertigomotors.com\/wp-content\/uploads\/2020\/02\/gaudivall-1024x683.jpg\" alt=\"\" class=\"wp-image-5490\"\/><\/figure>\n","protected":false},"excerpt":{"rendered":"<p>Una nutrida representaci\u00f3n de pilotos Vertigo estuvo presente en la primera prueba del Campeonato de Espa\u00f1a de Trial 2020 (CET), celebrada este fin de semana en la localidad leridana de Aitona. Adem\u00e1s de los pilotos Factory Vertigo com son Jaime Busto, Miquel y Aniol Gelabert, Berta Abell\u00e1n y Pau Mart\u00ednez, esta temporada la marca verde [&hellip;]<\/p>\n","protected":false},"author":1,"featured_media":8933,"comment_status":"open","ping_status":"open","sticky":false,"template":"","format":"standard","meta":{"_et_pb_use_builder":"","_et_pb_old_content":"","_et_gb_content_width":"","inline_featured_image":false,"footnotes":""},"categories":[105,126],"tags":[],"class_list":["post-5489","post","type-post","status-publish","format-standard","has-post-thumbnail","hentry","category-corporativo","category-sin-categoria"],"yoast_head":"<!-- This site is optimized with the Yoast SEO plugin v27.5 - https:\/\/yoast.com\/product\/yoast-seo-wordpress\/ -->\n<title>POSITIVO DEBUT VERTIGO EN EL CET 2020 | Vertigo Motors<\/title>\n<meta name=\"robots\" content=\"index, follow, max-snippet:-1, max-image-preview:large, max-video-preview:-1\" \/>\n<link rel=\"canonical\" href=\"https:\/\/www.vertigomotors.com\/es\/positivo-debut-vertigo-en-el-cet-2020\/\" \/>\n<meta property=\"og:locale\" content=\"es_ES\" \/>\n<meta property=\"og:type\" content=\"article\" \/>\n<meta property=\"og:title\" content=\"POSITIVO DEBUT VERTIGO EN EL CET 2020 | Vertigo Motors\" \/>\n<meta property=\"og:description\" content=\"Una nutrida representaci\u00f3n de pilotos Vertigo estuvo presente en la primera prueba del Campeonato de Espa\u00f1a de Trial 2020 (CET), celebrada este fin de semana en la localidad leridana de Aitona. Adem\u00e1s de los pilotos Factory Vertigo com son Jaime Busto, Miquel y Aniol Gelabert, Berta Abell\u00e1n y Pau Mart\u00ednez, esta temporada la marca verde [&hellip;]\" \/>\n<meta property=\"og:url\" content=\"https:\/\/www.vertigomotors.com\/es\/positivo-debut-vertigo-en-el-cet-2020\/\" \/>\n<meta property=\"og:site_name\" content=\"Vertigo Motors\" \/>\n<meta property=\"article:published_time\" content=\"2020-02-10T14:55:08+00:00\" \/>\n<meta property=\"article:modified_time\" content=\"2022-04-06T10:35:50+00:00\" \/>\n<meta property=\"og:image\" content=\"https:\/\/www.vertigomotors.com\/wp-content\/uploads\/2020\/02\/berta-1.jpg\" \/>\n\t<meta property=\"og:image:width\" content=\"1500\" \/>\n\t<meta property=\"og:image:height\" content=\"1000\" \/>\n\t<meta property=\"og:image:type\" content=\"image\/jpeg\" \/>\n<meta name=\"author\" content=\"c473e4912d\" \/>\n<meta name=\"twitter:card\" content=\"summary_large_image\" \/>\n<meta name=\"twitter:label1\" content=\"Escrito por\" \/>\n\t<meta name=\"twitter:data1\" content=\"c473e4912d\" \/>\n\t<meta name=\"twitter:label2\" content=\"Tiempo de lectura\" \/>\n\t<meta name=\"twitter:data2\" content=\"3 minutos\" \/>\n<script type=\"application\/ld+json\" class=\"yoast-schema-graph\">{\"@context\":\"https:\\\/\\\/schema.org\",\"@graph\":[{\"@type\":\"Article\",\"@id\":\"https:\\\/\\\/www.vertigomotors.com\\\/es\\\/positivo-debut-vertigo-en-el-cet-2020\\\/#article\",\"isPartOf\":{\"@id\":\"https:\\\/\\\/www.vertigomotors.com\\\/es\\\/positivo-debut-vertigo-en-el-cet-2020\\\/\"},\"author\":{\"name\":\"c473e4912d\",\"@id\":\"https:\\\/\\\/www.vertigomotors.com\\\/es\\\/#\\\/schema\\\/person\\\/b719de825398bef0a97e1636813c1f7f\"},\"headline\":\"POSITIVO DEBUT VERTIGO EN EL CET 2020\",\"datePublished\":\"2020-02-10T14:55:08+00:00\",\"dateModified\":\"2022-04-06T10:35:50+00:00\",\"mainEntityOfPage\":{\"@id\":\"https:\\\/\\\/www.vertigomotors.com\\\/es\\\/positivo-debut-vertigo-en-el-cet-2020\\\/\"},\"wordCount\":426,\"commentCount\":0,\"image\":{\"@id\":\"https:\\\/\\\/www.vertigomotors.com\\\/es\\\/positivo-debut-vertigo-en-el-cet-2020\\\/#primaryimage\"},\"thumbnailUrl\":\"https:\\\/\\\/www.vertigomotors.com\\\/wp-content\\\/uploads\\\/2020\\\/02\\\/berta-1.jpg\",\"articleSection\":[\"Corporativo\"],\"inLanguage\":\"es\",\"potentialAction\":[{\"@type\":\"CommentAction\",\"name\":\"Comment\",\"target\":[\"https:\\\/\\\/www.vertigomotors.com\\\/es\\\/positivo-debut-vertigo-en-el-cet-2020\\\/#respond\"]}]},{\"@type\":\"WebPage\",\"@id\":\"https:\\\/\\\/www.vertigomotors.com\\\/es\\\/positivo-debut-vertigo-en-el-cet-2020\\\/\",\"url\":\"https:\\\/\\\/www.vertigomotors.com\\\/es\\\/positivo-debut-vertigo-en-el-cet-2020\\\/\",\"name\":\"POSITIVO DEBUT VERTIGO EN EL CET 2020 | Vertigo Motors\",\"isPartOf\":{\"@id\":\"https:\\\/\\\/www.vertigomotors.com\\\/es\\\/#website\"},\"primaryImageOfPage\":{\"@id\":\"https:\\\/\\\/www.vertigomotors.com\\\/es\\\/positivo-debut-vertigo-en-el-cet-2020\\\/#primaryimage\"},\"image\":{\"@id\":\"https:\\\/\\\/www.vertigomotors.com\\\/es\\\/positivo-debut-vertigo-en-el-cet-2020\\\/#primaryimage\"},\"thumbnailUrl\":\"https:\\\/\\\/www.vertigomotors.com\\\/wp-content\\\/uploads\\\/2020\\\/02\\\/berta-1.jpg\",\"datePublished\":\"2020-02-10T14:55:08+00:00\",\"dateModified\":\"2022-04-06T10:35:50+00:00\",\"author\":{\"@id\":\"https:\\\/\\\/www.vertigomotors.com\\\/es\\\/#\\\/schema\\\/person\\\/b719de825398bef0a97e1636813c1f7f\"},\"breadcrumb\":{\"@id\":\"https:\\\/\\\/www.vertigomotors.com\\\/es\\\/positivo-debut-vertigo-en-el-cet-2020\\\/#breadcrumb\"},\"inLanguage\":\"es\",\"potentialAction\":[{\"@type\":\"ReadAction\",\"target\":[\"https:\\\/\\\/www.vertigomotors.com\\\/es\\\/positivo-debut-vertigo-en-el-cet-2020\\\/\"]}]},{\"@type\":\"ImageObject\",\"inLanguage\":\"es\",\"@id\":\"https:\\\/\\\/www.vertigomotors.com\\\/es\\\/positivo-debut-vertigo-en-el-cet-2020\\\/#primaryimage\",\"url\":\"https:\\\/\\\/www.vertigomotors.com\\\/wp-content\\\/uploads\\\/2020\\\/02\\\/berta-1.jpg\",\"contentUrl\":\"https:\\\/\\\/www.vertigomotors.com\\\/wp-content\\\/uploads\\\/2020\\\/02\\\/berta-1.jpg\",\"width\":1500,\"height\":1000},{\"@type\":\"BreadcrumbList\",\"@id\":\"https:\\\/\\\/www.vertigomotors.com\\\/es\\\/positivo-debut-vertigo-en-el-cet-2020\\\/#breadcrumb\",\"itemListElement\":[{\"@type\":\"ListItem\",\"position\":1,\"name\":\"Inicio\",\"item\":\"https:\\\/\\\/www.vertigomotors.com\\\/es\\\/\"},{\"@type\":\"ListItem\",\"position\":2,\"name\":\"POSITIVO DEBUT VERTIGO EN EL CET 2020\"}]},{\"@type\":\"WebSite\",\"@id\":\"https:\\\/\\\/www.vertigomotors.com\\\/es\\\/#website\",\"url\":\"https:\\\/\\\/www.vertigomotors.com\\\/es\\\/\",\"name\":\"Vertigo Motors\",\"description\":\"Vertigo Motors\",\"potentialAction\":[{\"@type\":\"SearchAction\",\"target\":{\"@type\":\"EntryPoint\",\"urlTemplate\":\"https:\\\/\\\/www.vertigomotors.com\\\/es\\\/?s={search_term_string}\"},\"query-input\":{\"@type\":\"PropertyValueSpecification\",\"valueRequired\":true,\"valueName\":\"search_term_string\"}}],\"inLanguage\":\"es\"},{\"@type\":\"Person\",\"@id\":\"https:\\\/\\\/www.vertigomotors.com\\\/es\\\/#\\\/schema\\\/person\\\/b719de825398bef0a97e1636813c1f7f\",\"name\":\"c473e4912d\",\"image\":{\"@type\":\"ImageObject\",\"inLanguage\":\"es\",\"@id\":\"https:\\\/\\\/secure.gravatar.com\\\/avatar\\\/5831aec57a392b620b66f2513e656e857a96f1a327a784c56c0b7eefc4468245?s=96&d=mm&r=g\",\"url\":\"https:\\\/\\\/secure.gravatar.com\\\/avatar\\\/5831aec57a392b620b66f2513e656e857a96f1a327a784c56c0b7eefc4468245?s=96&d=mm&r=g\",\"contentUrl\":\"https:\\\/\\\/secure.gravatar.com\\\/avatar\\\/5831aec57a392b620b66f2513e656e857a96f1a327a784c56c0b7eefc4468245?s=96&d=mm&r=g\",\"caption\":\"c473e4912d\"},\"sameAs\":[\"https:\\\/\\\/www.vertigomotors.com\"],\"url\":\"https:\\\/\\\/www.vertigomotors.com\\\/es\\\/author\\\/c473e4912d\\\/\"}]}<\/script>\n<!-- \/ Yoast SEO plugin. -->","yoast_head_json":{"title":"POSITIVO DEBUT VERTIGO EN EL CET 2020 | Vertigo Motors","robots":{"index":"index","follow":"follow","max-snippet":"max-snippet:-1","max-image-preview":"max-image-preview:large","max-video-preview":"max-video-preview:-1"},"canonical":"https:\/\/www.vertigomotors.com\/es\/positivo-debut-vertigo-en-el-cet-2020\/","og_locale":"es_ES","og_type":"article","og_title":"POSITIVO DEBUT VERTIGO EN EL CET 2020 | Vertigo Motors","og_description":"Una nutrida representaci\u00f3n de pilotos Vertigo estuvo presente en la primera prueba del Campeonato de Espa\u00f1a de Trial 2020 (CET), celebrada este fin de semana en la localidad leridana de Aitona. Adem\u00e1s de los pilotos Factory Vertigo com son Jaime Busto, Miquel y Aniol Gelabert, Berta Abell\u00e1n y Pau Mart\u00ednez, esta temporada la marca verde [&hellip;]","og_url":"https:\/\/www.vertigomotors.com\/es\/positivo-debut-vertigo-en-el-cet-2020\/","og_site_name":"Vertigo Motors","article_published_time":"2020-02-10T14:55:08+00:00","article_modified_time":"2022-04-06T10:35:50+00:00","og_image":[{"width":1500,"height":1000,"url":"https:\/\/www.vertigomotors.com\/wp-content\/uploads\/2020\/02\/berta-1.jpg","type":"image\/jpeg"}],"author":"c473e4912d","twitter_card":"summary_large_image","twitter_misc":{"Escrito por":"c473e4912d","Tiempo de lectura":"3 minutos"},"schema":{"@context":"https:\/\/schema.org","@graph":[{"@type":"Article","@id":"https:\/\/www.vertigomotors.com\/es\/positivo-debut-vertigo-en-el-cet-2020\/#article","isPartOf":{"@id":"https:\/\/www.vertigomotors.com\/es\/positivo-debut-vertigo-en-el-cet-2020\/"},"author":{"name":"c473e4912d","@id":"https:\/\/www.vertigomotors.com\/es\/#\/schema\/person\/b719de825398bef0a97e1636813c1f7f"},"headline":"POSITIVO DEBUT VERTIGO EN EL CET 2020","datePublished":"2020-02-10T14:55:08+00:00","dateModified":"2022-04-06T10:35:50+00:00","mainEntityOfPage":{"@id":"https:\/\/www.vertigomotors.com\/es\/positivo-debut-vertigo-en-el-cet-2020\/"},"wordCount":426,"commentCount":0,"image":{"@id":"https:\/\/www.vertigomotors.com\/es\/positivo-debut-vertigo-en-el-cet-2020\/#primaryimage"},"thumbnailUrl":"https:\/\/www.vertigomotors.com\/wp-content\/uploads\/2020\/02\/berta-1.jpg","articleSection":["Corporativo"],"inLanguage":"es","potentialAction":[{"@type":"CommentAction","name":"Comment","target":["https:\/\/www.vertigomotors.com\/es\/positivo-debut-vertigo-en-el-cet-2020\/#respond"]}]},{"@type":"WebPage","@id":"https:\/\/www.vertigomotors.com\/es\/positivo-debut-vertigo-en-el-cet-2020\/","url":"https:\/\/www.vertigomotors.com\/es\/positivo-debut-vertigo-en-el-cet-2020\/","name":"POSITIVO DEBUT VERTIGO EN EL CET 2020 | Vertigo Motors","isPartOf":{"@id":"https:\/\/www.vertigomotors.com\/es\/#website"},"primaryImageOfPage":{"@id":"https:\/\/www.vertigomotors.com\/es\/positivo-debut-vertigo-en-el-cet-2020\/#primaryimage"},"image":{"@id":"https:\/\/www.vertigomotors.com\/es\/positivo-debut-vertigo-en-el-cet-2020\/#primaryimage"},"thumbnailUrl":"https:\/\/www.vertigomotors.com\/wp-content\/uploads\/2020\/02\/berta-1.jpg","datePublished":"2020-02-10T14:55:08+00:00","dateModified":"2022-04-06T10:35:50+00:00","author":{"@id":"https:\/\/www.vertigomotors.com\/es\/#\/schema\/person\/b719de825398bef0a97e1636813c1f7f"},"breadcrumb":{"@id":"https:\/\/www.vertigomotors.com\/es\/positivo-debut-vertigo-en-el-cet-2020\/#breadcrumb"},"inLanguage":"es","potentialAction":[{"@type":"ReadAction","target":["https:\/\/www.vertigomotors.com\/es\/positivo-debut-vertigo-en-el-cet-2020\/"]}]},{"@type":"ImageObject","inLanguage":"es","@id":"https:\/\/www.vertigomotors.com\/es\/positivo-debut-vertigo-en-el-cet-2020\/#primaryimage","url":"https:\/\/www.vertigomotors.com\/wp-content\/uploads\/2020\/02\/berta-1.jpg","contentUrl":"https:\/\/www.vertigomotors.com\/wp-content\/uploads\/2020\/02\/berta-1.jpg","width":1500,"height":1000},{"@type":"BreadcrumbList","@id":"https:\/\/www.vertigomotors.com\/es\/positivo-debut-vertigo-en-el-cet-2020\/#breadcrumb","itemListElement":[{"@type":"ListItem","position":1,"name":"Inicio","item":"https:\/\/www.vertigomotors.com\/es\/"},{"@type":"ListItem","position":2,"name":"POSITIVO DEBUT VERTIGO EN EL CET 2020"}]},{"@type":"WebSite","@id":"https:\/\/www.vertigomotors.com\/es\/#website","url":"https:\/\/www.vertigomotors.com\/es\/","name":"Vertigo Motors","description":"Vertigo Motors","potentialAction":[{"@type":"SearchAction","target":{"@type":"EntryPoint","urlTemplate":"https:\/\/www.vertigomotors.com\/es\/?s={search_term_string}"},"query-input":{"@type":"PropertyValueSpecification","valueRequired":true,"valueName":"search_term_string"}}],"inLanguage":"es"},{"@type":"Person","@id":"https:\/\/www.vertigomotors.com\/es\/#\/schema\/person\/b719de825398bef0a97e1636813c1f7f","name":"c473e4912d","image":{"@type":"ImageObject","inLanguage":"es","@id":"https:\/\/secure.gravatar.com\/avatar\/5831aec57a392b620b66f2513e656e857a96f1a327a784c56c0b7eefc4468245?s=96&d=mm&r=g","url":"https:\/\/secure.gravatar.com\/avatar\/5831aec57a392b620b66f2513e656e857a96f1a327a784c56c0b7eefc4468245?s=96&d=mm&r=g","contentUrl":"https:\/\/secure.gravatar.com\/avatar\/5831aec57a392b620b66f2513e656e857a96f1a327a784c56c0b7eefc4468245?s=96&d=mm&r=g","caption":"c473e4912d"},"sameAs":["https:\/\/www.vertigomotors.com"],"url":"https:\/\/www.vertigomotors.com\/es\/author\/c473e4912d\/"}]}},"_links":{"self":[{"href":"https:\/\/www.vertigomotors.com\/es\/wp-json\/wp\/v2\/posts\/5489","targetHints":{"allow":["GET"]}}],"collection":[{"href":"https:\/\/www.vertigomotors.com\/es\/wp-json\/wp\/v2\/posts"}],"about":[{"href":"https:\/\/www.vertigomotors.com\/es\/wp-json\/wp\/v2\/types\/post"}],"author":[{"embeddable":true,"href":"https:\/\/www.vertigomotors.com\/es\/wp-json\/wp\/v2\/users\/1"}],"replies":[{"embeddable":true,"href":"https:\/\/www.vertigomotors.com\/es\/wp-json\/wp\/v2\/comments?post=5489"}],"version-history":[{"count":2,"href":"https:\/\/www.vertigomotors.com\/es\/wp-json\/wp\/v2\/posts\/5489\/revisions"}],"predecessor-version":[{"id":8936,"href":"https:\/\/www.vertigomotors.com\/es\/wp-json\/wp\/v2\/posts\/5489\/revisions\/8936"}],"wp:featuredmedia":[{"embeddable":true,"href":"https:\/\/www.vertigomotors.com\/es\/wp-json\/wp\/v2\/media\/8933"}],"wp:attachment":[{"href":"https:\/\/www.vertigomotors.com\/es\/wp-json\/wp\/v2\/media?parent=5489"}],"wp:term":[{"taxonomy":"category","embeddable":true,"href":"https:\/\/www.vertigomotors.com\/es\/wp-json\/wp\/v2\/categories?post=5489"},{"taxonomy":"post_tag","embeddable":true,"href":"https:\/\/www.vertigomotors.com\/es\/wp-json\/wp\/v2\/tags?post=5489"}],"curies":[{"name":"wp","href":"https:\/\/api.w.org\/{rel}","templated":true}]}}