{"id":5471,"date":"2020-02-03T09:33:55","date_gmt":"2020-02-03T09:33:55","guid":{"rendered":"https:\/\/www.vertigomotors.com\/?p=5471"},"modified":"2022-04-06T10:38:01","modified_gmt":"2022-04-06T10:38:01","slug":"memorable-vertigo-experience-day-2020","status":"publish","type":"post","link":"https:\/\/www.vertigomotors.com\/es\/memorable-vertigo-experience-day-2020\/","title":{"rendered":"MEMORABLE VERTIGO EXPERIENCE DAY 2020"},"content":{"rendered":"\n<p>Fin de semana memorable para la familia Vertigo. El Vertigo Experience Day fue un rotundo \u00e9xito con cerca de un centenar de personas acudiendo al Hotel Puig Franc\u00f3 y el \u00c1rea de Trial de Noassar para vivir una jornada en la que el trial brill\u00f3 con todo su esplendor. Meteorol\u00f3gicamente hablando el d\u00eda fue excepcional, con un sol que se abri\u00f3 paso a medida que fue avanzando la jornada y con una oferta gastron\u00f3mica que hizo las delicias de todos los presentes, con los t\u00edpicos \u00abcal\u00e7ots\u00bb y un asado que dej\u00f3 satisfechos incluso a los paladares m\u00e1s exigentes.<\/p>\n\n\n\n<p>Una gran representaci\u00f3n de importadores internacionales provenientes de pa\u00edses como Estados Unidos, Canad\u00e1, Alemania, Austria, Francia, Alemania, Rusia, Jap\u00f3n, Gran Breta\u00f1a,&nbsp;Irlanda o Italia&nbsp;pudieron disfrutar del \u00e1rea ya fuera en moto o como espectadores de lujo en las zonas especialmente marcadas para la ocasi\u00f3n, en las que los pilotos Factory se lucieron ofreciendo un gran espect\u00e1culo. El s\u00e1bado fue solamente la guinda al pastel para los representantes internacionales de Vertigo, y es que los dos d\u00edas anteriores ya hab\u00edan estado en f\u00e1brica recibiendo visitas guiadas en las instalaciones y charlas t\u00e9cnicas sobre los actuales modelos de la marca.<\/p>\n\n\n\n<figure class=\"wp-block-image size-large\"><img decoding=\"async\" src=\"http:\/\/www.vertigomotors.com\/wp-content\/uploads\/2020\/02\/ambiente_IMG_0127-1-1024x683.jpg\" alt=\"\" class=\"wp-image-5472\"\/><\/figure>\n\n\n\n<p>Jaime Busto, Miquel Gelabert, Jack Price, Berta Abell\u00e1n, Aniol Gelabert, Lorenzo Gandola, Hugo Dufrese, Pau Mart\u00ednez y Ben Dignan, pilotos mundialistas 2020&nbsp;capitaneados por Dougie Lampkin,&nbsp;demostraron todas sus cualidades ante la atenta mirada de los importadores, compartiendo zonas con todos los clientes de la marca y aquellos representantes internacionales que tuvieron la oportunidad de subirse a una de las Verticals 2020 disponibles, a las cuales tuvieron acceso por turnos.<\/p>\n\n\n\n<p>El evento present\u00f3 una simbiosis exquisita entre trial, gastronom\u00eda y ocio, lo que result\u00f3 en una satisfacci\u00f3n plena de todos aquellos que subieron hasta las instalaciones de un Hotel Puig Franc\u00f3, que luci\u00f3 sus mejores galas con el sol enalteciendo sus vistas y entorno \u00fanicos.<\/p>\n\n\n\n<figure class=\"wp-block-image size-large\"><img decoding=\"async\" src=\"http:\/\/www.vertigomotors.com\/wp-content\/uploads\/2020\/02\/ambiente_IMG_0372-1-1024x683.jpg\" alt=\"\" class=\"wp-image-5473\"\/><\/figure>\n\n\n\n<figure class=\"wp-block-gallery columns-2 is-cropped wp-block-gallery-1 is-layout-flex wp-block-gallery-is-layout-flex\"><ul class=\"blocks-gallery-grid\"><li class=\"blocks-gallery-item\"><figure><img decoding=\"async\" src=\"http:\/\/www.vertigomotors.com\/wp-content\/uploads\/2020\/02\/aniol_IMG_0213-1-1024x682.jpg\" alt=\"\" data-id=\"5474\" data-full-url=\"http:\/\/www.vertigomotors.com\/wp-content\/uploads\/2020\/02\/aniol_IMG_0213-1.jpg\" data-link=\"https:\/\/www.vertigomotors.com\/?attachment_id=5474\" class=\"wp-image-5474\"\/><\/figure><\/li><li class=\"blocks-gallery-item\"><figure><img decoding=\"async\" src=\"http:\/\/www.vertigomotors.com\/wp-content\/uploads\/2020\/02\/berta_IMG_0181-1-1024x683.jpg\" alt=\"\" data-id=\"5475\" data-full-url=\"http:\/\/www.vertigomotors.com\/wp-content\/uploads\/2020\/02\/berta_IMG_0181-1.jpg\" data-link=\"https:\/\/www.vertigomotors.com\/?attachment_id=5475\" class=\"wp-image-5475\"\/><\/figure><\/li><\/ul><\/figure>\n\n\n\n<p>Por si fuera poco, el domingo gran parte de los presentes tambi\u00e9n acudi\u00f3 al Palau Sant Jordi para ver en directo a Jaime Busto y Miquel Gelabert en el X-Trial de Barcelona, el mejor evento indoor a nivel Mundial que se celebr\u00f3 nuevamente en&nbsp;un Palau Sant Jordi lleno hasta la bandera. Fue un evento muy especial para Vertigo, que estren\u00f3 su propia zona, la cual result\u00f3 ser una de las m\u00e1s t\u00e9cnicas y dif\u00edciles de la noche. En materia de resultados Miquel Gelabert fue 7\u00ba, mostr\u00f3 muy buenos detalles pero la exigencia del X-Trial es m\u00e1xima y con alg\u00fan punto de m\u00e1s escap\u00e1ndosele a lo largo de la ronda se tuvo que conformar con esa 7\u00aa plaza. Jaime Busto estuvo muy cerca de colarse en la pelea por el Top 3, se qued\u00f3 a un solo punto de clasificarse para la final por el 3r y 4\u00ba puesto, por lo que acab\u00f3 5\u00ba aunque sigue conservando el 3r puesto de la general.<\/p>\n\n\n\n<figure class=\"wp-block-image size-large\"><img decoding=\"async\" src=\"http:\/\/www.vertigomotors.com\/wp-content\/uploads\/2020\/02\/busto_IMG_0713-1-1024x683.jpg\" alt=\"\" class=\"wp-image-5476\"\/><\/figure>\n\n\n\n<figure class=\"wp-block-image size-large\"><img decoding=\"async\" src=\"http:\/\/www.vertigomotors.com\/wp-content\/uploads\/2020\/02\/gelabert_IMG_0497-1-1024x683.jpg\" alt=\"\" class=\"wp-image-5477\"\/><\/figure>\n\n\n\n<p>Cuatro d\u00edas muy intensos con el trial como eje vertebrador que se cierran con un balance m\u00e1s que positivo y que ratifican el crecimiento y el excelente estado de salud de la que goza Vertigo. La marca quiere agradecer enormemente a todos los asistentes su participaci\u00f3n y expresar su deseo de repetir esta misma f\u00f3rmula en un futuro.<\/p>\n\n\n\n<p>Galer\u00edas de im\u00e1genes disponibles pr\u00f3ximamente en las redes sociales de Vertigo.<\/p>\n","protected":false},"excerpt":{"rendered":"<p>Fin de semana memorable para la familia Vertigo. El Vertigo Experience Day fue un rotundo \u00e9xito con cerca de un centenar de personas acudiendo al Hotel Puig Franc\u00f3 y el \u00c1rea de Trial de Noassar para vivir una jornada en la que el trial brill\u00f3 con todo su esplendor. Meteorol\u00f3gicamente hablando el d\u00eda fue excepcional, [&hellip;]<\/p>\n","protected":false},"author":1,"featured_media":8937,"comment_status":"open","ping_status":"open","sticky":false,"template":"","format":"standard","meta":{"_et_pb_use_builder":"","_et_pb_old_content":"","_et_gb_content_width":"","inline_featured_image":false,"footnotes":""},"categories":[105,126],"tags":[],"class_list":["post-5471","post","type-post","status-publish","format-standard","has-post-thumbnail","hentry","category-corporativo","category-sin-categoria"],"yoast_head":"<!-- This site is optimized with the Yoast SEO plugin v27.5 - https:\/\/yoast.com\/product\/yoast-seo-wordpress\/ -->\n<title>MEMORABLE VERTIGO EXPERIENCE DAY 2020 | Vertigo Motors<\/title>\n<meta name=\"robots\" content=\"index, follow, max-snippet:-1, max-image-preview:large, max-video-preview:-1\" \/>\n<link rel=\"canonical\" href=\"https:\/\/www.vertigomotors.com\/es\/memorable-vertigo-experience-day-2020\/\" \/>\n<meta property=\"og:locale\" content=\"es_ES\" \/>\n<meta property=\"og:type\" content=\"article\" \/>\n<meta property=\"og:title\" content=\"MEMORABLE VERTIGO EXPERIENCE DAY 2020 | Vertigo Motors\" \/>\n<meta property=\"og:description\" content=\"Fin de semana memorable para la familia Vertigo. El Vertigo Experience Day fue un rotundo \u00e9xito con cerca de un centenar de personas acudiendo al Hotel Puig Franc\u00f3 y el \u00c1rea de Trial de Noassar para vivir una jornada en la que el trial brill\u00f3 con todo su esplendor. Meteorol\u00f3gicamente hablando el d\u00eda fue excepcional, [&hellip;]\" \/>\n<meta property=\"og:url\" content=\"https:\/\/www.vertigomotors.com\/es\/memorable-vertigo-experience-day-2020\/\" \/>\n<meta property=\"og:site_name\" content=\"Vertigo Motors\" \/>\n<meta property=\"article:published_time\" content=\"2020-02-03T09:33:55+00:00\" \/>\n<meta property=\"article:modified_time\" content=\"2022-04-06T10:38:01+00:00\" \/>\n<meta property=\"og:image\" content=\"https:\/\/www.vertigomotors.com\/wp-content\/uploads\/2020\/02\/vertigofamily_IMG_0094.jpg\" \/>\n\t<meta property=\"og:image:width\" content=\"2000\" \/>\n\t<meta property=\"og:image:height\" content=\"1333\" \/>\n\t<meta property=\"og:image:type\" content=\"image\/jpeg\" \/>\n<meta name=\"author\" content=\"c473e4912d\" \/>\n<meta name=\"twitter:card\" content=\"summary_large_image\" \/>\n<meta name=\"twitter:label1\" content=\"Escrito por\" \/>\n\t<meta name=\"twitter:data1\" content=\"c473e4912d\" \/>\n\t<meta name=\"twitter:label2\" content=\"Tiempo de lectura\" \/>\n\t<meta name=\"twitter:data2\" content=\"4 minutos\" \/>\n<script type=\"application\/ld+json\" class=\"yoast-schema-graph\">{\"@context\":\"https:\\\/\\\/schema.org\",\"@graph\":[{\"@type\":\"Article\",\"@id\":\"https:\\\/\\\/www.vertigomotors.com\\\/es\\\/memorable-vertigo-experience-day-2020\\\/#article\",\"isPartOf\":{\"@id\":\"https:\\\/\\\/www.vertigomotors.com\\\/es\\\/memorable-vertigo-experience-day-2020\\\/\"},\"author\":{\"name\":\"c473e4912d\",\"@id\":\"https:\\\/\\\/www.vertigomotors.com\\\/es\\\/#\\\/schema\\\/person\\\/b719de825398bef0a97e1636813c1f7f\"},\"headline\":\"MEMORABLE VERTIGO EXPERIENCE DAY 2020\",\"datePublished\":\"2020-02-03T09:33:55+00:00\",\"dateModified\":\"2022-04-06T10:38:01+00:00\",\"mainEntityOfPage\":{\"@id\":\"https:\\\/\\\/www.vertigomotors.com\\\/es\\\/memorable-vertigo-experience-day-2020\\\/\"},\"wordCount\":582,\"commentCount\":0,\"image\":{\"@id\":\"https:\\\/\\\/www.vertigomotors.com\\\/es\\\/memorable-vertigo-experience-day-2020\\\/#primaryimage\"},\"thumbnailUrl\":\"https:\\\/\\\/www.vertigomotors.com\\\/wp-content\\\/uploads\\\/2020\\\/02\\\/vertigofamily_IMG_0094.jpg\",\"articleSection\":[\"Corporativo\"],\"inLanguage\":\"es\",\"potentialAction\":[{\"@type\":\"CommentAction\",\"name\":\"Comment\",\"target\":[\"https:\\\/\\\/www.vertigomotors.com\\\/es\\\/memorable-vertigo-experience-day-2020\\\/#respond\"]}]},{\"@type\":\"WebPage\",\"@id\":\"https:\\\/\\\/www.vertigomotors.com\\\/es\\\/memorable-vertigo-experience-day-2020\\\/\",\"url\":\"https:\\\/\\\/www.vertigomotors.com\\\/es\\\/memorable-vertigo-experience-day-2020\\\/\",\"name\":\"MEMORABLE VERTIGO EXPERIENCE DAY 2020 | Vertigo Motors\",\"isPartOf\":{\"@id\":\"https:\\\/\\\/www.vertigomotors.com\\\/es\\\/#website\"},\"primaryImageOfPage\":{\"@id\":\"https:\\\/\\\/www.vertigomotors.com\\\/es\\\/memorable-vertigo-experience-day-2020\\\/#primaryimage\"},\"image\":{\"@id\":\"https:\\\/\\\/www.vertigomotors.com\\\/es\\\/memorable-vertigo-experience-day-2020\\\/#primaryimage\"},\"thumbnailUrl\":\"https:\\\/\\\/www.vertigomotors.com\\\/wp-content\\\/uploads\\\/2020\\\/02\\\/vertigofamily_IMG_0094.jpg\",\"datePublished\":\"2020-02-03T09:33:55+00:00\",\"dateModified\":\"2022-04-06T10:38:01+00:00\",\"author\":{\"@id\":\"https:\\\/\\\/www.vertigomotors.com\\\/es\\\/#\\\/schema\\\/person\\\/b719de825398bef0a97e1636813c1f7f\"},\"breadcrumb\":{\"@id\":\"https:\\\/\\\/www.vertigomotors.com\\\/es\\\/memorable-vertigo-experience-day-2020\\\/#breadcrumb\"},\"inLanguage\":\"es\",\"potentialAction\":[{\"@type\":\"ReadAction\",\"target\":[\"https:\\\/\\\/www.vertigomotors.com\\\/es\\\/memorable-vertigo-experience-day-2020\\\/\"]}]},{\"@type\":\"ImageObject\",\"inLanguage\":\"es\",\"@id\":\"https:\\\/\\\/www.vertigomotors.com\\\/es\\\/memorable-vertigo-experience-day-2020\\\/#primaryimage\",\"url\":\"https:\\\/\\\/www.vertigomotors.com\\\/wp-content\\\/uploads\\\/2020\\\/02\\\/vertigofamily_IMG_0094.jpg\",\"contentUrl\":\"https:\\\/\\\/www.vertigomotors.com\\\/wp-content\\\/uploads\\\/2020\\\/02\\\/vertigofamily_IMG_0094.jpg\",\"width\":2000,\"height\":1333},{\"@type\":\"BreadcrumbList\",\"@id\":\"https:\\\/\\\/www.vertigomotors.com\\\/es\\\/memorable-vertigo-experience-day-2020\\\/#breadcrumb\",\"itemListElement\":[{\"@type\":\"ListItem\",\"position\":1,\"name\":\"Inicio\",\"item\":\"https:\\\/\\\/www.vertigomotors.com\\\/es\\\/\"},{\"@type\":\"ListItem\",\"position\":2,\"name\":\"MEMORABLE VERTIGO EXPERIENCE DAY 2020\"}]},{\"@type\":\"WebSite\",\"@id\":\"https:\\\/\\\/www.vertigomotors.com\\\/es\\\/#website\",\"url\":\"https:\\\/\\\/www.vertigomotors.com\\\/es\\\/\",\"name\":\"Vertigo Motors\",\"description\":\"Vertigo Motors\",\"potentialAction\":[{\"@type\":\"SearchAction\",\"target\":{\"@type\":\"EntryPoint\",\"urlTemplate\":\"https:\\\/\\\/www.vertigomotors.com\\\/es\\\/?s={search_term_string}\"},\"query-input\":{\"@type\":\"PropertyValueSpecification\",\"valueRequired\":true,\"valueName\":\"search_term_string\"}}],\"inLanguage\":\"es\"},{\"@type\":\"Person\",\"@id\":\"https:\\\/\\\/www.vertigomotors.com\\\/es\\\/#\\\/schema\\\/person\\\/b719de825398bef0a97e1636813c1f7f\",\"name\":\"c473e4912d\",\"image\":{\"@type\":\"ImageObject\",\"inLanguage\":\"es\",\"@id\":\"https:\\\/\\\/secure.gravatar.com\\\/avatar\\\/5831aec57a392b620b66f2513e656e857a96f1a327a784c56c0b7eefc4468245?s=96&d=mm&r=g\",\"url\":\"https:\\\/\\\/secure.gravatar.com\\\/avatar\\\/5831aec57a392b620b66f2513e656e857a96f1a327a784c56c0b7eefc4468245?s=96&d=mm&r=g\",\"contentUrl\":\"https:\\\/\\\/secure.gravatar.com\\\/avatar\\\/5831aec57a392b620b66f2513e656e857a96f1a327a784c56c0b7eefc4468245?s=96&d=mm&r=g\",\"caption\":\"c473e4912d\"},\"sameAs\":[\"https:\\\/\\\/www.vertigomotors.com\"],\"url\":\"https:\\\/\\\/www.vertigomotors.com\\\/es\\\/author\\\/c473e4912d\\\/\"}]}<\/script>\n<!-- \/ Yoast SEO plugin. -->","yoast_head_json":{"title":"MEMORABLE VERTIGO EXPERIENCE DAY 2020 | Vertigo Motors","robots":{"index":"index","follow":"follow","max-snippet":"max-snippet:-1","max-image-preview":"max-image-preview:large","max-video-preview":"max-video-preview:-1"},"canonical":"https:\/\/www.vertigomotors.com\/es\/memorable-vertigo-experience-day-2020\/","og_locale":"es_ES","og_type":"article","og_title":"MEMORABLE VERTIGO EXPERIENCE DAY 2020 | Vertigo Motors","og_description":"Fin de semana memorable para la familia Vertigo. El Vertigo Experience Day fue un rotundo \u00e9xito con cerca de un centenar de personas acudiendo al Hotel Puig Franc\u00f3 y el \u00c1rea de Trial de Noassar para vivir una jornada en la que el trial brill\u00f3 con todo su esplendor. Meteorol\u00f3gicamente hablando el d\u00eda fue excepcional, [&hellip;]","og_url":"https:\/\/www.vertigomotors.com\/es\/memorable-vertigo-experience-day-2020\/","og_site_name":"Vertigo Motors","article_published_time":"2020-02-03T09:33:55+00:00","article_modified_time":"2022-04-06T10:38:01+00:00","og_image":[{"width":2000,"height":1333,"url":"https:\/\/www.vertigomotors.com\/wp-content\/uploads\/2020\/02\/vertigofamily_IMG_0094.jpg","type":"image\/jpeg"}],"author":"c473e4912d","twitter_card":"summary_large_image","twitter_misc":{"Escrito por":"c473e4912d","Tiempo de lectura":"4 minutos"},"schema":{"@context":"https:\/\/schema.org","@graph":[{"@type":"Article","@id":"https:\/\/www.vertigomotors.com\/es\/memorable-vertigo-experience-day-2020\/#article","isPartOf":{"@id":"https:\/\/www.vertigomotors.com\/es\/memorable-vertigo-experience-day-2020\/"},"author":{"name":"c473e4912d","@id":"https:\/\/www.vertigomotors.com\/es\/#\/schema\/person\/b719de825398bef0a97e1636813c1f7f"},"headline":"MEMORABLE VERTIGO EXPERIENCE DAY 2020","datePublished":"2020-02-03T09:33:55+00:00","dateModified":"2022-04-06T10:38:01+00:00","mainEntityOfPage":{"@id":"https:\/\/www.vertigomotors.com\/es\/memorable-vertigo-experience-day-2020\/"},"wordCount":582,"commentCount":0,"image":{"@id":"https:\/\/www.vertigomotors.com\/es\/memorable-vertigo-experience-day-2020\/#primaryimage"},"thumbnailUrl":"https:\/\/www.vertigomotors.com\/wp-content\/uploads\/2020\/02\/vertigofamily_IMG_0094.jpg","articleSection":["Corporativo"],"inLanguage":"es","potentialAction":[{"@type":"CommentAction","name":"Comment","target":["https:\/\/www.vertigomotors.com\/es\/memorable-vertigo-experience-day-2020\/#respond"]}]},{"@type":"WebPage","@id":"https:\/\/www.vertigomotors.com\/es\/memorable-vertigo-experience-day-2020\/","url":"https:\/\/www.vertigomotors.com\/es\/memorable-vertigo-experience-day-2020\/","name":"MEMORABLE VERTIGO EXPERIENCE DAY 2020 | Vertigo Motors","isPartOf":{"@id":"https:\/\/www.vertigomotors.com\/es\/#website"},"primaryImageOfPage":{"@id":"https:\/\/www.vertigomotors.com\/es\/memorable-vertigo-experience-day-2020\/#primaryimage"},"image":{"@id":"https:\/\/www.vertigomotors.com\/es\/memorable-vertigo-experience-day-2020\/#primaryimage"},"thumbnailUrl":"https:\/\/www.vertigomotors.com\/wp-content\/uploads\/2020\/02\/vertigofamily_IMG_0094.jpg","datePublished":"2020-02-03T09:33:55+00:00","dateModified":"2022-04-06T10:38:01+00:00","author":{"@id":"https:\/\/www.vertigomotors.com\/es\/#\/schema\/person\/b719de825398bef0a97e1636813c1f7f"},"breadcrumb":{"@id":"https:\/\/www.vertigomotors.com\/es\/memorable-vertigo-experience-day-2020\/#breadcrumb"},"inLanguage":"es","potentialAction":[{"@type":"ReadAction","target":["https:\/\/www.vertigomotors.com\/es\/memorable-vertigo-experience-day-2020\/"]}]},{"@type":"ImageObject","inLanguage":"es","@id":"https:\/\/www.vertigomotors.com\/es\/memorable-vertigo-experience-day-2020\/#primaryimage","url":"https:\/\/www.vertigomotors.com\/wp-content\/uploads\/2020\/02\/vertigofamily_IMG_0094.jpg","contentUrl":"https:\/\/www.vertigomotors.com\/wp-content\/uploads\/2020\/02\/vertigofamily_IMG_0094.jpg","width":2000,"height":1333},{"@type":"BreadcrumbList","@id":"https:\/\/www.vertigomotors.com\/es\/memorable-vertigo-experience-day-2020\/#breadcrumb","itemListElement":[{"@type":"ListItem","position":1,"name":"Inicio","item":"https:\/\/www.vertigomotors.com\/es\/"},{"@type":"ListItem","position":2,"name":"MEMORABLE VERTIGO EXPERIENCE DAY 2020"}]},{"@type":"WebSite","@id":"https:\/\/www.vertigomotors.com\/es\/#website","url":"https:\/\/www.vertigomotors.com\/es\/","name":"Vertigo Motors","description":"Vertigo Motors","potentialAction":[{"@type":"SearchAction","target":{"@type":"EntryPoint","urlTemplate":"https:\/\/www.vertigomotors.com\/es\/?s={search_term_string}"},"query-input":{"@type":"PropertyValueSpecification","valueRequired":true,"valueName":"search_term_string"}}],"inLanguage":"es"},{"@type":"Person","@id":"https:\/\/www.vertigomotors.com\/es\/#\/schema\/person\/b719de825398bef0a97e1636813c1f7f","name":"c473e4912d","image":{"@type":"ImageObject","inLanguage":"es","@id":"https:\/\/secure.gravatar.com\/avatar\/5831aec57a392b620b66f2513e656e857a96f1a327a784c56c0b7eefc4468245?s=96&d=mm&r=g","url":"https:\/\/secure.gravatar.com\/avatar\/5831aec57a392b620b66f2513e656e857a96f1a327a784c56c0b7eefc4468245?s=96&d=mm&r=g","contentUrl":"https:\/\/secure.gravatar.com\/avatar\/5831aec57a392b620b66f2513e656e857a96f1a327a784c56c0b7eefc4468245?s=96&d=mm&r=g","caption":"c473e4912d"},"sameAs":["https:\/\/www.vertigomotors.com"],"url":"https:\/\/www.vertigomotors.com\/es\/author\/c473e4912d\/"}]}},"_links":{"self":[{"href":"https:\/\/www.vertigomotors.com\/es\/wp-json\/wp\/v2\/posts\/5471","targetHints":{"allow":["GET"]}}],"collection":[{"href":"https:\/\/www.vertigomotors.com\/es\/wp-json\/wp\/v2\/posts"}],"about":[{"href":"https:\/\/www.vertigomotors.com\/es\/wp-json\/wp\/v2\/types\/post"}],"author":[{"embeddable":true,"href":"https:\/\/www.vertigomotors.com\/es\/wp-json\/wp\/v2\/users\/1"}],"replies":[{"embeddable":true,"href":"https:\/\/www.vertigomotors.com\/es\/wp-json\/wp\/v2\/comments?post=5471"}],"version-history":[{"count":2,"href":"https:\/\/www.vertigomotors.com\/es\/wp-json\/wp\/v2\/posts\/5471\/revisions"}],"predecessor-version":[{"id":8940,"href":"https:\/\/www.vertigomotors.com\/es\/wp-json\/wp\/v2\/posts\/5471\/revisions\/8940"}],"wp:featuredmedia":[{"embeddable":true,"href":"https:\/\/www.vertigomotors.com\/es\/wp-json\/wp\/v2\/media\/8937"}],"wp:attachment":[{"href":"https:\/\/www.vertigomotors.com\/es\/wp-json\/wp\/v2\/media?parent=5471"}],"wp:term":[{"taxonomy":"category","embeddable":true,"href":"https:\/\/www.vertigomotors.com\/es\/wp-json\/wp\/v2\/categories?post=5471"},{"taxonomy":"post_tag","embeddable":true,"href":"https:\/\/www.vertigomotors.com\/es\/wp-json\/wp\/v2\/tags?post=5471"}],"curies":[{"name":"wp","href":"https:\/\/api.w.org\/{rel}","templated":true}]}}