{"id":5180,"date":"2020-01-20T07:53:25","date_gmt":"2020-01-20T07:53:25","guid":{"rendered":"https:\/\/www.vertigomotors.com\/?p=5180"},"modified":"2022-04-06T10:40:53","modified_gmt":"2022-04-06T10:40:53","slug":"6o-y-7o-para-busto-y-gelabert-en-el-x-trial-de-budapest","status":"publish","type":"post","link":"https:\/\/www.vertigomotors.com\/es\/6o-y-7o-para-busto-y-gelabert-en-el-x-trial-de-budapest\/","title":{"rendered":"6\u00ba Y 7\u00ba PARA BUSTO Y GELABERT EN EL X-TRIAL DE BUDAPEST"},"content":{"rendered":"\n<p>El Mundial de X-Trial celebr\u00f3 ayer su tercera ronda de la temporada en Budapest. Jaime Busto y Miquel Gelabert, 3\u00ba y 4\u00ba respectivamente en el Mundial antes de la carrera, part\u00edan como dos de los claros aspirantes a ocupar plazas de podio tal y como hab\u00edan demostrado en las dos citas previas del certamen, algo que sin embargo&nbsp;no result\u00f3 factible, con los dos j\u00f3venes talentos de Vertigo teniendo dificultades para encontrar su ritmo habitual en unas zonas muy t\u00e9cnicas y con poco agarre.<\/p>\n\n\n\n<p>Aunque no encontr\u00f3 su mejor versi\u00f3n en Budapest, Jaime Busto&nbsp;pudo pasar el corte de la primera ronda al marcar la tercera mejor puntuaci\u00f3n de entre todos los participantes. En las semifinales, a pesar de que lo pele\u00f3 e intent\u00f3 sobreponerse a un inicio complicado, no pudo resarcirse quedando fuera del pase al marcar un total de 25 puntos y teni\u00e9ndose que conformar con el 6\u00ba lugar&nbsp;en esta tercera cita del mundial indoor. En materia de campeonato, Busto sigue en la lucha por el tercer puesto, posici\u00f3n que logr\u00f3&nbsp;retener ahora con 1 punto sobre Fajardo y 2&nbsp;sobre su compa\u00f1ero Gelabert.<\/p>\n\n\n\n<figure class=\"wp-block-image size-large\"><img decoding=\"async\" src=\"http:\/\/www.vertigomotors.com\/wp-content\/uploads\/2020\/01\/SIInWagRBGzuE6eAFYM3z5UGPmAf0vpDUVBmM7Flnf8___-1-1024x682.jpg\" alt=\"\" class=\"wp-image-5181\"\/><figcaption>Foto: X-Trial<\/figcaption><\/figure>\n\n\n\n<p>Miquel Gelabert no pudo pasar el corte de la primera ronda. Sali\u00f3 con el primer grupo de pilotos, y aunque fue de menos a m\u00e1s, los tres fiascos consecutivos en las tres primeras zonas ya fueron un lastre demasiado grande como para recuperar a pesar del 1 y el 0 que logr\u00f3 en las dos restantes. Acab\u00f3 con 16, lo que ya no le permiti\u00f3 seguir en competici\u00f3n y le dej\u00f3 en&nbsp;el 7\u00ba lugar.<\/p>\n\n\n\n<figure class=\"wp-block-image size-large\"><img decoding=\"async\" src=\"http:\/\/www.vertigomotors.com\/wp-content\/uploads\/2020\/01\/LrhoVWPX7POaMq...lEAvVNLQHN4LPITRfAgVzi...tCeKA___-1-1024x682.jpg\" alt=\"\" class=\"wp-image-5182\"\/><figcaption>Foto: X-Trial<\/figcaption><\/figure>\n\n\n\n<p>La pr\u00f3xima parada del Mundial de X-Trial ser\u00e1 el ic\u00f3nico Trial Indoor de Barcelona dentro de dos semanas, el 2 de febrero, una gran oportunidad para Busto y Gelabert de resarcirse de este dif\u00edcil X-Trial de Budapest ante su p\u00fablico.<\/p>\n","protected":false},"excerpt":{"rendered":"<p>El Mundial de X-Trial celebr\u00f3 ayer su tercera ronda de la temporada en Budapest. Jaime Busto y Miquel Gelabert, 3\u00ba y 4\u00ba respectivamente en el Mundial antes de la carrera, part\u00edan como dos de los claros aspirantes a ocupar plazas de podio tal y como hab\u00edan demostrado en las dos citas previas del certamen, algo [&hellip;]<\/p>\n","protected":false},"author":1,"featured_media":8941,"comment_status":"open","ping_status":"open","sticky":false,"template":"","format":"standard","meta":{"_et_pb_use_builder":"","_et_pb_old_content":"","_et_gb_content_width":"","inline_featured_image":false,"footnotes":""},"categories":[105,126],"tags":[],"class_list":["post-5180","post","type-post","status-publish","format-standard","has-post-thumbnail","hentry","category-corporativo","category-sin-categoria"],"yoast_head":"<!-- This site is optimized with the Yoast SEO plugin v27.5 - https:\/\/yoast.com\/product\/yoast-seo-wordpress\/ -->\n<title>6\u00ba Y 7\u00ba PARA BUSTO Y GELABERT EN EL X-TRIAL DE BUDAPEST | Vertigo Motors<\/title>\n<meta name=\"robots\" content=\"index, follow, max-snippet:-1, max-image-preview:large, max-video-preview:-1\" \/>\n<link rel=\"canonical\" href=\"https:\/\/www.vertigomotors.com\/es\/6o-y-7o-para-busto-y-gelabert-en-el-x-trial-de-budapest\/\" \/>\n<meta property=\"og:locale\" content=\"es_ES\" \/>\n<meta property=\"og:type\" content=\"article\" \/>\n<meta property=\"og:title\" content=\"6\u00ba Y 7\u00ba PARA BUSTO Y GELABERT EN EL X-TRIAL DE BUDAPEST | Vertigo Motors\" \/>\n<meta property=\"og:description\" content=\"El Mundial de X-Trial celebr\u00f3 ayer su tercera ronda de la temporada en Budapest. Jaime Busto y Miquel Gelabert, 3\u00ba y 4\u00ba respectivamente en el Mundial antes de la carrera, part\u00edan como dos de los claros aspirantes a ocupar plazas de podio tal y como hab\u00edan demostrado en las dos citas previas del certamen, algo [&hellip;]\" \/>\n<meta property=\"og:url\" content=\"https:\/\/www.vertigomotors.com\/es\/6o-y-7o-para-busto-y-gelabert-en-el-x-trial-de-budapest\/\" \/>\n<meta property=\"og:site_name\" content=\"Vertigo Motors\" \/>\n<meta property=\"article:published_time\" content=\"2020-01-20T07:53:25+00:00\" \/>\n<meta property=\"article:modified_time\" content=\"2022-04-06T10:40:53+00:00\" \/>\n<meta property=\"og:image\" content=\"https:\/\/www.vertigomotors.com\/wp-content\/uploads\/2020\/01\/SIInWagRBGzuE6eAFYM3z5UGPmAf0vpDUVBmM7Flnf8___.jpg\" \/>\n\t<meta property=\"og:image:width\" content=\"1400\" \/>\n\t<meta property=\"og:image:height\" content=\"933\" \/>\n\t<meta property=\"og:image:type\" content=\"image\/jpeg\" \/>\n<meta name=\"author\" content=\"c473e4912d\" \/>\n<meta name=\"twitter:card\" content=\"summary_large_image\" \/>\n<meta name=\"twitter:label1\" content=\"Escrito por\" \/>\n\t<meta name=\"twitter:data1\" content=\"c473e4912d\" \/>\n\t<meta name=\"twitter:label2\" content=\"Tiempo de lectura\" \/>\n\t<meta name=\"twitter:data2\" content=\"2 minutos\" \/>\n<script type=\"application\/ld+json\" class=\"yoast-schema-graph\">{\"@context\":\"https:\\\/\\\/schema.org\",\"@graph\":[{\"@type\":\"Article\",\"@id\":\"https:\\\/\\\/www.vertigomotors.com\\\/es\\\/6o-y-7o-para-busto-y-gelabert-en-el-x-trial-de-budapest\\\/#article\",\"isPartOf\":{\"@id\":\"https:\\\/\\\/www.vertigomotors.com\\\/es\\\/6o-y-7o-para-busto-y-gelabert-en-el-x-trial-de-budapest\\\/\"},\"author\":{\"name\":\"c473e4912d\",\"@id\":\"https:\\\/\\\/www.vertigomotors.com\\\/es\\\/#\\\/schema\\\/person\\\/b719de825398bef0a97e1636813c1f7f\"},\"headline\":\"6\u00ba Y 7\u00ba PARA BUSTO Y GELABERT EN EL X-TRIAL DE BUDAPEST\",\"datePublished\":\"2020-01-20T07:53:25+00:00\",\"dateModified\":\"2022-04-06T10:40:53+00:00\",\"mainEntityOfPage\":{\"@id\":\"https:\\\/\\\/www.vertigomotors.com\\\/es\\\/6o-y-7o-para-busto-y-gelabert-en-el-x-trial-de-budapest\\\/\"},\"wordCount\":326,\"commentCount\":0,\"image\":{\"@id\":\"https:\\\/\\\/www.vertigomotors.com\\\/es\\\/6o-y-7o-para-busto-y-gelabert-en-el-x-trial-de-budapest\\\/#primaryimage\"},\"thumbnailUrl\":\"https:\\\/\\\/www.vertigomotors.com\\\/wp-content\\\/uploads\\\/2020\\\/01\\\/SIInWagRBGzuE6eAFYM3z5UGPmAf0vpDUVBmM7Flnf8___.jpg\",\"articleSection\":[\"Corporativo\"],\"inLanguage\":\"es\",\"potentialAction\":[{\"@type\":\"CommentAction\",\"name\":\"Comment\",\"target\":[\"https:\\\/\\\/www.vertigomotors.com\\\/es\\\/6o-y-7o-para-busto-y-gelabert-en-el-x-trial-de-budapest\\\/#respond\"]}]},{\"@type\":\"WebPage\",\"@id\":\"https:\\\/\\\/www.vertigomotors.com\\\/es\\\/6o-y-7o-para-busto-y-gelabert-en-el-x-trial-de-budapest\\\/\",\"url\":\"https:\\\/\\\/www.vertigomotors.com\\\/es\\\/6o-y-7o-para-busto-y-gelabert-en-el-x-trial-de-budapest\\\/\",\"name\":\"6\u00ba Y 7\u00ba PARA BUSTO Y GELABERT EN EL X-TRIAL DE BUDAPEST | Vertigo Motors\",\"isPartOf\":{\"@id\":\"https:\\\/\\\/www.vertigomotors.com\\\/es\\\/#website\"},\"primaryImageOfPage\":{\"@id\":\"https:\\\/\\\/www.vertigomotors.com\\\/es\\\/6o-y-7o-para-busto-y-gelabert-en-el-x-trial-de-budapest\\\/#primaryimage\"},\"image\":{\"@id\":\"https:\\\/\\\/www.vertigomotors.com\\\/es\\\/6o-y-7o-para-busto-y-gelabert-en-el-x-trial-de-budapest\\\/#primaryimage\"},\"thumbnailUrl\":\"https:\\\/\\\/www.vertigomotors.com\\\/wp-content\\\/uploads\\\/2020\\\/01\\\/SIInWagRBGzuE6eAFYM3z5UGPmAf0vpDUVBmM7Flnf8___.jpg\",\"datePublished\":\"2020-01-20T07:53:25+00:00\",\"dateModified\":\"2022-04-06T10:40:53+00:00\",\"author\":{\"@id\":\"https:\\\/\\\/www.vertigomotors.com\\\/es\\\/#\\\/schema\\\/person\\\/b719de825398bef0a97e1636813c1f7f\"},\"breadcrumb\":{\"@id\":\"https:\\\/\\\/www.vertigomotors.com\\\/es\\\/6o-y-7o-para-busto-y-gelabert-en-el-x-trial-de-budapest\\\/#breadcrumb\"},\"inLanguage\":\"es\",\"potentialAction\":[{\"@type\":\"ReadAction\",\"target\":[\"https:\\\/\\\/www.vertigomotors.com\\\/es\\\/6o-y-7o-para-busto-y-gelabert-en-el-x-trial-de-budapest\\\/\"]}]},{\"@type\":\"ImageObject\",\"inLanguage\":\"es\",\"@id\":\"https:\\\/\\\/www.vertigomotors.com\\\/es\\\/6o-y-7o-para-busto-y-gelabert-en-el-x-trial-de-budapest\\\/#primaryimage\",\"url\":\"https:\\\/\\\/www.vertigomotors.com\\\/wp-content\\\/uploads\\\/2020\\\/01\\\/SIInWagRBGzuE6eAFYM3z5UGPmAf0vpDUVBmM7Flnf8___.jpg\",\"contentUrl\":\"https:\\\/\\\/www.vertigomotors.com\\\/wp-content\\\/uploads\\\/2020\\\/01\\\/SIInWagRBGzuE6eAFYM3z5UGPmAf0vpDUVBmM7Flnf8___.jpg\",\"width\":1400,\"height\":933},{\"@type\":\"BreadcrumbList\",\"@id\":\"https:\\\/\\\/www.vertigomotors.com\\\/es\\\/6o-y-7o-para-busto-y-gelabert-en-el-x-trial-de-budapest\\\/#breadcrumb\",\"itemListElement\":[{\"@type\":\"ListItem\",\"position\":1,\"name\":\"Inicio\",\"item\":\"https:\\\/\\\/www.vertigomotors.com\\\/es\\\/\"},{\"@type\":\"ListItem\",\"position\":2,\"name\":\"6\u00ba Y 7\u00ba PARA BUSTO Y GELABERT EN EL X-TRIAL DE BUDAPEST\"}]},{\"@type\":\"WebSite\",\"@id\":\"https:\\\/\\\/www.vertigomotors.com\\\/es\\\/#website\",\"url\":\"https:\\\/\\\/www.vertigomotors.com\\\/es\\\/\",\"name\":\"Vertigo Motors\",\"description\":\"Vertigo Motors\",\"potentialAction\":[{\"@type\":\"SearchAction\",\"target\":{\"@type\":\"EntryPoint\",\"urlTemplate\":\"https:\\\/\\\/www.vertigomotors.com\\\/es\\\/?s={search_term_string}\"},\"query-input\":{\"@type\":\"PropertyValueSpecification\",\"valueRequired\":true,\"valueName\":\"search_term_string\"}}],\"inLanguage\":\"es\"},{\"@type\":\"Person\",\"@id\":\"https:\\\/\\\/www.vertigomotors.com\\\/es\\\/#\\\/schema\\\/person\\\/b719de825398bef0a97e1636813c1f7f\",\"name\":\"c473e4912d\",\"image\":{\"@type\":\"ImageObject\",\"inLanguage\":\"es\",\"@id\":\"https:\\\/\\\/secure.gravatar.com\\\/avatar\\\/5831aec57a392b620b66f2513e656e857a96f1a327a784c56c0b7eefc4468245?s=96&d=mm&r=g\",\"url\":\"https:\\\/\\\/secure.gravatar.com\\\/avatar\\\/5831aec57a392b620b66f2513e656e857a96f1a327a784c56c0b7eefc4468245?s=96&d=mm&r=g\",\"contentUrl\":\"https:\\\/\\\/secure.gravatar.com\\\/avatar\\\/5831aec57a392b620b66f2513e656e857a96f1a327a784c56c0b7eefc4468245?s=96&d=mm&r=g\",\"caption\":\"c473e4912d\"},\"sameAs\":[\"https:\\\/\\\/www.vertigomotors.com\"],\"url\":\"https:\\\/\\\/www.vertigomotors.com\\\/es\\\/author\\\/c473e4912d\\\/\"}]}<\/script>\n<!-- \/ Yoast SEO plugin. -->","yoast_head_json":{"title":"6\u00ba Y 7\u00ba PARA BUSTO Y GELABERT EN EL X-TRIAL DE BUDAPEST | Vertigo Motors","robots":{"index":"index","follow":"follow","max-snippet":"max-snippet:-1","max-image-preview":"max-image-preview:large","max-video-preview":"max-video-preview:-1"},"canonical":"https:\/\/www.vertigomotors.com\/es\/6o-y-7o-para-busto-y-gelabert-en-el-x-trial-de-budapest\/","og_locale":"es_ES","og_type":"article","og_title":"6\u00ba Y 7\u00ba PARA BUSTO Y GELABERT EN EL X-TRIAL DE BUDAPEST | Vertigo Motors","og_description":"El Mundial de X-Trial celebr\u00f3 ayer su tercera ronda de la temporada en Budapest. Jaime Busto y Miquel Gelabert, 3\u00ba y 4\u00ba respectivamente en el Mundial antes de la carrera, part\u00edan como dos de los claros aspirantes a ocupar plazas de podio tal y como hab\u00edan demostrado en las dos citas previas del certamen, algo [&hellip;]","og_url":"https:\/\/www.vertigomotors.com\/es\/6o-y-7o-para-busto-y-gelabert-en-el-x-trial-de-budapest\/","og_site_name":"Vertigo Motors","article_published_time":"2020-01-20T07:53:25+00:00","article_modified_time":"2022-04-06T10:40:53+00:00","og_image":[{"width":1400,"height":933,"url":"https:\/\/www.vertigomotors.com\/wp-content\/uploads\/2020\/01\/SIInWagRBGzuE6eAFYM3z5UGPmAf0vpDUVBmM7Flnf8___.jpg","type":"image\/jpeg"}],"author":"c473e4912d","twitter_card":"summary_large_image","twitter_misc":{"Escrito por":"c473e4912d","Tiempo de lectura":"2 minutos"},"schema":{"@context":"https:\/\/schema.org","@graph":[{"@type":"Article","@id":"https:\/\/www.vertigomotors.com\/es\/6o-y-7o-para-busto-y-gelabert-en-el-x-trial-de-budapest\/#article","isPartOf":{"@id":"https:\/\/www.vertigomotors.com\/es\/6o-y-7o-para-busto-y-gelabert-en-el-x-trial-de-budapest\/"},"author":{"name":"c473e4912d","@id":"https:\/\/www.vertigomotors.com\/es\/#\/schema\/person\/b719de825398bef0a97e1636813c1f7f"},"headline":"6\u00ba Y 7\u00ba PARA BUSTO Y GELABERT EN EL X-TRIAL DE BUDAPEST","datePublished":"2020-01-20T07:53:25+00:00","dateModified":"2022-04-06T10:40:53+00:00","mainEntityOfPage":{"@id":"https:\/\/www.vertigomotors.com\/es\/6o-y-7o-para-busto-y-gelabert-en-el-x-trial-de-budapest\/"},"wordCount":326,"commentCount":0,"image":{"@id":"https:\/\/www.vertigomotors.com\/es\/6o-y-7o-para-busto-y-gelabert-en-el-x-trial-de-budapest\/#primaryimage"},"thumbnailUrl":"https:\/\/www.vertigomotors.com\/wp-content\/uploads\/2020\/01\/SIInWagRBGzuE6eAFYM3z5UGPmAf0vpDUVBmM7Flnf8___.jpg","articleSection":["Corporativo"],"inLanguage":"es","potentialAction":[{"@type":"CommentAction","name":"Comment","target":["https:\/\/www.vertigomotors.com\/es\/6o-y-7o-para-busto-y-gelabert-en-el-x-trial-de-budapest\/#respond"]}]},{"@type":"WebPage","@id":"https:\/\/www.vertigomotors.com\/es\/6o-y-7o-para-busto-y-gelabert-en-el-x-trial-de-budapest\/","url":"https:\/\/www.vertigomotors.com\/es\/6o-y-7o-para-busto-y-gelabert-en-el-x-trial-de-budapest\/","name":"6\u00ba Y 7\u00ba PARA BUSTO Y GELABERT EN EL X-TRIAL DE BUDAPEST | Vertigo Motors","isPartOf":{"@id":"https:\/\/www.vertigomotors.com\/es\/#website"},"primaryImageOfPage":{"@id":"https:\/\/www.vertigomotors.com\/es\/6o-y-7o-para-busto-y-gelabert-en-el-x-trial-de-budapest\/#primaryimage"},"image":{"@id":"https:\/\/www.vertigomotors.com\/es\/6o-y-7o-para-busto-y-gelabert-en-el-x-trial-de-budapest\/#primaryimage"},"thumbnailUrl":"https:\/\/www.vertigomotors.com\/wp-content\/uploads\/2020\/01\/SIInWagRBGzuE6eAFYM3z5UGPmAf0vpDUVBmM7Flnf8___.jpg","datePublished":"2020-01-20T07:53:25+00:00","dateModified":"2022-04-06T10:40:53+00:00","author":{"@id":"https:\/\/www.vertigomotors.com\/es\/#\/schema\/person\/b719de825398bef0a97e1636813c1f7f"},"breadcrumb":{"@id":"https:\/\/www.vertigomotors.com\/es\/6o-y-7o-para-busto-y-gelabert-en-el-x-trial-de-budapest\/#breadcrumb"},"inLanguage":"es","potentialAction":[{"@type":"ReadAction","target":["https:\/\/www.vertigomotors.com\/es\/6o-y-7o-para-busto-y-gelabert-en-el-x-trial-de-budapest\/"]}]},{"@type":"ImageObject","inLanguage":"es","@id":"https:\/\/www.vertigomotors.com\/es\/6o-y-7o-para-busto-y-gelabert-en-el-x-trial-de-budapest\/#primaryimage","url":"https:\/\/www.vertigomotors.com\/wp-content\/uploads\/2020\/01\/SIInWagRBGzuE6eAFYM3z5UGPmAf0vpDUVBmM7Flnf8___.jpg","contentUrl":"https:\/\/www.vertigomotors.com\/wp-content\/uploads\/2020\/01\/SIInWagRBGzuE6eAFYM3z5UGPmAf0vpDUVBmM7Flnf8___.jpg","width":1400,"height":933},{"@type":"BreadcrumbList","@id":"https:\/\/www.vertigomotors.com\/es\/6o-y-7o-para-busto-y-gelabert-en-el-x-trial-de-budapest\/#breadcrumb","itemListElement":[{"@type":"ListItem","position":1,"name":"Inicio","item":"https:\/\/www.vertigomotors.com\/es\/"},{"@type":"ListItem","position":2,"name":"6\u00ba Y 7\u00ba PARA BUSTO Y GELABERT EN EL X-TRIAL DE BUDAPEST"}]},{"@type":"WebSite","@id":"https:\/\/www.vertigomotors.com\/es\/#website","url":"https:\/\/www.vertigomotors.com\/es\/","name":"Vertigo Motors","description":"Vertigo Motors","potentialAction":[{"@type":"SearchAction","target":{"@type":"EntryPoint","urlTemplate":"https:\/\/www.vertigomotors.com\/es\/?s={search_term_string}"},"query-input":{"@type":"PropertyValueSpecification","valueRequired":true,"valueName":"search_term_string"}}],"inLanguage":"es"},{"@type":"Person","@id":"https:\/\/www.vertigomotors.com\/es\/#\/schema\/person\/b719de825398bef0a97e1636813c1f7f","name":"c473e4912d","image":{"@type":"ImageObject","inLanguage":"es","@id":"https:\/\/secure.gravatar.com\/avatar\/5831aec57a392b620b66f2513e656e857a96f1a327a784c56c0b7eefc4468245?s=96&d=mm&r=g","url":"https:\/\/secure.gravatar.com\/avatar\/5831aec57a392b620b66f2513e656e857a96f1a327a784c56c0b7eefc4468245?s=96&d=mm&r=g","contentUrl":"https:\/\/secure.gravatar.com\/avatar\/5831aec57a392b620b66f2513e656e857a96f1a327a784c56c0b7eefc4468245?s=96&d=mm&r=g","caption":"c473e4912d"},"sameAs":["https:\/\/www.vertigomotors.com"],"url":"https:\/\/www.vertigomotors.com\/es\/author\/c473e4912d\/"}]}},"_links":{"self":[{"href":"https:\/\/www.vertigomotors.com\/es\/wp-json\/wp\/v2\/posts\/5180","targetHints":{"allow":["GET"]}}],"collection":[{"href":"https:\/\/www.vertigomotors.com\/es\/wp-json\/wp\/v2\/posts"}],"about":[{"href":"https:\/\/www.vertigomotors.com\/es\/wp-json\/wp\/v2\/types\/post"}],"author":[{"embeddable":true,"href":"https:\/\/www.vertigomotors.com\/es\/wp-json\/wp\/v2\/users\/1"}],"replies":[{"embeddable":true,"href":"https:\/\/www.vertigomotors.com\/es\/wp-json\/wp\/v2\/comments?post=5180"}],"version-history":[{"count":1,"href":"https:\/\/www.vertigomotors.com\/es\/wp-json\/wp\/v2\/posts\/5180\/revisions"}],"predecessor-version":[{"id":8503,"href":"https:\/\/www.vertigomotors.com\/es\/wp-json\/wp\/v2\/posts\/5180\/revisions\/8503"}],"wp:featuredmedia":[{"embeddable":true,"href":"https:\/\/www.vertigomotors.com\/es\/wp-json\/wp\/v2\/media\/8941"}],"wp:attachment":[{"href":"https:\/\/www.vertigomotors.com\/es\/wp-json\/wp\/v2\/media?parent=5180"}],"wp:term":[{"taxonomy":"category","embeddable":true,"href":"https:\/\/www.vertigomotors.com\/es\/wp-json\/wp\/v2\/categories?post=5180"},{"taxonomy":"post_tag","embeddable":true,"href":"https:\/\/www.vertigomotors.com\/es\/wp-json\/wp\/v2\/tags?post=5180"}],"curies":[{"name":"wp","href":"https:\/\/api.w.org\/{rel}","templated":true}]}}