{"id":4787,"date":"2020-01-14T15:47:35","date_gmt":"2020-01-14T15:47:35","guid":{"rendered":"https:\/\/www.vertigomotors.com\/?p=4787"},"modified":"2022-03-29T11:17:49","modified_gmt":"2022-03-29T11:17:49","slug":"vertigo-experience-day-1-de-febrero","status":"publish","type":"post","link":"https:\/\/www.vertigomotors.com\/es\/vertigo-experience-day-1-de-febrero\/","title":{"rendered":"VERTIGO EXPERIENCE DAY &#8211; 1 de FEBRERO-"},"content":{"rendered":"\n<p>Despu\u00e9s de una pretemporada que est\u00e1 generando muchas y grandes novedades en el seno del equipo oficial Vertigo, la marca verde quiere invitar a todos sus clientes a la jornada de presentaci\u00f3n de su equipo Factory 2020, con todos los pilotos presentes incluyendo los integrantes de las escuadras Vertigo\u00a0en los campeonatos Nacionales de Gran Breta\u00f1a, Francia, Alemania, Italia, Jap\u00f3n, Irlanda, Austria, Estados Unidos, entre otros.<\/p>\n\n\n<p>La jornada se desarrollar\u00e1 con un almuerzo al que todos los asistentes estar\u00e1n invitados, y con una posterior exhibici\u00f3n por parte de los pilotos Factory Jaime Busto, los hermanos Gelabert, Berta Abell\u00e1n, Lorenzo Gandola, Hugo Dufrese y Pau Mart\u00ednez, con quiz\u00e1, alguna sorpresa m\u00e1s. No se perder\u00e1 la cita el doce veces Campe\u00f3n del Mundo y embajador Vertigo Dougie Lampkin.<\/p>\n\n\n<figure class=\"wp-block-image size-large\"><img decoding=\"async\" src=\"http:\/\/www.vertigomotors.com\/wp-content\/uploads\/2020\/01\/event-1-1024x683.jpg\" alt=\"\" class=\"wp-image-4788\"\/><\/figure>\n\n\n<p>El evento est\u00e1 abierto tanto para clientes Vertigo, que si vienen con su propia moto podr\u00e1n realizar una peque\u00f1a vuelta alrededor de las instalaciones del Hotel Puig Franc\u00f3 y el \u00c1rea de Trial Noassar, como para cualquier aficionado&nbsp;al&nbsp;trial, con o sin moto propia, que podr\u00e1&nbsp;acercarse y aunque en su caso no podr\u00e1&nbsp;rodar, si que tendr\u00e1 libre acceso a pie&nbsp;a la zona de exhibici\u00f3n para ver en directo a los pilotos.<\/p>\n\n\n<p>Toda la&nbsp;actividad se desarrollar\u00e1 en las inmediaciones del Hotel Puig Franc\u00f3, con la exhibici\u00f3n de los pilotos prevista donde se prepar\u00f3 el \u00e1rea de entrenamiento para el Mundial de TrialGP, a escasos 5 minutos a pie del hotel. Habr\u00e1 almuerzo gratuito y obsequios para todos los asistentes adem\u00e1s de sortearse 4 entradas entre los asistentes para el Indoor de Barcelona, que se celebrar\u00e1 justo el d\u00eda despu\u00e9s, 2 de febrero, en el Palau Sant Jordi y donde Vertigo tendr\u00e1 compitiendo a Jaime Busto y Miquel Gelabert.<\/p>\n\n\n<p>Para m\u00e1s informaci\u00f3n y reservas los aficionados pueden contactar con el Hotel Puig Franc\u00f3:&nbsp;<strong>972 740 971 (hotel) o&nbsp;972 740 023 (restaurante)<\/strong>,&nbsp;tambi\u00e9n por correo electr\u00f3nico:<strong>&nbsp;info@puigfranco.es.<\/strong><\/p>\n","protected":false},"excerpt":{"rendered":"<p>Despu\u00e9s de una pretemporada que est\u00e1 generando muchas y grandes novedades en el seno del equipo oficial Vertigo, la marca verde quiere invitar a todos sus clientes a la jornada de presentaci\u00f3n de su equipo Factory 2020, con todos los pilotos presentes incluyendo los integrantes de las escuadras Vertigo\u00a0en los campeonatos Nacionales de Gran Breta\u00f1a, [&hellip;]<\/p>\n","protected":false},"author":1,"featured_media":4784,"comment_status":"open","ping_status":"open","sticky":false,"template":"","format":"standard","meta":{"_et_pb_use_builder":"","_et_pb_old_content":"","_et_gb_content_width":"","inline_featured_image":false,"footnotes":""},"categories":[105,126],"tags":[],"class_list":["post-4787","post","type-post","status-publish","format-standard","has-post-thumbnail","hentry","category-corporativo","category-sin-categoria"],"yoast_head":"<!-- This site is optimized with the Yoast SEO plugin v27.5 - https:\/\/yoast.com\/product\/yoast-seo-wordpress\/ -->\n<title>VERTIGO EXPERIENCE DAY - 1 de FEBRERO- | Vertigo Motors<\/title>\n<meta name=\"robots\" content=\"index, follow, max-snippet:-1, max-image-preview:large, max-video-preview:-1\" \/>\n<link rel=\"canonical\" href=\"https:\/\/www.vertigomotors.com\/es\/vertigo-experience-day-1-de-febrero\/\" \/>\n<meta property=\"og:locale\" content=\"es_ES\" \/>\n<meta property=\"og:type\" content=\"article\" \/>\n<meta property=\"og:title\" content=\"VERTIGO EXPERIENCE DAY - 1 de FEBRERO- | Vertigo Motors\" \/>\n<meta property=\"og:description\" content=\"Despu\u00e9s de una pretemporada que est\u00e1 generando muchas y grandes novedades en el seno del equipo oficial Vertigo, la marca verde quiere invitar a todos sus clientes a la jornada de presentaci\u00f3n de su equipo Factory 2020, con todos los pilotos presentes incluyendo los integrantes de las escuadras Vertigo\u00a0en los campeonatos Nacionales de Gran Breta\u00f1a, [&hellip;]\" \/>\n<meta property=\"og:url\" content=\"https:\/\/www.vertigomotors.com\/es\/vertigo-experience-day-1-de-febrero\/\" \/>\n<meta property=\"og:site_name\" content=\"Vertigo Motors\" \/>\n<meta property=\"article:published_time\" content=\"2020-01-14T15:47:35+00:00\" \/>\n<meta property=\"article:modified_time\" content=\"2022-03-29T11:17:49+00:00\" \/>\n<meta name=\"author\" content=\"c473e4912d\" \/>\n<meta name=\"twitter:card\" content=\"summary_large_image\" \/>\n<meta name=\"twitter:label1\" content=\"Escrito por\" \/>\n\t<meta name=\"twitter:data1\" content=\"c473e4912d\" \/>\n\t<meta name=\"twitter:label2\" content=\"Tiempo de lectura\" \/>\n\t<meta name=\"twitter:data2\" content=\"2 minutos\" \/>\n<script type=\"application\/ld+json\" class=\"yoast-schema-graph\">{\"@context\":\"https:\\\/\\\/schema.org\",\"@graph\":[{\"@type\":\"Article\",\"@id\":\"https:\\\/\\\/www.vertigomotors.com\\\/es\\\/vertigo-experience-day-1-de-febrero\\\/#article\",\"isPartOf\":{\"@id\":\"https:\\\/\\\/www.vertigomotors.com\\\/es\\\/vertigo-experience-day-1-de-febrero\\\/\"},\"author\":{\"name\":\"c473e4912d\",\"@id\":\"https:\\\/\\\/www.vertigomotors.com\\\/es\\\/#\\\/schema\\\/person\\\/b719de825398bef0a97e1636813c1f7f\"},\"headline\":\"VERTIGO EXPERIENCE DAY &#8211; 1 de FEBRERO-\",\"datePublished\":\"2020-01-14T15:47:35+00:00\",\"dateModified\":\"2022-03-29T11:17:49+00:00\",\"mainEntityOfPage\":{\"@id\":\"https:\\\/\\\/www.vertigomotors.com\\\/es\\\/vertigo-experience-day-1-de-febrero\\\/\"},\"wordCount\":345,\"commentCount\":0,\"image\":{\"@id\":\"https:\\\/\\\/www.vertigomotors.com\\\/es\\\/vertigo-experience-day-1-de-febrero\\\/#primaryimage\"},\"thumbnailUrl\":\"\",\"articleSection\":[\"Corporativo\"],\"inLanguage\":\"es\",\"potentialAction\":[{\"@type\":\"CommentAction\",\"name\":\"Comment\",\"target\":[\"https:\\\/\\\/www.vertigomotors.com\\\/es\\\/vertigo-experience-day-1-de-febrero\\\/#respond\"]}]},{\"@type\":\"WebPage\",\"@id\":\"https:\\\/\\\/www.vertigomotors.com\\\/es\\\/vertigo-experience-day-1-de-febrero\\\/\",\"url\":\"https:\\\/\\\/www.vertigomotors.com\\\/es\\\/vertigo-experience-day-1-de-febrero\\\/\",\"name\":\"VERTIGO EXPERIENCE DAY - 1 de FEBRERO- | Vertigo Motors\",\"isPartOf\":{\"@id\":\"https:\\\/\\\/www.vertigomotors.com\\\/es\\\/#website\"},\"primaryImageOfPage\":{\"@id\":\"https:\\\/\\\/www.vertigomotors.com\\\/es\\\/vertigo-experience-day-1-de-febrero\\\/#primaryimage\"},\"image\":{\"@id\":\"https:\\\/\\\/www.vertigomotors.com\\\/es\\\/vertigo-experience-day-1-de-febrero\\\/#primaryimage\"},\"thumbnailUrl\":\"\",\"datePublished\":\"2020-01-14T15:47:35+00:00\",\"dateModified\":\"2022-03-29T11:17:49+00:00\",\"author\":{\"@id\":\"https:\\\/\\\/www.vertigomotors.com\\\/es\\\/#\\\/schema\\\/person\\\/b719de825398bef0a97e1636813c1f7f\"},\"breadcrumb\":{\"@id\":\"https:\\\/\\\/www.vertigomotors.com\\\/es\\\/vertigo-experience-day-1-de-febrero\\\/#breadcrumb\"},\"inLanguage\":\"es\",\"potentialAction\":[{\"@type\":\"ReadAction\",\"target\":[\"https:\\\/\\\/www.vertigomotors.com\\\/es\\\/vertigo-experience-day-1-de-febrero\\\/\"]}]},{\"@type\":\"ImageObject\",\"inLanguage\":\"es\",\"@id\":\"https:\\\/\\\/www.vertigomotors.com\\\/es\\\/vertigo-experience-day-1-de-febrero\\\/#primaryimage\",\"url\":\"\",\"contentUrl\":\"\"},{\"@type\":\"BreadcrumbList\",\"@id\":\"https:\\\/\\\/www.vertigomotors.com\\\/es\\\/vertigo-experience-day-1-de-febrero\\\/#breadcrumb\",\"itemListElement\":[{\"@type\":\"ListItem\",\"position\":1,\"name\":\"Inicio\",\"item\":\"https:\\\/\\\/www.vertigomotors.com\\\/es\\\/\"},{\"@type\":\"ListItem\",\"position\":2,\"name\":\"VERTIGO EXPERIENCE DAY &#8211; 1 de FEBRERO-\"}]},{\"@type\":\"WebSite\",\"@id\":\"https:\\\/\\\/www.vertigomotors.com\\\/es\\\/#website\",\"url\":\"https:\\\/\\\/www.vertigomotors.com\\\/es\\\/\",\"name\":\"Vertigo Motors\",\"description\":\"Vertigo Motors\",\"potentialAction\":[{\"@type\":\"SearchAction\",\"target\":{\"@type\":\"EntryPoint\",\"urlTemplate\":\"https:\\\/\\\/www.vertigomotors.com\\\/es\\\/?s={search_term_string}\"},\"query-input\":{\"@type\":\"PropertyValueSpecification\",\"valueRequired\":true,\"valueName\":\"search_term_string\"}}],\"inLanguage\":\"es\"},{\"@type\":\"Person\",\"@id\":\"https:\\\/\\\/www.vertigomotors.com\\\/es\\\/#\\\/schema\\\/person\\\/b719de825398bef0a97e1636813c1f7f\",\"name\":\"c473e4912d\",\"image\":{\"@type\":\"ImageObject\",\"inLanguage\":\"es\",\"@id\":\"https:\\\/\\\/secure.gravatar.com\\\/avatar\\\/5831aec57a392b620b66f2513e656e857a96f1a327a784c56c0b7eefc4468245?s=96&d=mm&r=g\",\"url\":\"https:\\\/\\\/secure.gravatar.com\\\/avatar\\\/5831aec57a392b620b66f2513e656e857a96f1a327a784c56c0b7eefc4468245?s=96&d=mm&r=g\",\"contentUrl\":\"https:\\\/\\\/secure.gravatar.com\\\/avatar\\\/5831aec57a392b620b66f2513e656e857a96f1a327a784c56c0b7eefc4468245?s=96&d=mm&r=g\",\"caption\":\"c473e4912d\"},\"sameAs\":[\"https:\\\/\\\/www.vertigomotors.com\"],\"url\":\"https:\\\/\\\/www.vertigomotors.com\\\/es\\\/author\\\/c473e4912d\\\/\"}]}<\/script>\n<!-- \/ Yoast SEO plugin. -->","yoast_head_json":{"title":"VERTIGO EXPERIENCE DAY - 1 de FEBRERO- | Vertigo Motors","robots":{"index":"index","follow":"follow","max-snippet":"max-snippet:-1","max-image-preview":"max-image-preview:large","max-video-preview":"max-video-preview:-1"},"canonical":"https:\/\/www.vertigomotors.com\/es\/vertigo-experience-day-1-de-febrero\/","og_locale":"es_ES","og_type":"article","og_title":"VERTIGO EXPERIENCE DAY - 1 de FEBRERO- | Vertigo Motors","og_description":"Despu\u00e9s de una pretemporada que est\u00e1 generando muchas y grandes novedades en el seno del equipo oficial Vertigo, la marca verde quiere invitar a todos sus clientes a la jornada de presentaci\u00f3n de su equipo Factory 2020, con todos los pilotos presentes incluyendo los integrantes de las escuadras Vertigo\u00a0en los campeonatos Nacionales de Gran Breta\u00f1a, [&hellip;]","og_url":"https:\/\/www.vertigomotors.com\/es\/vertigo-experience-day-1-de-febrero\/","og_site_name":"Vertigo Motors","article_published_time":"2020-01-14T15:47:35+00:00","article_modified_time":"2022-03-29T11:17:49+00:00","author":"c473e4912d","twitter_card":"summary_large_image","twitter_misc":{"Escrito por":"c473e4912d","Tiempo de lectura":"2 minutos"},"schema":{"@context":"https:\/\/schema.org","@graph":[{"@type":"Article","@id":"https:\/\/www.vertigomotors.com\/es\/vertigo-experience-day-1-de-febrero\/#article","isPartOf":{"@id":"https:\/\/www.vertigomotors.com\/es\/vertigo-experience-day-1-de-febrero\/"},"author":{"name":"c473e4912d","@id":"https:\/\/www.vertigomotors.com\/es\/#\/schema\/person\/b719de825398bef0a97e1636813c1f7f"},"headline":"VERTIGO EXPERIENCE DAY &#8211; 1 de FEBRERO-","datePublished":"2020-01-14T15:47:35+00:00","dateModified":"2022-03-29T11:17:49+00:00","mainEntityOfPage":{"@id":"https:\/\/www.vertigomotors.com\/es\/vertigo-experience-day-1-de-febrero\/"},"wordCount":345,"commentCount":0,"image":{"@id":"https:\/\/www.vertigomotors.com\/es\/vertigo-experience-day-1-de-febrero\/#primaryimage"},"thumbnailUrl":"","articleSection":["Corporativo"],"inLanguage":"es","potentialAction":[{"@type":"CommentAction","name":"Comment","target":["https:\/\/www.vertigomotors.com\/es\/vertigo-experience-day-1-de-febrero\/#respond"]}]},{"@type":"WebPage","@id":"https:\/\/www.vertigomotors.com\/es\/vertigo-experience-day-1-de-febrero\/","url":"https:\/\/www.vertigomotors.com\/es\/vertigo-experience-day-1-de-febrero\/","name":"VERTIGO EXPERIENCE DAY - 1 de FEBRERO- | Vertigo Motors","isPartOf":{"@id":"https:\/\/www.vertigomotors.com\/es\/#website"},"primaryImageOfPage":{"@id":"https:\/\/www.vertigomotors.com\/es\/vertigo-experience-day-1-de-febrero\/#primaryimage"},"image":{"@id":"https:\/\/www.vertigomotors.com\/es\/vertigo-experience-day-1-de-febrero\/#primaryimage"},"thumbnailUrl":"","datePublished":"2020-01-14T15:47:35+00:00","dateModified":"2022-03-29T11:17:49+00:00","author":{"@id":"https:\/\/www.vertigomotors.com\/es\/#\/schema\/person\/b719de825398bef0a97e1636813c1f7f"},"breadcrumb":{"@id":"https:\/\/www.vertigomotors.com\/es\/vertigo-experience-day-1-de-febrero\/#breadcrumb"},"inLanguage":"es","potentialAction":[{"@type":"ReadAction","target":["https:\/\/www.vertigomotors.com\/es\/vertigo-experience-day-1-de-febrero\/"]}]},{"@type":"ImageObject","inLanguage":"es","@id":"https:\/\/www.vertigomotors.com\/es\/vertigo-experience-day-1-de-febrero\/#primaryimage","url":"","contentUrl":""},{"@type":"BreadcrumbList","@id":"https:\/\/www.vertigomotors.com\/es\/vertigo-experience-day-1-de-febrero\/#breadcrumb","itemListElement":[{"@type":"ListItem","position":1,"name":"Inicio","item":"https:\/\/www.vertigomotors.com\/es\/"},{"@type":"ListItem","position":2,"name":"VERTIGO EXPERIENCE DAY &#8211; 1 de FEBRERO-"}]},{"@type":"WebSite","@id":"https:\/\/www.vertigomotors.com\/es\/#website","url":"https:\/\/www.vertigomotors.com\/es\/","name":"Vertigo Motors","description":"Vertigo Motors","potentialAction":[{"@type":"SearchAction","target":{"@type":"EntryPoint","urlTemplate":"https:\/\/www.vertigomotors.com\/es\/?s={search_term_string}"},"query-input":{"@type":"PropertyValueSpecification","valueRequired":true,"valueName":"search_term_string"}}],"inLanguage":"es"},{"@type":"Person","@id":"https:\/\/www.vertigomotors.com\/es\/#\/schema\/person\/b719de825398bef0a97e1636813c1f7f","name":"c473e4912d","image":{"@type":"ImageObject","inLanguage":"es","@id":"https:\/\/secure.gravatar.com\/avatar\/5831aec57a392b620b66f2513e656e857a96f1a327a784c56c0b7eefc4468245?s=96&d=mm&r=g","url":"https:\/\/secure.gravatar.com\/avatar\/5831aec57a392b620b66f2513e656e857a96f1a327a784c56c0b7eefc4468245?s=96&d=mm&r=g","contentUrl":"https:\/\/secure.gravatar.com\/avatar\/5831aec57a392b620b66f2513e656e857a96f1a327a784c56c0b7eefc4468245?s=96&d=mm&r=g","caption":"c473e4912d"},"sameAs":["https:\/\/www.vertigomotors.com"],"url":"https:\/\/www.vertigomotors.com\/es\/author\/c473e4912d\/"}]}},"_links":{"self":[{"href":"https:\/\/www.vertigomotors.com\/es\/wp-json\/wp\/v2\/posts\/4787","targetHints":{"allow":["GET"]}}],"collection":[{"href":"https:\/\/www.vertigomotors.com\/es\/wp-json\/wp\/v2\/posts"}],"about":[{"href":"https:\/\/www.vertigomotors.com\/es\/wp-json\/wp\/v2\/types\/post"}],"author":[{"embeddable":true,"href":"https:\/\/www.vertigomotors.com\/es\/wp-json\/wp\/v2\/users\/1"}],"replies":[{"embeddable":true,"href":"https:\/\/www.vertigomotors.com\/es\/wp-json\/wp\/v2\/comments?post=4787"}],"version-history":[{"count":1,"href":"https:\/\/www.vertigomotors.com\/es\/wp-json\/wp\/v2\/posts\/4787\/revisions"}],"predecessor-version":[{"id":8504,"href":"https:\/\/www.vertigomotors.com\/es\/wp-json\/wp\/v2\/posts\/4787\/revisions\/8504"}],"wp:featuredmedia":[{"embeddable":true,"href":"https:\/\/www.vertigomotors.com\/es\/wp-json\/"}],"wp:attachment":[{"href":"https:\/\/www.vertigomotors.com\/es\/wp-json\/wp\/v2\/media?parent=4787"}],"wp:term":[{"taxonomy":"category","embeddable":true,"href":"https:\/\/www.vertigomotors.com\/es\/wp-json\/wp\/v2\/categories?post=4787"},{"taxonomy":"post_tag","embeddable":true,"href":"https:\/\/www.vertigomotors.com\/es\/wp-json\/wp\/v2\/tags?post=4787"}],"curies":[{"name":"wp","href":"https:\/\/api.w.org\/{rel}","templated":true}]}}