{"id":4639,"date":"2020-01-02T15:03:39","date_gmt":"2020-01-02T15:03:39","guid":{"rendered":"https:\/\/www.vertigomotors.com\/?p=4639"},"modified":"2022-04-06T10:44:53","modified_gmt":"2022-04-06T10:44:53","slug":"vertigo-y-gro-firman-la-mezcla-perfecta","status":"publish","type":"post","link":"https:\/\/www.vertigomotors.com\/es\/vertigo-y-gro-firman-la-mezcla-perfecta\/","title":{"rendered":"VERTIGO Y GRO FIRMAN LA MEZCLA PERFECTA"},"content":{"rendered":"\n<p>Vertigo se congratula de poder anunciar oficialmente el&nbsp;acuerdo alcanzado con GRO (Global Racing Oil), nuevo proveedor de lubricantes para el equipo de f\u00e1brica en el Mundial de TrialGP, para las escuadras nacionales Vertigo en los distintos Campeonatos dom\u00e9sticos y los modelos de producci\u00f3n de la marca<strong>.<\/strong>&nbsp;El acuerdo qued\u00f3 ratificado en las oficinas de Vertigo con la firma de los&nbsp;CEO de ambas marcas, Manel Jan\u00e9 y Xavier Brugarolas. GRO figura en la actualidad como una de las grandes referencias en el sector de los lubricantes y los productos de mantenimiento para la automoci\u00f3n, con una amplia experiencia en el sector y con la competici\u00f3n como una&nbsp;de sus m\u00e1s firmes apuestas para seguir desarrollando sus&nbsp;productos.<\/p>\n\n\n\n<p>Precisamente en materia de competici\u00f3n, los pilotos Vertigo se beneficiar\u00e1n de unos lubricantes de \u00faltima generaci\u00f3n que les permitir\u00e1n exprimir al m\u00e1ximo las cualidades de sus Vertical, incidiendo especialmente en la entrega de potencia del motor 2T de inyecci\u00f3n exclusivo Vertigo, en una mayor y mejor&nbsp;protecci\u00f3n de los distintos componentes, en&nbsp;el mantenimiento eficaz del cambio&nbsp;y especialmente importante en el trial, en la consecuci\u00f3n de un&nbsp;tacto de embrague preciso y suave con el que transferir&nbsp;de forma a\u00fan m\u00e1s depurada las \u00f3rdenes del piloto a la motocicleta.<\/p>\n\n\n\n<p>GRO tambi\u00e9n ser\u00e1 el lubricante encargado de ba\u00f1ar los distintos modelos Vertigo disponibles a escala nacional e internacional&nbsp;a trav\u00e9s de los numerosos concesionarios e importadores de la marca. De este modo,&nbsp;no s\u00f3lo se beneficiar\u00e1n de sus ventajas los pilotos de f\u00e1brica, sino tambi\u00e9n todos los aficionados al trial&nbsp;por medio de sus&nbsp;respectivos talleres de confianza.<\/p>\n\n\n\n<p><strong>Manel Jan\u00e9, CEO Vertigo:<\/strong>&nbsp;\u00ab<em>Desde Vertigo queremos expresar nuestra gran satisfacci\u00f3n por haber alcanzado este positivo acuerdo. Contar con GRO nos permite&nbsp;dar un salto cualitativo en materia de competici\u00f3n, al mismo tiempo que&nbsp;garantiza la mejora de la calidad de nuestras motos de producci\u00f3n gracias a un producto&nbsp;fiable y de \u00faltima generaci\u00f3n.<\/em>\u00ab<\/p>\n\n\n\n<p><strong>Xavier Brugarolas, CEO GRO: \u00ab<\/strong><em>Para GRO es un \u00e9xito desarrollar, junto a Vertigo, los lubricantes de competici\u00f3n que completar\u00e1n y mejorar\u00e1n todos los productos de nuestra gama Moto. Adem\u00e1s, hacerlo en un Campeonato como el Mundial de TrialGP y en uno de los equipos de referencia es sin duda una gran oportunidad para nosotros.\u00bb<\/em><\/p>\n\n\n\n<p>Para m\u00e1s informaci\u00f3n sobre GRO y sus productos pod\u00e9is consultar su p\u00e1gina web:&nbsp;<strong><a href=\"https:\/\/www.globalracingoil.com\/\">https:\/\/www.globalracingoil.com\/<\/a>.<\/strong><\/p>\n","protected":false},"excerpt":{"rendered":"<p>Vertigo se congratula de poder anunciar oficialmente el&nbsp;acuerdo alcanzado con GRO (Global Racing Oil), nuevo proveedor de lubricantes para el equipo de f\u00e1brica en el Mundial de TrialGP, para las escuadras nacionales Vertigo en los distintos Campeonatos dom\u00e9sticos y los modelos de producci\u00f3n de la marca.&nbsp;El acuerdo qued\u00f3 ratificado en las oficinas de Vertigo con [&hellip;]<\/p>\n","protected":false},"author":1,"featured_media":8944,"comment_status":"open","ping_status":"open","sticky":false,"template":"","format":"standard","meta":{"_et_pb_use_builder":"","_et_pb_old_content":"","_et_gb_content_width":"","inline_featured_image":false,"footnotes":""},"categories":[105,126],"tags":[],"class_list":["post-4639","post","type-post","status-publish","format-standard","has-post-thumbnail","hentry","category-corporativo","category-sin-categoria"],"yoast_head":"<!-- This site is optimized with the Yoast SEO plugin v27.5 - https:\/\/yoast.com\/product\/yoast-seo-wordpress\/ -->\n<title>VERTIGO Y GRO FIRMAN LA MEZCLA PERFECTA | Vertigo Motors<\/title>\n<meta name=\"robots\" content=\"index, follow, max-snippet:-1, max-image-preview:large, max-video-preview:-1\" \/>\n<link rel=\"canonical\" href=\"https:\/\/www.vertigomotors.com\/es\/vertigo-y-gro-firman-la-mezcla-perfecta\/\" \/>\n<meta property=\"og:locale\" content=\"es_ES\" \/>\n<meta property=\"og:type\" content=\"article\" \/>\n<meta property=\"og:title\" content=\"VERTIGO Y GRO FIRMAN LA MEZCLA PERFECTA | Vertigo Motors\" \/>\n<meta property=\"og:description\" content=\"Vertigo se congratula de poder anunciar oficialmente el&nbsp;acuerdo alcanzado con GRO (Global Racing Oil), nuevo proveedor de lubricantes para el equipo de f\u00e1brica en el Mundial de TrialGP, para las escuadras nacionales Vertigo en los distintos Campeonatos dom\u00e9sticos y los modelos de producci\u00f3n de la marca.&nbsp;El acuerdo qued\u00f3 ratificado en las oficinas de Vertigo con [&hellip;]\" \/>\n<meta property=\"og:url\" content=\"https:\/\/www.vertigomotors.com\/es\/vertigo-y-gro-firman-la-mezcla-perfecta\/\" \/>\n<meta property=\"og:site_name\" content=\"Vertigo Motors\" \/>\n<meta property=\"article:published_time\" content=\"2020-01-02T15:03:39+00:00\" \/>\n<meta property=\"article:modified_time\" content=\"2022-04-06T10:44:53+00:00\" \/>\n<meta property=\"og:image\" content=\"https:\/\/www.vertigomotors.com\/wp-content\/uploads\/2020\/01\/vertigo-gro_.jpg\" \/>\n\t<meta property=\"og:image:width\" content=\"1500\" \/>\n\t<meta property=\"og:image:height\" content=\"1123\" \/>\n\t<meta property=\"og:image:type\" content=\"image\/jpeg\" \/>\n<meta name=\"author\" content=\"c473e4912d\" \/>\n<meta name=\"twitter:card\" content=\"summary_large_image\" \/>\n<meta name=\"twitter:label1\" content=\"Escrito por\" \/>\n\t<meta name=\"twitter:data1\" content=\"c473e4912d\" \/>\n\t<meta name=\"twitter:label2\" content=\"Tiempo de lectura\" \/>\n\t<meta name=\"twitter:data2\" content=\"2 minutos\" \/>\n<script type=\"application\/ld+json\" class=\"yoast-schema-graph\">{\"@context\":\"https:\\\/\\\/schema.org\",\"@graph\":[{\"@type\":\"Article\",\"@id\":\"https:\\\/\\\/www.vertigomotors.com\\\/es\\\/vertigo-y-gro-firman-la-mezcla-perfecta\\\/#article\",\"isPartOf\":{\"@id\":\"https:\\\/\\\/www.vertigomotors.com\\\/es\\\/vertigo-y-gro-firman-la-mezcla-perfecta\\\/\"},\"author\":{\"name\":\"c473e4912d\",\"@id\":\"https:\\\/\\\/www.vertigomotors.com\\\/es\\\/#\\\/schema\\\/person\\\/b719de825398bef0a97e1636813c1f7f\"},\"headline\":\"VERTIGO Y GRO FIRMAN LA MEZCLA PERFECTA\",\"datePublished\":\"2020-01-02T15:03:39+00:00\",\"dateModified\":\"2022-04-06T10:44:53+00:00\",\"mainEntityOfPage\":{\"@id\":\"https:\\\/\\\/www.vertigomotors.com\\\/es\\\/vertigo-y-gro-firman-la-mezcla-perfecta\\\/\"},\"wordCount\":452,\"commentCount\":0,\"image\":{\"@id\":\"https:\\\/\\\/www.vertigomotors.com\\\/es\\\/vertigo-y-gro-firman-la-mezcla-perfecta\\\/#primaryimage\"},\"thumbnailUrl\":\"https:\\\/\\\/www.vertigomotors.com\\\/wp-content\\\/uploads\\\/2020\\\/01\\\/vertigo-gro_.jpg\",\"articleSection\":[\"Corporativo\"],\"inLanguage\":\"es\",\"potentialAction\":[{\"@type\":\"CommentAction\",\"name\":\"Comment\",\"target\":[\"https:\\\/\\\/www.vertigomotors.com\\\/es\\\/vertigo-y-gro-firman-la-mezcla-perfecta\\\/#respond\"]}]},{\"@type\":\"WebPage\",\"@id\":\"https:\\\/\\\/www.vertigomotors.com\\\/es\\\/vertigo-y-gro-firman-la-mezcla-perfecta\\\/\",\"url\":\"https:\\\/\\\/www.vertigomotors.com\\\/es\\\/vertigo-y-gro-firman-la-mezcla-perfecta\\\/\",\"name\":\"VERTIGO Y GRO FIRMAN LA MEZCLA PERFECTA | Vertigo Motors\",\"isPartOf\":{\"@id\":\"https:\\\/\\\/www.vertigomotors.com\\\/es\\\/#website\"},\"primaryImageOfPage\":{\"@id\":\"https:\\\/\\\/www.vertigomotors.com\\\/es\\\/vertigo-y-gro-firman-la-mezcla-perfecta\\\/#primaryimage\"},\"image\":{\"@id\":\"https:\\\/\\\/www.vertigomotors.com\\\/es\\\/vertigo-y-gro-firman-la-mezcla-perfecta\\\/#primaryimage\"},\"thumbnailUrl\":\"https:\\\/\\\/www.vertigomotors.com\\\/wp-content\\\/uploads\\\/2020\\\/01\\\/vertigo-gro_.jpg\",\"datePublished\":\"2020-01-02T15:03:39+00:00\",\"dateModified\":\"2022-04-06T10:44:53+00:00\",\"author\":{\"@id\":\"https:\\\/\\\/www.vertigomotors.com\\\/es\\\/#\\\/schema\\\/person\\\/b719de825398bef0a97e1636813c1f7f\"},\"breadcrumb\":{\"@id\":\"https:\\\/\\\/www.vertigomotors.com\\\/es\\\/vertigo-y-gro-firman-la-mezcla-perfecta\\\/#breadcrumb\"},\"inLanguage\":\"es\",\"potentialAction\":[{\"@type\":\"ReadAction\",\"target\":[\"https:\\\/\\\/www.vertigomotors.com\\\/es\\\/vertigo-y-gro-firman-la-mezcla-perfecta\\\/\"]}]},{\"@type\":\"ImageObject\",\"inLanguage\":\"es\",\"@id\":\"https:\\\/\\\/www.vertigomotors.com\\\/es\\\/vertigo-y-gro-firman-la-mezcla-perfecta\\\/#primaryimage\",\"url\":\"https:\\\/\\\/www.vertigomotors.com\\\/wp-content\\\/uploads\\\/2020\\\/01\\\/vertigo-gro_.jpg\",\"contentUrl\":\"https:\\\/\\\/www.vertigomotors.com\\\/wp-content\\\/uploads\\\/2020\\\/01\\\/vertigo-gro_.jpg\",\"width\":1500,\"height\":1123},{\"@type\":\"BreadcrumbList\",\"@id\":\"https:\\\/\\\/www.vertigomotors.com\\\/es\\\/vertigo-y-gro-firman-la-mezcla-perfecta\\\/#breadcrumb\",\"itemListElement\":[{\"@type\":\"ListItem\",\"position\":1,\"name\":\"Inicio\",\"item\":\"https:\\\/\\\/www.vertigomotors.com\\\/es\\\/\"},{\"@type\":\"ListItem\",\"position\":2,\"name\":\"VERTIGO Y GRO FIRMAN LA MEZCLA PERFECTA\"}]},{\"@type\":\"WebSite\",\"@id\":\"https:\\\/\\\/www.vertigomotors.com\\\/es\\\/#website\",\"url\":\"https:\\\/\\\/www.vertigomotors.com\\\/es\\\/\",\"name\":\"Vertigo Motors\",\"description\":\"Vertigo Motors\",\"potentialAction\":[{\"@type\":\"SearchAction\",\"target\":{\"@type\":\"EntryPoint\",\"urlTemplate\":\"https:\\\/\\\/www.vertigomotors.com\\\/es\\\/?s={search_term_string}\"},\"query-input\":{\"@type\":\"PropertyValueSpecification\",\"valueRequired\":true,\"valueName\":\"search_term_string\"}}],\"inLanguage\":\"es\"},{\"@type\":\"Person\",\"@id\":\"https:\\\/\\\/www.vertigomotors.com\\\/es\\\/#\\\/schema\\\/person\\\/b719de825398bef0a97e1636813c1f7f\",\"name\":\"c473e4912d\",\"image\":{\"@type\":\"ImageObject\",\"inLanguage\":\"es\",\"@id\":\"https:\\\/\\\/secure.gravatar.com\\\/avatar\\\/5831aec57a392b620b66f2513e656e857a96f1a327a784c56c0b7eefc4468245?s=96&d=mm&r=g\",\"url\":\"https:\\\/\\\/secure.gravatar.com\\\/avatar\\\/5831aec57a392b620b66f2513e656e857a96f1a327a784c56c0b7eefc4468245?s=96&d=mm&r=g\",\"contentUrl\":\"https:\\\/\\\/secure.gravatar.com\\\/avatar\\\/5831aec57a392b620b66f2513e656e857a96f1a327a784c56c0b7eefc4468245?s=96&d=mm&r=g\",\"caption\":\"c473e4912d\"},\"sameAs\":[\"https:\\\/\\\/www.vertigomotors.com\"],\"url\":\"https:\\\/\\\/www.vertigomotors.com\\\/es\\\/author\\\/c473e4912d\\\/\"}]}<\/script>\n<!-- \/ Yoast SEO plugin. -->","yoast_head_json":{"title":"VERTIGO Y GRO FIRMAN LA MEZCLA PERFECTA | Vertigo Motors","robots":{"index":"index","follow":"follow","max-snippet":"max-snippet:-1","max-image-preview":"max-image-preview:large","max-video-preview":"max-video-preview:-1"},"canonical":"https:\/\/www.vertigomotors.com\/es\/vertigo-y-gro-firman-la-mezcla-perfecta\/","og_locale":"es_ES","og_type":"article","og_title":"VERTIGO Y GRO FIRMAN LA MEZCLA PERFECTA | Vertigo Motors","og_description":"Vertigo se congratula de poder anunciar oficialmente el&nbsp;acuerdo alcanzado con GRO (Global Racing Oil), nuevo proveedor de lubricantes para el equipo de f\u00e1brica en el Mundial de TrialGP, para las escuadras nacionales Vertigo en los distintos Campeonatos dom\u00e9sticos y los modelos de producci\u00f3n de la marca.&nbsp;El acuerdo qued\u00f3 ratificado en las oficinas de Vertigo con [&hellip;]","og_url":"https:\/\/www.vertigomotors.com\/es\/vertigo-y-gro-firman-la-mezcla-perfecta\/","og_site_name":"Vertigo Motors","article_published_time":"2020-01-02T15:03:39+00:00","article_modified_time":"2022-04-06T10:44:53+00:00","og_image":[{"width":1500,"height":1123,"url":"https:\/\/www.vertigomotors.com\/wp-content\/uploads\/2020\/01\/vertigo-gro_.jpg","type":"image\/jpeg"}],"author":"c473e4912d","twitter_card":"summary_large_image","twitter_misc":{"Escrito por":"c473e4912d","Tiempo de lectura":"2 minutos"},"schema":{"@context":"https:\/\/schema.org","@graph":[{"@type":"Article","@id":"https:\/\/www.vertigomotors.com\/es\/vertigo-y-gro-firman-la-mezcla-perfecta\/#article","isPartOf":{"@id":"https:\/\/www.vertigomotors.com\/es\/vertigo-y-gro-firman-la-mezcla-perfecta\/"},"author":{"name":"c473e4912d","@id":"https:\/\/www.vertigomotors.com\/es\/#\/schema\/person\/b719de825398bef0a97e1636813c1f7f"},"headline":"VERTIGO Y GRO FIRMAN LA MEZCLA PERFECTA","datePublished":"2020-01-02T15:03:39+00:00","dateModified":"2022-04-06T10:44:53+00:00","mainEntityOfPage":{"@id":"https:\/\/www.vertigomotors.com\/es\/vertigo-y-gro-firman-la-mezcla-perfecta\/"},"wordCount":452,"commentCount":0,"image":{"@id":"https:\/\/www.vertigomotors.com\/es\/vertigo-y-gro-firman-la-mezcla-perfecta\/#primaryimage"},"thumbnailUrl":"https:\/\/www.vertigomotors.com\/wp-content\/uploads\/2020\/01\/vertigo-gro_.jpg","articleSection":["Corporativo"],"inLanguage":"es","potentialAction":[{"@type":"CommentAction","name":"Comment","target":["https:\/\/www.vertigomotors.com\/es\/vertigo-y-gro-firman-la-mezcla-perfecta\/#respond"]}]},{"@type":"WebPage","@id":"https:\/\/www.vertigomotors.com\/es\/vertigo-y-gro-firman-la-mezcla-perfecta\/","url":"https:\/\/www.vertigomotors.com\/es\/vertigo-y-gro-firman-la-mezcla-perfecta\/","name":"VERTIGO Y GRO FIRMAN LA MEZCLA PERFECTA | Vertigo Motors","isPartOf":{"@id":"https:\/\/www.vertigomotors.com\/es\/#website"},"primaryImageOfPage":{"@id":"https:\/\/www.vertigomotors.com\/es\/vertigo-y-gro-firman-la-mezcla-perfecta\/#primaryimage"},"image":{"@id":"https:\/\/www.vertigomotors.com\/es\/vertigo-y-gro-firman-la-mezcla-perfecta\/#primaryimage"},"thumbnailUrl":"https:\/\/www.vertigomotors.com\/wp-content\/uploads\/2020\/01\/vertigo-gro_.jpg","datePublished":"2020-01-02T15:03:39+00:00","dateModified":"2022-04-06T10:44:53+00:00","author":{"@id":"https:\/\/www.vertigomotors.com\/es\/#\/schema\/person\/b719de825398bef0a97e1636813c1f7f"},"breadcrumb":{"@id":"https:\/\/www.vertigomotors.com\/es\/vertigo-y-gro-firman-la-mezcla-perfecta\/#breadcrumb"},"inLanguage":"es","potentialAction":[{"@type":"ReadAction","target":["https:\/\/www.vertigomotors.com\/es\/vertigo-y-gro-firman-la-mezcla-perfecta\/"]}]},{"@type":"ImageObject","inLanguage":"es","@id":"https:\/\/www.vertigomotors.com\/es\/vertigo-y-gro-firman-la-mezcla-perfecta\/#primaryimage","url":"https:\/\/www.vertigomotors.com\/wp-content\/uploads\/2020\/01\/vertigo-gro_.jpg","contentUrl":"https:\/\/www.vertigomotors.com\/wp-content\/uploads\/2020\/01\/vertigo-gro_.jpg","width":1500,"height":1123},{"@type":"BreadcrumbList","@id":"https:\/\/www.vertigomotors.com\/es\/vertigo-y-gro-firman-la-mezcla-perfecta\/#breadcrumb","itemListElement":[{"@type":"ListItem","position":1,"name":"Inicio","item":"https:\/\/www.vertigomotors.com\/es\/"},{"@type":"ListItem","position":2,"name":"VERTIGO Y GRO FIRMAN LA MEZCLA PERFECTA"}]},{"@type":"WebSite","@id":"https:\/\/www.vertigomotors.com\/es\/#website","url":"https:\/\/www.vertigomotors.com\/es\/","name":"Vertigo Motors","description":"Vertigo Motors","potentialAction":[{"@type":"SearchAction","target":{"@type":"EntryPoint","urlTemplate":"https:\/\/www.vertigomotors.com\/es\/?s={search_term_string}"},"query-input":{"@type":"PropertyValueSpecification","valueRequired":true,"valueName":"search_term_string"}}],"inLanguage":"es"},{"@type":"Person","@id":"https:\/\/www.vertigomotors.com\/es\/#\/schema\/person\/b719de825398bef0a97e1636813c1f7f","name":"c473e4912d","image":{"@type":"ImageObject","inLanguage":"es","@id":"https:\/\/secure.gravatar.com\/avatar\/5831aec57a392b620b66f2513e656e857a96f1a327a784c56c0b7eefc4468245?s=96&d=mm&r=g","url":"https:\/\/secure.gravatar.com\/avatar\/5831aec57a392b620b66f2513e656e857a96f1a327a784c56c0b7eefc4468245?s=96&d=mm&r=g","contentUrl":"https:\/\/secure.gravatar.com\/avatar\/5831aec57a392b620b66f2513e656e857a96f1a327a784c56c0b7eefc4468245?s=96&d=mm&r=g","caption":"c473e4912d"},"sameAs":["https:\/\/www.vertigomotors.com"],"url":"https:\/\/www.vertigomotors.com\/es\/author\/c473e4912d\/"}]}},"_links":{"self":[{"href":"https:\/\/www.vertigomotors.com\/es\/wp-json\/wp\/v2\/posts\/4639","targetHints":{"allow":["GET"]}}],"collection":[{"href":"https:\/\/www.vertigomotors.com\/es\/wp-json\/wp\/v2\/posts"}],"about":[{"href":"https:\/\/www.vertigomotors.com\/es\/wp-json\/wp\/v2\/types\/post"}],"author":[{"embeddable":true,"href":"https:\/\/www.vertigomotors.com\/es\/wp-json\/wp\/v2\/users\/1"}],"replies":[{"embeddable":true,"href":"https:\/\/www.vertigomotors.com\/es\/wp-json\/wp\/v2\/comments?post=4639"}],"version-history":[{"count":2,"href":"https:\/\/www.vertigomotors.com\/es\/wp-json\/wp\/v2\/posts\/4639\/revisions"}],"predecessor-version":[{"id":8946,"href":"https:\/\/www.vertigomotors.com\/es\/wp-json\/wp\/v2\/posts\/4639\/revisions\/8946"}],"wp:featuredmedia":[{"embeddable":true,"href":"https:\/\/www.vertigomotors.com\/es\/wp-json\/wp\/v2\/media\/8944"}],"wp:attachment":[{"href":"https:\/\/www.vertigomotors.com\/es\/wp-json\/wp\/v2\/media?parent=4639"}],"wp:term":[{"taxonomy":"category","embeddable":true,"href":"https:\/\/www.vertigomotors.com\/es\/wp-json\/wp\/v2\/categories?post=4639"},{"taxonomy":"post_tag","embeddable":true,"href":"https:\/\/www.vertigomotors.com\/es\/wp-json\/wp\/v2\/tags?post=4639"}],"curies":[{"name":"wp","href":"https:\/\/api.w.org\/{rel}","templated":true}]}}