{"id":4362,"date":"2019-11-21T17:02:45","date_gmt":"2019-11-21T17:02:45","guid":{"rendered":"https:\/\/www.vertigomotors.com\/?p=4362"},"modified":"2022-04-06T10:52:43","modified_gmt":"2022-04-06T10:52:43","slug":"nuevas-vertigo-mini-vandal-2020","status":"publish","type":"post","link":"https:\/\/www.vertigomotors.com\/es\/nuevas-vertigo-mini-vandal-2020\/","title":{"rendered":"NUEVAS VERTIGO MINI VANDAL 2020"},"content":{"rendered":"<p class=\"p1\">Vertigo se enorgullece de poder presentar la nueva Mini Vandal 2020. La moto de trial infantil por excelencia, \u00fanica del mercado con motor 2T de gasolina, llega con tres nuevas versiones, la Vertical, concebida a imagen y semejanza de sus hermanas mayores, la Dougie Lampkin Replica, emulando tambi\u00e9n a la exclusiva motocicleta creada por Vertigo y Dougie Lampkin y finalmente la gran novedad, la Jaime Busto Replica, con una decoraci\u00f3n muy vistosa y completamente diferente a dise\u00f1os anteriores.<\/p>\n<p class=\"p1\">Ideal para los m\u00e1s peque\u00f1os de la familia, la Mini Vandal constituye el veh\u00edculo perfecto para que los campeones del futuro den sus primeros pasos sobre una moto de trial. Los tres modelos estar\u00e1n disponibles en cilindrada de 50cc y llanta 16\u201d.<\/p>\n<p class=\"p1\">Plenamente conscientes del p\u00fablico al cual va dirigido la Mini Vandal, los ingenieros Vertigo han confeccionado una motocicleta capaz de ofrecer diversi\u00f3n y seguridad a partes iguales, garantizando en ambos casos un m\u00e1ximo rendimiento de sus componentes. En t\u00e9rminos de seguridad, estos modelos 2020 presentan interesantes novedades como el protector en el colector de escape o los protectores laterales del chasis, con los que se minimizan los da\u00f1os por golpes e impactos. Los discos de freno contin\u00faan protegidos por sus respectivos protectores y el sistema de paro mediante im\u00e1n se encarga de parar la moto ante cualquier incidente.<\/p>\n<p class=\"p1\">Tambi\u00e9n se le ha otorgado gran importancia al reparto de pesos, logrando crear una motocicleta de solamente 21kg, muy \u00e1gil y con una maniobrabilidad extrema para facilitar al m\u00e1ximo cualquier tipo de movimiento. Las nuevas Mini Vandal llegan adem\u00e1s con un nuevo dep\u00f3sito de gasolina, con m\u00e1s capacidad que el anterior y a diferencia de otros modelos existentes, vienen con unos neum\u00e1ticos exclusivamente dise\u00f1ados para la pr\u00e1ctica del trial. Otro aspecto a destacar es la renovaci\u00f3n del sistema de filtro, con el que se previene por completo la entrada de barro, polvo, agua y otros elementos que puedan causar da\u00f1os en el apartado motor.<\/p>\n<p class=\"p1\">La Mini Vandal escenifica la voluntad de Vertigo para fomentar la pr\u00e1ctica del trial entre los m\u00e1s peque\u00f1os, con una motocicleta est\u00e9ticamente atractiva, divertida y con el ADN de los Campeones de la marca.<\/p>\n<p>Accede a la galer\u00eda de fotos: <a href=\"https:\/\/www.vertigomotors.com\/galeria-mini-vandal-2\/\" target=\"_blank\" rel=\"noopener noreferrer\"><strong>LINK<\/strong><\/a><br \/>\nM\u00e1s informaci\u00f3n sobre las Mini Vandal 2020: <a href=\"https:\/\/www.vertigomotors.com\/mini-vandal-2020\/\" target=\"_blank\" rel=\"noopener noreferrer\"><strong>LINK<\/strong><\/a><\/p>\n","protected":false},"excerpt":{"rendered":"<p>Vertigo se enorgullece de poder presentar la nueva Mini Vandal 2020. La moto de trial infantil por excelencia, \u00fanica del mercado con motor 2T de gasolina, llega con tres nuevas versiones, la Vertical, concebida a imagen y semejanza de sus hermanas mayores, la Dougie Lampkin Replica, emulando tambi\u00e9n a la exclusiva motocicleta creada por Vertigo [&hellip;]<\/p>\n","protected":false},"author":1,"featured_media":8953,"comment_status":"open","ping_status":"open","sticky":false,"template":"","format":"standard","meta":{"_et_pb_use_builder":"","_et_pb_old_content":"","_et_gb_content_width":"","inline_featured_image":false,"footnotes":""},"categories":[105,126],"tags":[],"class_list":["post-4362","post","type-post","status-publish","format-standard","has-post-thumbnail","hentry","category-corporativo","category-sin-categoria"],"yoast_head":"<!-- This site is optimized with the Yoast SEO plugin v27.5 - https:\/\/yoast.com\/product\/yoast-seo-wordpress\/ -->\n<title>NUEVAS VERTIGO MINI VANDAL 2020 | Vertigo Motors<\/title>\n<meta name=\"robots\" content=\"index, follow, max-snippet:-1, max-image-preview:large, max-video-preview:-1\" \/>\n<link rel=\"canonical\" href=\"https:\/\/www.vertigomotors.com\/es\/nuevas-vertigo-mini-vandal-2020\/\" \/>\n<meta property=\"og:locale\" content=\"es_ES\" \/>\n<meta property=\"og:type\" content=\"article\" \/>\n<meta property=\"og:title\" content=\"NUEVAS VERTIGO MINI VANDAL 2020 | Vertigo Motors\" \/>\n<meta property=\"og:description\" content=\"Vertigo se enorgullece de poder presentar la nueva Mini Vandal 2020. La moto de trial infantil por excelencia, \u00fanica del mercado con motor 2T de gasolina, llega con tres nuevas versiones, la Vertical, concebida a imagen y semejanza de sus hermanas mayores, la Dougie Lampkin Replica, emulando tambi\u00e9n a la exclusiva motocicleta creada por Vertigo [&hellip;]\" \/>\n<meta property=\"og:url\" content=\"https:\/\/www.vertigomotors.com\/es\/nuevas-vertigo-mini-vandal-2020\/\" \/>\n<meta property=\"og:site_name\" content=\"Vertigo Motors\" \/>\n<meta property=\"article:published_time\" content=\"2019-11-21T17:02:45+00:00\" \/>\n<meta property=\"article:modified_time\" content=\"2022-04-06T10:52:43+00:00\" \/>\n<meta property=\"og:image\" content=\"https:\/\/www.vertigomotors.com\/wp-content\/uploads\/2019\/11\/1911180025.jpg\" \/>\n\t<meta property=\"og:image:width\" content=\"1500\" \/>\n\t<meta property=\"og:image:height\" content=\"1000\" \/>\n\t<meta property=\"og:image:type\" content=\"image\/jpeg\" \/>\n<meta name=\"author\" content=\"c473e4912d\" \/>\n<meta name=\"twitter:card\" content=\"summary_large_image\" \/>\n<meta name=\"twitter:label1\" content=\"Escrito por\" \/>\n\t<meta name=\"twitter:data1\" content=\"c473e4912d\" \/>\n\t<meta name=\"twitter:label2\" content=\"Tiempo de lectura\" \/>\n\t<meta name=\"twitter:data2\" content=\"2 minutos\" \/>\n<script type=\"application\/ld+json\" class=\"yoast-schema-graph\">{\"@context\":\"https:\\\/\\\/schema.org\",\"@graph\":[{\"@type\":\"Article\",\"@id\":\"https:\\\/\\\/www.vertigomotors.com\\\/es\\\/nuevas-vertigo-mini-vandal-2020\\\/#article\",\"isPartOf\":{\"@id\":\"https:\\\/\\\/www.vertigomotors.com\\\/es\\\/nuevas-vertigo-mini-vandal-2020\\\/\"},\"author\":{\"name\":\"c473e4912d\",\"@id\":\"https:\\\/\\\/www.vertigomotors.com\\\/es\\\/#\\\/schema\\\/person\\\/b719de825398bef0a97e1636813c1f7f\"},\"headline\":\"NUEVAS VERTIGO MINI VANDAL 2020\",\"datePublished\":\"2019-11-21T17:02:45+00:00\",\"dateModified\":\"2022-04-06T10:52:43+00:00\",\"mainEntityOfPage\":{\"@id\":\"https:\\\/\\\/www.vertigomotors.com\\\/es\\\/nuevas-vertigo-mini-vandal-2020\\\/\"},\"wordCount\":402,\"commentCount\":0,\"image\":{\"@id\":\"https:\\\/\\\/www.vertigomotors.com\\\/es\\\/nuevas-vertigo-mini-vandal-2020\\\/#primaryimage\"},\"thumbnailUrl\":\"https:\\\/\\\/www.vertigomotors.com\\\/wp-content\\\/uploads\\\/2019\\\/11\\\/1911180025.jpg\",\"articleSection\":[\"Corporativo\"],\"inLanguage\":\"es\",\"potentialAction\":[{\"@type\":\"CommentAction\",\"name\":\"Comment\",\"target\":[\"https:\\\/\\\/www.vertigomotors.com\\\/es\\\/nuevas-vertigo-mini-vandal-2020\\\/#respond\"]}]},{\"@type\":\"WebPage\",\"@id\":\"https:\\\/\\\/www.vertigomotors.com\\\/es\\\/nuevas-vertigo-mini-vandal-2020\\\/\",\"url\":\"https:\\\/\\\/www.vertigomotors.com\\\/es\\\/nuevas-vertigo-mini-vandal-2020\\\/\",\"name\":\"NUEVAS VERTIGO MINI VANDAL 2020 | Vertigo Motors\",\"isPartOf\":{\"@id\":\"https:\\\/\\\/www.vertigomotors.com\\\/es\\\/#website\"},\"primaryImageOfPage\":{\"@id\":\"https:\\\/\\\/www.vertigomotors.com\\\/es\\\/nuevas-vertigo-mini-vandal-2020\\\/#primaryimage\"},\"image\":{\"@id\":\"https:\\\/\\\/www.vertigomotors.com\\\/es\\\/nuevas-vertigo-mini-vandal-2020\\\/#primaryimage\"},\"thumbnailUrl\":\"https:\\\/\\\/www.vertigomotors.com\\\/wp-content\\\/uploads\\\/2019\\\/11\\\/1911180025.jpg\",\"datePublished\":\"2019-11-21T17:02:45+00:00\",\"dateModified\":\"2022-04-06T10:52:43+00:00\",\"author\":{\"@id\":\"https:\\\/\\\/www.vertigomotors.com\\\/es\\\/#\\\/schema\\\/person\\\/b719de825398bef0a97e1636813c1f7f\"},\"breadcrumb\":{\"@id\":\"https:\\\/\\\/www.vertigomotors.com\\\/es\\\/nuevas-vertigo-mini-vandal-2020\\\/#breadcrumb\"},\"inLanguage\":\"es\",\"potentialAction\":[{\"@type\":\"ReadAction\",\"target\":[\"https:\\\/\\\/www.vertigomotors.com\\\/es\\\/nuevas-vertigo-mini-vandal-2020\\\/\"]}]},{\"@type\":\"ImageObject\",\"inLanguage\":\"es\",\"@id\":\"https:\\\/\\\/www.vertigomotors.com\\\/es\\\/nuevas-vertigo-mini-vandal-2020\\\/#primaryimage\",\"url\":\"https:\\\/\\\/www.vertigomotors.com\\\/wp-content\\\/uploads\\\/2019\\\/11\\\/1911180025.jpg\",\"contentUrl\":\"https:\\\/\\\/www.vertigomotors.com\\\/wp-content\\\/uploads\\\/2019\\\/11\\\/1911180025.jpg\",\"width\":1500,\"height\":1000},{\"@type\":\"BreadcrumbList\",\"@id\":\"https:\\\/\\\/www.vertigomotors.com\\\/es\\\/nuevas-vertigo-mini-vandal-2020\\\/#breadcrumb\",\"itemListElement\":[{\"@type\":\"ListItem\",\"position\":1,\"name\":\"Inicio\",\"item\":\"https:\\\/\\\/www.vertigomotors.com\\\/es\\\/\"},{\"@type\":\"ListItem\",\"position\":2,\"name\":\"NUEVAS VERTIGO MINI VANDAL 2020\"}]},{\"@type\":\"WebSite\",\"@id\":\"https:\\\/\\\/www.vertigomotors.com\\\/es\\\/#website\",\"url\":\"https:\\\/\\\/www.vertigomotors.com\\\/es\\\/\",\"name\":\"Vertigo Motors\",\"description\":\"Vertigo Motors\",\"potentialAction\":[{\"@type\":\"SearchAction\",\"target\":{\"@type\":\"EntryPoint\",\"urlTemplate\":\"https:\\\/\\\/www.vertigomotors.com\\\/es\\\/?s={search_term_string}\"},\"query-input\":{\"@type\":\"PropertyValueSpecification\",\"valueRequired\":true,\"valueName\":\"search_term_string\"}}],\"inLanguage\":\"es\"},{\"@type\":\"Person\",\"@id\":\"https:\\\/\\\/www.vertigomotors.com\\\/es\\\/#\\\/schema\\\/person\\\/b719de825398bef0a97e1636813c1f7f\",\"name\":\"c473e4912d\",\"image\":{\"@type\":\"ImageObject\",\"inLanguage\":\"es\",\"@id\":\"https:\\\/\\\/secure.gravatar.com\\\/avatar\\\/5831aec57a392b620b66f2513e656e857a96f1a327a784c56c0b7eefc4468245?s=96&d=mm&r=g\",\"url\":\"https:\\\/\\\/secure.gravatar.com\\\/avatar\\\/5831aec57a392b620b66f2513e656e857a96f1a327a784c56c0b7eefc4468245?s=96&d=mm&r=g\",\"contentUrl\":\"https:\\\/\\\/secure.gravatar.com\\\/avatar\\\/5831aec57a392b620b66f2513e656e857a96f1a327a784c56c0b7eefc4468245?s=96&d=mm&r=g\",\"caption\":\"c473e4912d\"},\"sameAs\":[\"https:\\\/\\\/www.vertigomotors.com\"],\"url\":\"https:\\\/\\\/www.vertigomotors.com\\\/es\\\/author\\\/c473e4912d\\\/\"}]}<\/script>\n<!-- \/ Yoast SEO plugin. -->","yoast_head_json":{"title":"NUEVAS VERTIGO MINI VANDAL 2020 | Vertigo Motors","robots":{"index":"index","follow":"follow","max-snippet":"max-snippet:-1","max-image-preview":"max-image-preview:large","max-video-preview":"max-video-preview:-1"},"canonical":"https:\/\/www.vertigomotors.com\/es\/nuevas-vertigo-mini-vandal-2020\/","og_locale":"es_ES","og_type":"article","og_title":"NUEVAS VERTIGO MINI VANDAL 2020 | Vertigo Motors","og_description":"Vertigo se enorgullece de poder presentar la nueva Mini Vandal 2020. La moto de trial infantil por excelencia, \u00fanica del mercado con motor 2T de gasolina, llega con tres nuevas versiones, la Vertical, concebida a imagen y semejanza de sus hermanas mayores, la Dougie Lampkin Replica, emulando tambi\u00e9n a la exclusiva motocicleta creada por Vertigo [&hellip;]","og_url":"https:\/\/www.vertigomotors.com\/es\/nuevas-vertigo-mini-vandal-2020\/","og_site_name":"Vertigo Motors","article_published_time":"2019-11-21T17:02:45+00:00","article_modified_time":"2022-04-06T10:52:43+00:00","og_image":[{"width":1500,"height":1000,"url":"https:\/\/www.vertigomotors.com\/wp-content\/uploads\/2019\/11\/1911180025.jpg","type":"image\/jpeg"}],"author":"c473e4912d","twitter_card":"summary_large_image","twitter_misc":{"Escrito por":"c473e4912d","Tiempo de lectura":"2 minutos"},"schema":{"@context":"https:\/\/schema.org","@graph":[{"@type":"Article","@id":"https:\/\/www.vertigomotors.com\/es\/nuevas-vertigo-mini-vandal-2020\/#article","isPartOf":{"@id":"https:\/\/www.vertigomotors.com\/es\/nuevas-vertigo-mini-vandal-2020\/"},"author":{"name":"c473e4912d","@id":"https:\/\/www.vertigomotors.com\/es\/#\/schema\/person\/b719de825398bef0a97e1636813c1f7f"},"headline":"NUEVAS VERTIGO MINI VANDAL 2020","datePublished":"2019-11-21T17:02:45+00:00","dateModified":"2022-04-06T10:52:43+00:00","mainEntityOfPage":{"@id":"https:\/\/www.vertigomotors.com\/es\/nuevas-vertigo-mini-vandal-2020\/"},"wordCount":402,"commentCount":0,"image":{"@id":"https:\/\/www.vertigomotors.com\/es\/nuevas-vertigo-mini-vandal-2020\/#primaryimage"},"thumbnailUrl":"https:\/\/www.vertigomotors.com\/wp-content\/uploads\/2019\/11\/1911180025.jpg","articleSection":["Corporativo"],"inLanguage":"es","potentialAction":[{"@type":"CommentAction","name":"Comment","target":["https:\/\/www.vertigomotors.com\/es\/nuevas-vertigo-mini-vandal-2020\/#respond"]}]},{"@type":"WebPage","@id":"https:\/\/www.vertigomotors.com\/es\/nuevas-vertigo-mini-vandal-2020\/","url":"https:\/\/www.vertigomotors.com\/es\/nuevas-vertigo-mini-vandal-2020\/","name":"NUEVAS VERTIGO MINI VANDAL 2020 | Vertigo Motors","isPartOf":{"@id":"https:\/\/www.vertigomotors.com\/es\/#website"},"primaryImageOfPage":{"@id":"https:\/\/www.vertigomotors.com\/es\/nuevas-vertigo-mini-vandal-2020\/#primaryimage"},"image":{"@id":"https:\/\/www.vertigomotors.com\/es\/nuevas-vertigo-mini-vandal-2020\/#primaryimage"},"thumbnailUrl":"https:\/\/www.vertigomotors.com\/wp-content\/uploads\/2019\/11\/1911180025.jpg","datePublished":"2019-11-21T17:02:45+00:00","dateModified":"2022-04-06T10:52:43+00:00","author":{"@id":"https:\/\/www.vertigomotors.com\/es\/#\/schema\/person\/b719de825398bef0a97e1636813c1f7f"},"breadcrumb":{"@id":"https:\/\/www.vertigomotors.com\/es\/nuevas-vertigo-mini-vandal-2020\/#breadcrumb"},"inLanguage":"es","potentialAction":[{"@type":"ReadAction","target":["https:\/\/www.vertigomotors.com\/es\/nuevas-vertigo-mini-vandal-2020\/"]}]},{"@type":"ImageObject","inLanguage":"es","@id":"https:\/\/www.vertigomotors.com\/es\/nuevas-vertigo-mini-vandal-2020\/#primaryimage","url":"https:\/\/www.vertigomotors.com\/wp-content\/uploads\/2019\/11\/1911180025.jpg","contentUrl":"https:\/\/www.vertigomotors.com\/wp-content\/uploads\/2019\/11\/1911180025.jpg","width":1500,"height":1000},{"@type":"BreadcrumbList","@id":"https:\/\/www.vertigomotors.com\/es\/nuevas-vertigo-mini-vandal-2020\/#breadcrumb","itemListElement":[{"@type":"ListItem","position":1,"name":"Inicio","item":"https:\/\/www.vertigomotors.com\/es\/"},{"@type":"ListItem","position":2,"name":"NUEVAS VERTIGO MINI VANDAL 2020"}]},{"@type":"WebSite","@id":"https:\/\/www.vertigomotors.com\/es\/#website","url":"https:\/\/www.vertigomotors.com\/es\/","name":"Vertigo Motors","description":"Vertigo Motors","potentialAction":[{"@type":"SearchAction","target":{"@type":"EntryPoint","urlTemplate":"https:\/\/www.vertigomotors.com\/es\/?s={search_term_string}"},"query-input":{"@type":"PropertyValueSpecification","valueRequired":true,"valueName":"search_term_string"}}],"inLanguage":"es"},{"@type":"Person","@id":"https:\/\/www.vertigomotors.com\/es\/#\/schema\/person\/b719de825398bef0a97e1636813c1f7f","name":"c473e4912d","image":{"@type":"ImageObject","inLanguage":"es","@id":"https:\/\/secure.gravatar.com\/avatar\/5831aec57a392b620b66f2513e656e857a96f1a327a784c56c0b7eefc4468245?s=96&d=mm&r=g","url":"https:\/\/secure.gravatar.com\/avatar\/5831aec57a392b620b66f2513e656e857a96f1a327a784c56c0b7eefc4468245?s=96&d=mm&r=g","contentUrl":"https:\/\/secure.gravatar.com\/avatar\/5831aec57a392b620b66f2513e656e857a96f1a327a784c56c0b7eefc4468245?s=96&d=mm&r=g","caption":"c473e4912d"},"sameAs":["https:\/\/www.vertigomotors.com"],"url":"https:\/\/www.vertigomotors.com\/es\/author\/c473e4912d\/"}]}},"_links":{"self":[{"href":"https:\/\/www.vertigomotors.com\/es\/wp-json\/wp\/v2\/posts\/4362","targetHints":{"allow":["GET"]}}],"collection":[{"href":"https:\/\/www.vertigomotors.com\/es\/wp-json\/wp\/v2\/posts"}],"about":[{"href":"https:\/\/www.vertigomotors.com\/es\/wp-json\/wp\/v2\/types\/post"}],"author":[{"embeddable":true,"href":"https:\/\/www.vertigomotors.com\/es\/wp-json\/wp\/v2\/users\/1"}],"replies":[{"embeddable":true,"href":"https:\/\/www.vertigomotors.com\/es\/wp-json\/wp\/v2\/comments?post=4362"}],"version-history":[{"count":1,"href":"https:\/\/www.vertigomotors.com\/es\/wp-json\/wp\/v2\/posts\/4362\/revisions"}],"predecessor-version":[{"id":8508,"href":"https:\/\/www.vertigomotors.com\/es\/wp-json\/wp\/v2\/posts\/4362\/revisions\/8508"}],"wp:featuredmedia":[{"embeddable":true,"href":"https:\/\/www.vertigomotors.com\/es\/wp-json\/wp\/v2\/media\/8953"}],"wp:attachment":[{"href":"https:\/\/www.vertigomotors.com\/es\/wp-json\/wp\/v2\/media?parent=4362"}],"wp:term":[{"taxonomy":"category","embeddable":true,"href":"https:\/\/www.vertigomotors.com\/es\/wp-json\/wp\/v2\/categories?post=4362"},{"taxonomy":"post_tag","embeddable":true,"href":"https:\/\/www.vertigomotors.com\/es\/wp-json\/wp\/v2\/tags?post=4362"}],"curies":[{"name":"wp","href":"https:\/\/api.w.org\/{rel}","templated":true}]}}