{"id":4352,"date":"2019-11-18T07:39:52","date_gmt":"2019-11-18T07:39:52","guid":{"rendered":"https:\/\/www.vertigomotors.com\/?p=4352"},"modified":"2022-04-06T10:57:37","modified_gmt":"2022-04-06T10:57:37","slug":"podio-para-jaime-busto-en-el-x-trial-de-la-isla-de-la-reunion-gelabert-termina-4o","status":"publish","type":"post","link":"https:\/\/www.vertigomotors.com\/es\/podio-para-jaime-busto-en-el-x-trial-de-la-isla-de-la-reunion-gelabert-termina-4o\/","title":{"rendered":"PODIO PARA JAIME BUSTO EN EL X-TRIAL DE LA ISLA DE LA REUNI\u00d3N, GELABERT TERMINA 4\u00ba"},"content":{"rendered":"<p>La Isla de la Reuni\u00f3n acogi\u00f3 la primera prueba del Campeonato del Mundo X-Trial 2020, siendo esta la primera vez en la historia de la competici\u00f3n que la carrera inaugural se disputaba fuera del Continente Europeo. M\u00e1s de 3.500 espectadores llenaron el pabell\u00f3n Jean Ivoula de Sant Denis para vibrar con el espect\u00e1culo del X-Trial, un espect\u00e1culo en el que jugaron un papel muy importante tanto Jaime Busto, 3\u00ba, como&nbsp;Miquel Gelabert, 4\u00ba, ambos debutando en competici\u00f3n indoor con Vertigo.<br \/>\nEl primero de los dos en afrontar las zonas fue Miquel Gelabert, que lo hizo como el tercer piloto del primer grupo logrando una s\u00f3lida ronda con 16 puntos, lo que le permiti\u00f3 pasar el corte en 6\u00ba lugar. Jaime Busto fue el encargado de cerrar la actuaci\u00f3n del segundo tr\u00edo de pilotos, asegur\u00e1ndose el pase a semifinales en 4\u00ba lugar tras penalizar solamente 9 pies. En la segunda ronda Gelabert volver\u00eda a competir en el primero de los grupos, acabando con 17 puntos y logrando el pase para la final por el tercer y cuarto puesto en segundo lugar. Jaime Busto se uni\u00f3 a Gelabert justo despu\u00e9s al lograr el pase tras materializar una vuelta con 12 penalizaciones.<br \/>\nAmbos pilotos, debutantes en un X-Trial con Vertigo, regalaron una final muy emocionante para decidir qui\u00e9n sub\u00eda al tercer puesto del trial. A los mandos de la Vertical 2020 finalmente fue Busto qui\u00e9n se llev\u00f3 el premio, sum\u00f3 solamente 2 puntos por los 5 que marc\u00f3 su&nbsp;compa\u00f1ero Miquel Gelabert, que demostr\u00f3 una adaptaci\u00f3n muy efectiva a&nbsp;su nueva Vertical consumando una actuaci\u00f3n sensacional para cerrar su debut con un gran 4\u00ba puesto.<br \/>\nLa pr\u00f3xima prueba del Mundial de X-Trial se celebrar\u00e1 en Rennes, Francia, este pr\u00f3ximo s\u00e1bado d\u00eda 23 de noviembre.<br \/>\n<img loading=\"lazy\" decoding=\"async\" class=\"aligncenter size-full wp-image-4353\" src=\"http:\/\/www.vertigomotors.com\/wp-content\/uploads\/2019\/11\/106043_Foto.1573946841.jpg\" alt=\"\" width=\"1400\" height=\"933\"><\/p>\n<div id=\"attachment_4354\" style=\"width: 1410px\" class=\"wp-caption aligncenter\"><img loading=\"lazy\" decoding=\"async\" aria-describedby=\"caption-attachment-4354\" class=\"wp-image-4354 size-full\" src=\"http:\/\/www.vertigomotors.com\/wp-content\/uploads\/2019\/11\/100947_Foto.1573938470.jpg\" alt=\"\" width=\"1400\" height=\"933\"><p id=\"caption-attachment-4354\" class=\"wp-caption-text\">Fotos: X-Trial.com<\/p><\/div>\n","protected":false},"excerpt":{"rendered":"<p>La Isla de la Reuni\u00f3n acogi\u00f3 la primera prueba del Campeonato del Mundo X-Trial 2020, siendo esta la primera vez en la historia de la competici\u00f3n que la carrera inaugural se disputaba fuera del Continente Europeo. M\u00e1s de 3.500 espectadores llenaron el pabell\u00f3n Jean Ivoula de Sant Denis para vibrar con el espect\u00e1culo del X-Trial, [&hellip;]<\/p>\n","protected":false},"author":1,"featured_media":8956,"comment_status":"open","ping_status":"open","sticky":false,"template":"","format":"standard","meta":{"_et_pb_use_builder":"","_et_pb_old_content":"","_et_gb_content_width":"","inline_featured_image":false,"footnotes":""},"categories":[105,126],"tags":[],"class_list":["post-4352","post","type-post","status-publish","format-standard","has-post-thumbnail","hentry","category-corporativo","category-sin-categoria"],"yoast_head":"<!-- This site is optimized with the Yoast SEO plugin v27.5 - https:\/\/yoast.com\/product\/yoast-seo-wordpress\/ -->\n<title>PODIO PARA JAIME BUSTO EN EL X-TRIAL DE LA ISLA DE LA REUNI\u00d3N, GELABERT TERMINA 4\u00ba | Vertigo Motors<\/title>\n<meta name=\"robots\" content=\"index, follow, max-snippet:-1, max-image-preview:large, max-video-preview:-1\" \/>\n<link rel=\"canonical\" href=\"https:\/\/www.vertigomotors.com\/es\/podio-para-jaime-busto-en-el-x-trial-de-la-isla-de-la-reunion-gelabert-termina-4o\/\" \/>\n<meta property=\"og:locale\" content=\"es_ES\" \/>\n<meta property=\"og:type\" content=\"article\" \/>\n<meta property=\"og:title\" content=\"PODIO PARA JAIME BUSTO EN EL X-TRIAL DE LA ISLA DE LA REUNI\u00d3N, GELABERT TERMINA 4\u00ba | Vertigo Motors\" \/>\n<meta property=\"og:description\" content=\"La Isla de la Reuni\u00f3n acogi\u00f3 la primera prueba del Campeonato del Mundo X-Trial 2020, siendo esta la primera vez en la historia de la competici\u00f3n que la carrera inaugural se disputaba fuera del Continente Europeo. M\u00e1s de 3.500 espectadores llenaron el pabell\u00f3n Jean Ivoula de Sant Denis para vibrar con el espect\u00e1culo del X-Trial, [&hellip;]\" \/>\n<meta property=\"og:url\" content=\"https:\/\/www.vertigomotors.com\/es\/podio-para-jaime-busto-en-el-x-trial-de-la-isla-de-la-reunion-gelabert-termina-4o\/\" \/>\n<meta property=\"og:site_name\" content=\"Vertigo Motors\" \/>\n<meta property=\"article:published_time\" content=\"2019-11-18T07:39:52+00:00\" \/>\n<meta property=\"article:modified_time\" content=\"2022-04-06T10:57:37+00:00\" \/>\n<meta property=\"og:image\" content=\"https:\/\/www.vertigomotors.com\/wp-content\/uploads\/2019\/11\/106038_Foto.1573946898.jpg\" \/>\n\t<meta property=\"og:image:width\" content=\"1400\" \/>\n\t<meta property=\"og:image:height\" content=\"933\" \/>\n\t<meta property=\"og:image:type\" content=\"image\/jpeg\" \/>\n<meta name=\"author\" content=\"c473e4912d\" \/>\n<meta name=\"twitter:card\" content=\"summary_large_image\" \/>\n<meta name=\"twitter:label1\" content=\"Escrito por\" \/>\n\t<meta name=\"twitter:data1\" content=\"c473e4912d\" \/>\n\t<meta name=\"twitter:label2\" content=\"Tiempo de lectura\" \/>\n\t<meta name=\"twitter:data2\" content=\"2 minutos\" \/>\n<script type=\"application\/ld+json\" class=\"yoast-schema-graph\">{\"@context\":\"https:\\\/\\\/schema.org\",\"@graph\":[{\"@type\":\"Article\",\"@id\":\"https:\\\/\\\/www.vertigomotors.com\\\/es\\\/podio-para-jaime-busto-en-el-x-trial-de-la-isla-de-la-reunion-gelabert-termina-4o\\\/#article\",\"isPartOf\":{\"@id\":\"https:\\\/\\\/www.vertigomotors.com\\\/es\\\/podio-para-jaime-busto-en-el-x-trial-de-la-isla-de-la-reunion-gelabert-termina-4o\\\/\"},\"author\":{\"name\":\"c473e4912d\",\"@id\":\"https:\\\/\\\/www.vertigomotors.com\\\/es\\\/#\\\/schema\\\/person\\\/b719de825398bef0a97e1636813c1f7f\"},\"headline\":\"PODIO PARA JAIME BUSTO EN EL X-TRIAL DE LA ISLA DE LA REUNI\u00d3N, GELABERT TERMINA 4\u00ba\",\"datePublished\":\"2019-11-18T07:39:52+00:00\",\"dateModified\":\"2022-04-06T10:57:37+00:00\",\"mainEntityOfPage\":{\"@id\":\"https:\\\/\\\/www.vertigomotors.com\\\/es\\\/podio-para-jaime-busto-en-el-x-trial-de-la-isla-de-la-reunion-gelabert-termina-4o\\\/\"},\"wordCount\":328,\"commentCount\":0,\"image\":{\"@id\":\"https:\\\/\\\/www.vertigomotors.com\\\/es\\\/podio-para-jaime-busto-en-el-x-trial-de-la-isla-de-la-reunion-gelabert-termina-4o\\\/#primaryimage\"},\"thumbnailUrl\":\"https:\\\/\\\/www.vertigomotors.com\\\/wp-content\\\/uploads\\\/2019\\\/11\\\/106038_Foto.1573946898.jpg\",\"articleSection\":[\"Corporativo\"],\"inLanguage\":\"es\",\"potentialAction\":[{\"@type\":\"CommentAction\",\"name\":\"Comment\",\"target\":[\"https:\\\/\\\/www.vertigomotors.com\\\/es\\\/podio-para-jaime-busto-en-el-x-trial-de-la-isla-de-la-reunion-gelabert-termina-4o\\\/#respond\"]}]},{\"@type\":\"WebPage\",\"@id\":\"https:\\\/\\\/www.vertigomotors.com\\\/es\\\/podio-para-jaime-busto-en-el-x-trial-de-la-isla-de-la-reunion-gelabert-termina-4o\\\/\",\"url\":\"https:\\\/\\\/www.vertigomotors.com\\\/es\\\/podio-para-jaime-busto-en-el-x-trial-de-la-isla-de-la-reunion-gelabert-termina-4o\\\/\",\"name\":\"PODIO PARA JAIME BUSTO EN EL X-TRIAL DE LA ISLA DE LA REUNI\u00d3N, GELABERT TERMINA 4\u00ba | Vertigo Motors\",\"isPartOf\":{\"@id\":\"https:\\\/\\\/www.vertigomotors.com\\\/es\\\/#website\"},\"primaryImageOfPage\":{\"@id\":\"https:\\\/\\\/www.vertigomotors.com\\\/es\\\/podio-para-jaime-busto-en-el-x-trial-de-la-isla-de-la-reunion-gelabert-termina-4o\\\/#primaryimage\"},\"image\":{\"@id\":\"https:\\\/\\\/www.vertigomotors.com\\\/es\\\/podio-para-jaime-busto-en-el-x-trial-de-la-isla-de-la-reunion-gelabert-termina-4o\\\/#primaryimage\"},\"thumbnailUrl\":\"https:\\\/\\\/www.vertigomotors.com\\\/wp-content\\\/uploads\\\/2019\\\/11\\\/106038_Foto.1573946898.jpg\",\"datePublished\":\"2019-11-18T07:39:52+00:00\",\"dateModified\":\"2022-04-06T10:57:37+00:00\",\"author\":{\"@id\":\"https:\\\/\\\/www.vertigomotors.com\\\/es\\\/#\\\/schema\\\/person\\\/b719de825398bef0a97e1636813c1f7f\"},\"breadcrumb\":{\"@id\":\"https:\\\/\\\/www.vertigomotors.com\\\/es\\\/podio-para-jaime-busto-en-el-x-trial-de-la-isla-de-la-reunion-gelabert-termina-4o\\\/#breadcrumb\"},\"inLanguage\":\"es\",\"potentialAction\":[{\"@type\":\"ReadAction\",\"target\":[\"https:\\\/\\\/www.vertigomotors.com\\\/es\\\/podio-para-jaime-busto-en-el-x-trial-de-la-isla-de-la-reunion-gelabert-termina-4o\\\/\"]}]},{\"@type\":\"ImageObject\",\"inLanguage\":\"es\",\"@id\":\"https:\\\/\\\/www.vertigomotors.com\\\/es\\\/podio-para-jaime-busto-en-el-x-trial-de-la-isla-de-la-reunion-gelabert-termina-4o\\\/#primaryimage\",\"url\":\"https:\\\/\\\/www.vertigomotors.com\\\/wp-content\\\/uploads\\\/2019\\\/11\\\/106038_Foto.1573946898.jpg\",\"contentUrl\":\"https:\\\/\\\/www.vertigomotors.com\\\/wp-content\\\/uploads\\\/2019\\\/11\\\/106038_Foto.1573946898.jpg\",\"width\":1400,\"height\":933},{\"@type\":\"BreadcrumbList\",\"@id\":\"https:\\\/\\\/www.vertigomotors.com\\\/es\\\/podio-para-jaime-busto-en-el-x-trial-de-la-isla-de-la-reunion-gelabert-termina-4o\\\/#breadcrumb\",\"itemListElement\":[{\"@type\":\"ListItem\",\"position\":1,\"name\":\"Inicio\",\"item\":\"https:\\\/\\\/www.vertigomotors.com\\\/es\\\/\"},{\"@type\":\"ListItem\",\"position\":2,\"name\":\"PODIO PARA JAIME BUSTO EN EL X-TRIAL DE LA ISLA DE LA REUNI\u00d3N, GELABERT TERMINA 4\u00ba\"}]},{\"@type\":\"WebSite\",\"@id\":\"https:\\\/\\\/www.vertigomotors.com\\\/es\\\/#website\",\"url\":\"https:\\\/\\\/www.vertigomotors.com\\\/es\\\/\",\"name\":\"Vertigo Motors\",\"description\":\"Vertigo Motors\",\"potentialAction\":[{\"@type\":\"SearchAction\",\"target\":{\"@type\":\"EntryPoint\",\"urlTemplate\":\"https:\\\/\\\/www.vertigomotors.com\\\/es\\\/?s={search_term_string}\"},\"query-input\":{\"@type\":\"PropertyValueSpecification\",\"valueRequired\":true,\"valueName\":\"search_term_string\"}}],\"inLanguage\":\"es\"},{\"@type\":\"Person\",\"@id\":\"https:\\\/\\\/www.vertigomotors.com\\\/es\\\/#\\\/schema\\\/person\\\/b719de825398bef0a97e1636813c1f7f\",\"name\":\"c473e4912d\",\"image\":{\"@type\":\"ImageObject\",\"inLanguage\":\"es\",\"@id\":\"https:\\\/\\\/secure.gravatar.com\\\/avatar\\\/5831aec57a392b620b66f2513e656e857a96f1a327a784c56c0b7eefc4468245?s=96&d=mm&r=g\",\"url\":\"https:\\\/\\\/secure.gravatar.com\\\/avatar\\\/5831aec57a392b620b66f2513e656e857a96f1a327a784c56c0b7eefc4468245?s=96&d=mm&r=g\",\"contentUrl\":\"https:\\\/\\\/secure.gravatar.com\\\/avatar\\\/5831aec57a392b620b66f2513e656e857a96f1a327a784c56c0b7eefc4468245?s=96&d=mm&r=g\",\"caption\":\"c473e4912d\"},\"sameAs\":[\"https:\\\/\\\/www.vertigomotors.com\"],\"url\":\"https:\\\/\\\/www.vertigomotors.com\\\/es\\\/author\\\/c473e4912d\\\/\"}]}<\/script>\n<!-- \/ Yoast SEO plugin. -->","yoast_head_json":{"title":"PODIO PARA JAIME BUSTO EN EL X-TRIAL DE LA ISLA DE LA REUNI\u00d3N, GELABERT TERMINA 4\u00ba | Vertigo Motors","robots":{"index":"index","follow":"follow","max-snippet":"max-snippet:-1","max-image-preview":"max-image-preview:large","max-video-preview":"max-video-preview:-1"},"canonical":"https:\/\/www.vertigomotors.com\/es\/podio-para-jaime-busto-en-el-x-trial-de-la-isla-de-la-reunion-gelabert-termina-4o\/","og_locale":"es_ES","og_type":"article","og_title":"PODIO PARA JAIME BUSTO EN EL X-TRIAL DE LA ISLA DE LA REUNI\u00d3N, GELABERT TERMINA 4\u00ba | Vertigo Motors","og_description":"La Isla de la Reuni\u00f3n acogi\u00f3 la primera prueba del Campeonato del Mundo X-Trial 2020, siendo esta la primera vez en la historia de la competici\u00f3n que la carrera inaugural se disputaba fuera del Continente Europeo. M\u00e1s de 3.500 espectadores llenaron el pabell\u00f3n Jean Ivoula de Sant Denis para vibrar con el espect\u00e1culo del X-Trial, [&hellip;]","og_url":"https:\/\/www.vertigomotors.com\/es\/podio-para-jaime-busto-en-el-x-trial-de-la-isla-de-la-reunion-gelabert-termina-4o\/","og_site_name":"Vertigo Motors","article_published_time":"2019-11-18T07:39:52+00:00","article_modified_time":"2022-04-06T10:57:37+00:00","og_image":[{"width":1400,"height":933,"url":"https:\/\/www.vertigomotors.com\/wp-content\/uploads\/2019\/11\/106038_Foto.1573946898.jpg","type":"image\/jpeg"}],"author":"c473e4912d","twitter_card":"summary_large_image","twitter_misc":{"Escrito por":"c473e4912d","Tiempo de lectura":"2 minutos"},"schema":{"@context":"https:\/\/schema.org","@graph":[{"@type":"Article","@id":"https:\/\/www.vertigomotors.com\/es\/podio-para-jaime-busto-en-el-x-trial-de-la-isla-de-la-reunion-gelabert-termina-4o\/#article","isPartOf":{"@id":"https:\/\/www.vertigomotors.com\/es\/podio-para-jaime-busto-en-el-x-trial-de-la-isla-de-la-reunion-gelabert-termina-4o\/"},"author":{"name":"c473e4912d","@id":"https:\/\/www.vertigomotors.com\/es\/#\/schema\/person\/b719de825398bef0a97e1636813c1f7f"},"headline":"PODIO PARA JAIME BUSTO EN EL X-TRIAL DE LA ISLA DE LA REUNI\u00d3N, GELABERT TERMINA 4\u00ba","datePublished":"2019-11-18T07:39:52+00:00","dateModified":"2022-04-06T10:57:37+00:00","mainEntityOfPage":{"@id":"https:\/\/www.vertigomotors.com\/es\/podio-para-jaime-busto-en-el-x-trial-de-la-isla-de-la-reunion-gelabert-termina-4o\/"},"wordCount":328,"commentCount":0,"image":{"@id":"https:\/\/www.vertigomotors.com\/es\/podio-para-jaime-busto-en-el-x-trial-de-la-isla-de-la-reunion-gelabert-termina-4o\/#primaryimage"},"thumbnailUrl":"https:\/\/www.vertigomotors.com\/wp-content\/uploads\/2019\/11\/106038_Foto.1573946898.jpg","articleSection":["Corporativo"],"inLanguage":"es","potentialAction":[{"@type":"CommentAction","name":"Comment","target":["https:\/\/www.vertigomotors.com\/es\/podio-para-jaime-busto-en-el-x-trial-de-la-isla-de-la-reunion-gelabert-termina-4o\/#respond"]}]},{"@type":"WebPage","@id":"https:\/\/www.vertigomotors.com\/es\/podio-para-jaime-busto-en-el-x-trial-de-la-isla-de-la-reunion-gelabert-termina-4o\/","url":"https:\/\/www.vertigomotors.com\/es\/podio-para-jaime-busto-en-el-x-trial-de-la-isla-de-la-reunion-gelabert-termina-4o\/","name":"PODIO PARA JAIME BUSTO EN EL X-TRIAL DE LA ISLA DE LA REUNI\u00d3N, GELABERT TERMINA 4\u00ba | Vertigo Motors","isPartOf":{"@id":"https:\/\/www.vertigomotors.com\/es\/#website"},"primaryImageOfPage":{"@id":"https:\/\/www.vertigomotors.com\/es\/podio-para-jaime-busto-en-el-x-trial-de-la-isla-de-la-reunion-gelabert-termina-4o\/#primaryimage"},"image":{"@id":"https:\/\/www.vertigomotors.com\/es\/podio-para-jaime-busto-en-el-x-trial-de-la-isla-de-la-reunion-gelabert-termina-4o\/#primaryimage"},"thumbnailUrl":"https:\/\/www.vertigomotors.com\/wp-content\/uploads\/2019\/11\/106038_Foto.1573946898.jpg","datePublished":"2019-11-18T07:39:52+00:00","dateModified":"2022-04-06T10:57:37+00:00","author":{"@id":"https:\/\/www.vertigomotors.com\/es\/#\/schema\/person\/b719de825398bef0a97e1636813c1f7f"},"breadcrumb":{"@id":"https:\/\/www.vertigomotors.com\/es\/podio-para-jaime-busto-en-el-x-trial-de-la-isla-de-la-reunion-gelabert-termina-4o\/#breadcrumb"},"inLanguage":"es","potentialAction":[{"@type":"ReadAction","target":["https:\/\/www.vertigomotors.com\/es\/podio-para-jaime-busto-en-el-x-trial-de-la-isla-de-la-reunion-gelabert-termina-4o\/"]}]},{"@type":"ImageObject","inLanguage":"es","@id":"https:\/\/www.vertigomotors.com\/es\/podio-para-jaime-busto-en-el-x-trial-de-la-isla-de-la-reunion-gelabert-termina-4o\/#primaryimage","url":"https:\/\/www.vertigomotors.com\/wp-content\/uploads\/2019\/11\/106038_Foto.1573946898.jpg","contentUrl":"https:\/\/www.vertigomotors.com\/wp-content\/uploads\/2019\/11\/106038_Foto.1573946898.jpg","width":1400,"height":933},{"@type":"BreadcrumbList","@id":"https:\/\/www.vertigomotors.com\/es\/podio-para-jaime-busto-en-el-x-trial-de-la-isla-de-la-reunion-gelabert-termina-4o\/#breadcrumb","itemListElement":[{"@type":"ListItem","position":1,"name":"Inicio","item":"https:\/\/www.vertigomotors.com\/es\/"},{"@type":"ListItem","position":2,"name":"PODIO PARA JAIME BUSTO EN EL X-TRIAL DE LA ISLA DE LA REUNI\u00d3N, GELABERT TERMINA 4\u00ba"}]},{"@type":"WebSite","@id":"https:\/\/www.vertigomotors.com\/es\/#website","url":"https:\/\/www.vertigomotors.com\/es\/","name":"Vertigo Motors","description":"Vertigo Motors","potentialAction":[{"@type":"SearchAction","target":{"@type":"EntryPoint","urlTemplate":"https:\/\/www.vertigomotors.com\/es\/?s={search_term_string}"},"query-input":{"@type":"PropertyValueSpecification","valueRequired":true,"valueName":"search_term_string"}}],"inLanguage":"es"},{"@type":"Person","@id":"https:\/\/www.vertigomotors.com\/es\/#\/schema\/person\/b719de825398bef0a97e1636813c1f7f","name":"c473e4912d","image":{"@type":"ImageObject","inLanguage":"es","@id":"https:\/\/secure.gravatar.com\/avatar\/5831aec57a392b620b66f2513e656e857a96f1a327a784c56c0b7eefc4468245?s=96&d=mm&r=g","url":"https:\/\/secure.gravatar.com\/avatar\/5831aec57a392b620b66f2513e656e857a96f1a327a784c56c0b7eefc4468245?s=96&d=mm&r=g","contentUrl":"https:\/\/secure.gravatar.com\/avatar\/5831aec57a392b620b66f2513e656e857a96f1a327a784c56c0b7eefc4468245?s=96&d=mm&r=g","caption":"c473e4912d"},"sameAs":["https:\/\/www.vertigomotors.com"],"url":"https:\/\/www.vertigomotors.com\/es\/author\/c473e4912d\/"}]}},"_links":{"self":[{"href":"https:\/\/www.vertigomotors.com\/es\/wp-json\/wp\/v2\/posts\/4352","targetHints":{"allow":["GET"]}}],"collection":[{"href":"https:\/\/www.vertigomotors.com\/es\/wp-json\/wp\/v2\/posts"}],"about":[{"href":"https:\/\/www.vertigomotors.com\/es\/wp-json\/wp\/v2\/types\/post"}],"author":[{"embeddable":true,"href":"https:\/\/www.vertigomotors.com\/es\/wp-json\/wp\/v2\/users\/1"}],"replies":[{"embeddable":true,"href":"https:\/\/www.vertigomotors.com\/es\/wp-json\/wp\/v2\/comments?post=4352"}],"version-history":[{"count":3,"href":"https:\/\/www.vertigomotors.com\/es\/wp-json\/wp\/v2\/posts\/4352\/revisions"}],"predecessor-version":[{"id":8960,"href":"https:\/\/www.vertigomotors.com\/es\/wp-json\/wp\/v2\/posts\/4352\/revisions\/8960"}],"wp:featuredmedia":[{"embeddable":true,"href":"https:\/\/www.vertigomotors.com\/es\/wp-json\/wp\/v2\/media\/8956"}],"wp:attachment":[{"href":"https:\/\/www.vertigomotors.com\/es\/wp-json\/wp\/v2\/media?parent=4352"}],"wp:term":[{"taxonomy":"category","embeddable":true,"href":"https:\/\/www.vertigomotors.com\/es\/wp-json\/wp\/v2\/categories?post=4352"},{"taxonomy":"post_tag","embeddable":true,"href":"https:\/\/www.vertigomotors.com\/es\/wp-json\/wp\/v2\/tags?post=4352"}],"curies":[{"name":"wp","href":"https:\/\/api.w.org\/{rel}","templated":true}]}}